{"id":1074785,"date":"2025-11-17T21:24:47","date_gmt":"2025-11-17T21:24:47","guid":{"rendered":"https:\/\/dimensionturistica.com\/es\/?p=1074785"},"modified":"2025-11-17T21:24:47","modified_gmt":"2025-11-17T21:24:47","slug":"la-arquitectura-verde-como-urgencia-y-construir-ciudades-que-convivan-con-la-naturaleza","status":"publish","type":"post","link":"https:\/\/dimensionturistica.com\/es\/la-arquitectura-verde-como-urgencia-y-construir-ciudades-que-convivan-con-la-naturaleza\/","title":{"rendered":"La arquitectura verde como urgencia y construir ciudades que convivan con la naturaleza"},"content":{"rendered":"\n<figure class=\"wp-block-gallery has-nested-images columns-default is-cropped wp-block-gallery-1 is-layout-flex wp-block-gallery-is-layout-flex\">\n<figure class=\"wp-block-image size-large\"><img decoding=\"async\" width=\"500\" height=\"439\" data-id=\"1074792\" src=\"https:\/\/dimensionturistica.com\/es\/wp-content\/uploads\/2025\/11\/OWENS.jpg\" alt=\"\" class=\"wp-image-1074792\" srcset=\"https:\/\/dimensionturistica.com\/es\/wp-content\/uploads\/2025\/11\/OWENS.jpg 500w, https:\/\/dimensionturistica.com\/es\/wp-content\/uploads\/2025\/11\/OWENS-300x263.jpg 300w\" sizes=\"(max-width: 500px) 100vw, 500px\" \/><\/figure>\n<\/figure>\n\n\n\n<p>La XI edici\u00f3n del Foro Owens Corning 2025, celebrada en el WTC Ciudad de M\u00e9xico, puso en el centro del debate una pregunta contundente<\/p>\n\n\n\n<p>\u00bfc\u00f3mo dise\u00f1ar y construir ciudades que no agoten los recursos naturales, sino que los regeneren?<\/p>\n\n\n\n<figure class=\"wp-block-gallery has-nested-images columns-default is-cropped wp-block-gallery-2 is-layout-flex wp-block-gallery-is-layout-flex\">\n<figure class=\"wp-block-image size-large\"><img decoding=\"async\" width=\"500\" height=\"666\" data-id=\"1074795\" src=\"https:\/\/dimensionturistica.com\/es\/wp-content\/uploads\/2025\/11\/7INGE.jpg\" alt=\"\" class=\"wp-image-1074795\" srcset=\"https:\/\/dimensionturistica.com\/es\/wp-content\/uploads\/2025\/11\/7INGE.jpg 500w, https:\/\/dimensionturistica.com\/es\/wp-content\/uploads\/2025\/11\/7INGE-225x300.jpg 225w\" sizes=\"(max-width: 500px) 100vw, 500px\" \/><\/figure>\n<\/figure>\n\n\n\n<p>El encuentro reuni\u00f3 a tres de los arquitectos mexicanos m\u00e1s influyentes \u2014Mario Schjetnan, Gabriela Carrillo y Javier Senosiain\u2014 quienes brindaron soluciones concretas desde el urbanismo, el paisaje y la arquitectura org\u00e1nica.<\/p>\n\n\n\n<p>La respuesta a esa pregunta es urgente. Hoy m\u00e1s de la mitad de la poblaci\u00f3n mundial vive en zonas urbanas y las proyecciones indican que esa proporci\u00f3n crecer\u00e1 hasta casi el 70% para 2050, lo que implicar\u00e1 alrededor de 2,500 millones de personas adicionales viviendo en ciudades. A<\/p>\n\n\n\n<figure class=\"wp-block-gallery has-nested-images columns-default is-cropped wp-block-gallery-3 is-layout-flex wp-block-gallery-is-layout-flex\">\n<figure class=\"wp-block-image size-large\"><img decoding=\"async\" width=\"500\" height=\"666\" data-id=\"1074796\" src=\"https:\/\/dimensionturistica.com\/es\/wp-content\/uploads\/2025\/11\/2INGE.jpg\" alt=\"\" class=\"wp-image-1074796\" srcset=\"https:\/\/dimensionturistica.com\/es\/wp-content\/uploads\/2025\/11\/2INGE.jpg 500w, https:\/\/dimensionturistica.com\/es\/wp-content\/uploads\/2025\/11\/2INGE-225x300.jpg 225w\" sizes=\"(max-width: 500px) 100vw, 500px\" \/><\/figure>\n<\/figure>\n\n\n\n<p>medida que aumentan las tasas de urbanizaci\u00f3n tambi\u00e9n crece el parque inmobiliario urbano, y con ello la demanda de recursos y energ\u00eda.<\/p>\n\n\n\n<p>La construcci\u00f3n es responsable aproximadamente del 38% de las emisiones de CO\u2082 relacionadas con la energ\u00eda, y m\u00e1s de una cuarta parte de esas emisiones se atribuye a materiales y proceso constructivos (PNUMA\/GlobalABC, 2021). Adem\u00e1s, el sector consume cerca del 12% del agua<\/p>\n\n\n\n<figure class=\"wp-block-gallery has-nested-images columns-default is-cropped wp-block-gallery-4 is-layout-flex wp-block-gallery-is-layout-flex\">\n<figure class=\"wp-block-image size-large\"><img decoding=\"async\" width=\"500\" height=\"666\" data-id=\"1074797\" src=\"https:\/\/dimensionturistica.com\/es\/wp-content\/uploads\/2025\/11\/3INGE.jpg\" alt=\"\" class=\"wp-image-1074797\" srcset=\"https:\/\/dimensionturistica.com\/es\/wp-content\/uploads\/2025\/11\/3INGE.jpg 500w, https:\/\/dimensionturistica.com\/es\/wp-content\/uploads\/2025\/11\/3INGE-225x300.jpg 225w\" sizes=\"(max-width: 500px) 100vw, 500px\" \/><\/figure>\n<\/figure>\n\n\n\n<p>dulce, utiliza el 30% de las materias primas y genera alrededor del 20% de los efluentes y hasta el 40% de los residuos de vertedero a nivel mundial (WEF, 2016). Estas cifras proyectan no s\u00f3lo un desaf\u00edo ambiental sino un riesgo sanitario: edificios ineficientes y mal dise\u00f1ados que afectan la salud y el bienestar de sus ocupantes.<\/p>\n\n\n\n<figure class=\"wp-block-gallery has-nested-images columns-default is-cropped wp-block-gallery-5 is-layout-flex wp-block-gallery-is-layout-flex\">\n<figure class=\"wp-block-image size-large\"><img decoding=\"async\" width=\"500\" height=\"666\" data-id=\"1074798\" src=\"https:\/\/dimensionturistica.com\/es\/wp-content\/uploads\/2025\/11\/5INGE.jpg\" alt=\"\" class=\"wp-image-1074798\" srcset=\"https:\/\/dimensionturistica.com\/es\/wp-content\/uploads\/2025\/11\/5INGE.jpg 500w, https:\/\/dimensionturistica.com\/es\/wp-content\/uploads\/2025\/11\/5INGE-225x300.jpg 225w\" sizes=\"(max-width: 500px) 100vw, 500px\" \/><\/figure>\n<\/figure>\n\n\n\n<p>Frente a este panorama, los expertos reunidos en el Foro Owens Corning 2025 propusieron una mirad multidisciplinaria. Para Mario Schjetnan, cuya ponencia se titul\u00f3 \u201cNuevas Formas de Ejercer la Arquitectura: Urbanismo Ambiental, Arquitectura de Paisaje y Sustentabilidad\u201d, la clave est\u00e1 en integrar el paisaje como sistema: \u201cLa arquitectura debe pensarse como&nbsp; infraestructura ecol\u00f3gica, no s\u00f3lo como objeto. Cada proyecto debe aportar funciones ecol\u00f3gicas que reparen suelo, agua y biodiversidad en el tejido urbano.\u201d Schjetnan destaca la capacidad regenerativa del dise\u00f1o, no s\u00f3lo reducir impacto, sino generar beneficio ecosist\u00e9mico.<\/p>\n\n\n\n<figure class=\"wp-block-gallery has-nested-images columns-default is-cropped wp-block-gallery-6 is-layout-flex wp-block-gallery-is-layout-flex\">\n<figure class=\"wp-block-image size-large\"><img decoding=\"async\" width=\"768\" height=\"1024\" data-id=\"1074799\" src=\"https:\/\/dimensionturistica.com\/es\/wp-content\/uploads\/2025\/11\/Imagen-de-WhatsApp-2025-11-17-a-las-14.37.20_0731a3e5-768x1024.jpg\" alt=\"\" class=\"wp-image-1074799\" srcset=\"https:\/\/dimensionturistica.com\/es\/wp-content\/uploads\/2025\/11\/Imagen-de-WhatsApp-2025-11-17-a-las-14.37.20_0731a3e5-768x1023.jpg 768w, https:\/\/dimensionturistica.com\/es\/wp-content\/uploads\/2025\/11\/Imagen-de-WhatsApp-2025-11-17-a-las-14.37.20_0731a3e5-225x300.jpg 225w, https:\/\/dimensionturistica.com\/es\/wp-content\/uploads\/2025\/11\/Imagen-de-WhatsApp-2025-11-17-a-las-14.37.20_0731a3e5-1153x1536.jpg 1153w, https:\/\/dimensionturistica.com\/es\/wp-content\/uploads\/2025\/11\/Imagen-de-WhatsApp-2025-11-17-a-las-14.37.20_0731a3e5-750x999.jpg 750w, https:\/\/dimensionturistica.com\/es\/wp-content\/uploads\/2025\/11\/Imagen-de-WhatsApp-2025-11-17-a-las-14.37.20_0731a3e5-1140x1519.jpg 1140w, https:\/\/dimensionturistica.com\/es\/wp-content\/uploads\/2025\/11\/Imagen-de-WhatsApp-2025-11-17-a-las-14.37.20_0731a3e5.jpg 1200w\" sizes=\"(max-width: 768px) 100vw, 768px\" \/><\/figure>\n<\/figure>\n\n\n\n<p>1 https:\/\/www.unep.org\/events\/unep-event\/role-cities-decarbonizing-buildings-and-construction-sector<\/p>\n\n\n\n<p>En la misma l\u00ednea, Gabriela Carrillo, autora de la ponencia \u201cSostenible-Accesible-Social-Libre\u201d, destac\u00f3 la dimensi\u00f3n social de la arquitectura sustentable: \u201cSostenibilidad sin equidad es insuficiente; el dise\u00f1o debe garantizar acceso, confort y dignidad. Las soluciones t\u00e9cnicas deben convivir con pol\u00edticas que permitan su adopci\u00f3n masiva.\u201d Para Carrillo, la arquitectura verde es tambi\u00e9n una pol\u00edtica p\u00fablica en pr\u00e1ctica: eficiencia, inclusi\u00f3n y habitabilidad deben avanzar de la mano.<\/p>\n\n\n\n<p>Por su parte, Javier Senosiain, con su ponencia \u201cArquitectura Org\u00e1nica\u201d, reivindic\u00f3 la relaci\u00f3n simbi\u00f3tica entre forma construida y medio natural: \u201cDise\u00f1ar con la naturaleza es recuperar ritmos, materiales y sistemas que favorecen el confort pasivo y la salud humana.<\/p>\n\n\n\n<p>La arquitectura puede y debe ser un mediador entre la ciudad y los ecosistemas que la sostienen.\u201d<\/p>\n\n\n\n<p>El uso eficiente del agua y la optimizaci\u00f3n de recursos son fundamentales en las intervenciones propuestas. Estrategias como la captaci\u00f3n y tratamiento local de agua de lluvia, paisajes que act\u00faan como esponjas urbanas, el dise\u00f1o bioclim\u00e1tico que reduce la demanda energ\u00e9tica y la<\/p>\n\n\n\n<figure class=\"wp-block-gallery has-nested-images columns-default is-cropped wp-block-gallery-7 is-layout-flex wp-block-gallery-is-layout-flex\">\n<figure class=\"wp-block-image size-large\"><img decoding=\"async\" width=\"500\" height=\"333\" data-id=\"1074800\" src=\"https:\/\/dimensionturistica.com\/es\/wp-content\/uploads\/2025\/11\/1INGE.jpg\" alt=\"\" class=\"wp-image-1074800\" srcset=\"https:\/\/dimensionturistica.com\/es\/wp-content\/uploads\/2025\/11\/1INGE.jpg 500w, https:\/\/dimensionturistica.com\/es\/wp-content\/uploads\/2025\/11\/1INGE-300x200.jpg 300w\" sizes=\"(max-width: 500px) 100vw, 500px\" \/><\/figure>\n<\/figure>\n\n\n\n<p>selecci\u00f3n de materiales con menor huella de carbono son pr\u00e1cticas que, seg\u00fan los expertos, deben incorporarse de manera sist\u00e9mica en proyectos nuevos y en procesos de rehabilitaci\u00f3n.<\/p>\n\n\n\n<p>Desde la industria, Owens Corning subraya su papel como proveedor de soluciones que favorecen la eficiencia energ\u00e9tica. Brenda Salas, Gerente de Mercadotecnia en Owens Corning Latinoam\u00e9rica, sintetiza este compromiso: \u201cLa sustentabilidad es la estrategia central de nuestro negocio. Desarrollamos productos y programas que buscan conservar recursos, mejorar la eficiencia energ\u00e9tica y fomentar el reciclado. La innovaci\u00f3n permanente es la v\u00eda para reducir impactos ambientales y construir entornos m\u00e1s saludables.\u201d Salas enfatiza adem\u00e1s que la transici\u00f3n hacia materiales y procesos m\u00e1s responsables requiere colaboraci\u00f3n entre fabricantes, arquitectos y autoridades.<\/p>\n\n\n\n<p>El XI Foro Owens Corning 2025 propuso un di\u00e1logo con soluciones que puedan ser escalables y medibles. En palabras de los organizadores, la arquitectura verde no es una aspiraci\u00f3n est\u00e9tica: es una condici\u00f3n necesaria para la habitabilidad futura de las ciudades.<\/p>\n\n\n\n<figure class=\"wp-block-embed is-type-wp-embed is-provider-owens-corning-m-xico wp-block-embed-owens-corning-m-xico\"><div class=\"wp-block-embed__wrapper\">\n<blockquote class=\"wp-embedded-content\" data-secret=\"yXm0FLyqxn\"><a href=\"https:\/\/owenscorning.com.mx\/\">Home<\/a><\/blockquote><iframe loading=\"lazy\" class=\"wp-embedded-content\" sandbox=\"allow-scripts\" security=\"restricted\" style=\"position: absolute; visibility: hidden;\" title=\"&#8220;Home&#8221; &#8212; Owens Corning M\u00e9xico\" src=\"https:\/\/owenscorning.com.mx\/embed\/#?secret=t6OcJUhr3M#?secret=yXm0FLyqxn\" data-secret=\"yXm0FLyqxn\" width=\"500\" height=\"282\" frameborder=\"0\" marginwidth=\"0\" marginheight=\"0\" scrolling=\"no\"><\/iframe>\n<\/div><\/figure>\n\n\n\n<figure class=\"wp-block-embed\"><div class=\"wp-block-embed__wrapper\">\nhttps:\/\/www.facebook.com\/owenscorningmexico\n<\/div><\/figure>\n","protected":false},"excerpt":{"rendered":"<p>La XI edici\u00f3n del Foro Owens Corning 2025, celebrada en el WTC Ciudad de M\u00e9xico, puso en el centro del debate una pregunta contundente \u00bfc\u00f3mo dise\u00f1ar y construir ciudades que no agoten los recursos naturales, sino que los regeneren? El encuentro reuni\u00f3 a tres de los arquitectos mexicanos m\u00e1s influyentes \u2014Mario Schjetnan, Gabriela Carrillo y [&hellip;]<\/p>\n","protected":false},"author":1,"featured_media":0,"comment_status":"open","ping_status":"closed","sticky":false,"template":"","format":"standard","meta":{"om_disable_all_campaigns":false,"jnews-multi-image_gallery":[],"jnews_single_post":{"format":"standard"},"jnews_primary_category":[],"jnews_social_meta":[],"footnotes":""},"categories":[40],"tags":[],"class_list":["post-1074785","post","type-post","status-publish","format-standard","hentry","category-industria"],"_links":{"self":[{"href":"https:\/\/dimensionturistica.com\/es\/wp-json\/wp\/v2\/posts\/1074785","targetHints":{"allow":["GET"]}}],"collection":[{"href":"https:\/\/dimensionturistica.com\/es\/wp-json\/wp\/v2\/posts"}],"about":[{"href":"https:\/\/dimensionturistica.com\/es\/wp-json\/wp\/v2\/types\/post"}],"author":[{"embeddable":true,"href":"https:\/\/dimensionturistica.com\/es\/wp-json\/wp\/v2\/users\/1"}],"replies":[{"embeddable":true,"href":"https:\/\/dimensionturistica.com\/es\/wp-json\/wp\/v2\/comments?post=1074785"}],"version-history":[{"count":1,"href":"https:\/\/dimensionturistica.com\/es\/wp-json\/wp\/v2\/posts\/1074785\/revisions"}],"predecessor-version":[{"id":1074801,"href":"https:\/\/dimensionturistica.com\/es\/wp-json\/wp\/v2\/posts\/1074785\/revisions\/1074801"}],"wp:attachment":[{"href":"https:\/\/dimensionturistica.com\/es\/wp-json\/wp\/v2\/media?parent=1074785"}],"wp:term":[{"taxonomy":"category","embeddable":true,"href":"https:\/\/dimensionturistica.com\/es\/wp-json\/wp\/v2\/categories?post=1074785"},{"taxonomy":"post_tag","embeddable":true,"href":"https:\/\/dimensionturistica.com\/es\/wp-json\/wp\/v2\/tags?post=1074785"}],"curies":[{"name":"wp","href":"https:\/\/api.w.org\/{rel}","templated":true}]}}