{"id":1074676,"date":"2025-11-17T18:13:50","date_gmt":"2025-11-17T18:13:50","guid":{"rendered":"https:\/\/dimensionturistica.com\/es\/?p=1074676"},"modified":"2025-11-17T18:13:50","modified_gmt":"2025-11-17T18:13:50","slug":"avani-cancun-un-hotel-instagrameable-en-el-caribe-mexicano","status":"publish","type":"post","link":"https:\/\/dimensionturistica.com\/es\/avani-cancun-un-hotel-instagrameable-en-el-caribe-mexicano\/","title":{"rendered":"Avani Canc\u00fan un hotel instagrameable en el Caribe mexicano"},"content":{"rendered":"\n<figure class=\"wp-block-gallery has-nested-images columns-default is-cropped wp-block-gallery-1 is-layout-flex wp-block-gallery-is-layout-flex\">\n<figure class=\"wp-block-image size-large\"><img decoding=\"async\" width=\"456\" height=\"281\" data-id=\"1074680\" src=\"https:\/\/dimensionturistica.com\/es\/wp-content\/uploads\/2025\/11\/LOGOS-1.jpg\" alt=\"\" class=\"wp-image-1074680\" srcset=\"https:\/\/dimensionturistica.com\/es\/wp-content\/uploads\/2025\/11\/LOGOS-1.jpg 456w, https:\/\/dimensionturistica.com\/es\/wp-content\/uploads\/2025\/11\/LOGOS-1-300x185.jpg 300w\" sizes=\"(max-width: 456px) 100vw, 456px\" \/><\/figure>\n<\/figure>\n\n\n\n<p>Minor Hotels Europe Am\u00e9ricas presenta Avani Canc\u00fan, un destino que redefine la est\u00e9tica del viaje contempor\u00e1neo: moderno, visual y dise\u00f1ado para compartir. Con su estilo fresco, detalles de dise\u00f1o que enamoran y atm\u00f3sferas pensadas para ser fotografiadas, Avani Canc\u00fan se consolida como un hotel instagrameable en el Caribe mexicano.<\/p>\n\n\n\n<p>En una era en la que las experiencias se viven, y se cuentan, a trav\u00e9s de las redes sociales, Avani Canc\u00fan se convierte en el escenario perfecto para los creadores de contenido, los viajeros lifestyle y las nuevas generaciones que encuentran en cada rinc\u00f3n una oportunidad para capturar momentos aut\u00e9nticos y est\u00e9ticamente inspiradores.<\/p>\n\n\n\n<figure class=\"wp-block-gallery has-nested-images columns-default is-cropped wp-block-gallery-2 is-layout-flex wp-block-gallery-is-layout-flex\">\n<figure class=\"wp-block-image size-large\"><img decoding=\"async\" width=\"500\" height=\"333\" data-id=\"1074681\" src=\"https:\/\/dimensionturistica.com\/es\/wp-content\/uploads\/2025\/11\/1AVANTI.jpg\" alt=\"\" class=\"wp-image-1074681\" srcset=\"https:\/\/dimensionturistica.com\/es\/wp-content\/uploads\/2025\/11\/1AVANTI.jpg 500w, https:\/\/dimensionturistica.com\/es\/wp-content\/uploads\/2025\/11\/1AVANTI-300x200.jpg 300w\" sizes=\"(max-width: 500px) 100vw, 500px\" \/><\/figure>\n<\/figure>\n\n\n\n<p>Desde su arquitectura minimalista de l\u00edneas limpias hasta los murales con acentos tropicales, los tonos arena y coral, y la iluminaci\u00f3n natural que realza cada espacio, cada rinc\u00f3n del hotel parece dise\u00f1ado para el lente de una c\u00e1mara. Su alberca rodeada de vegetaci\u00f3n, sus espacios ic\u00f3nicos, los cocteles de autor que parecen obras de arte y las habitaciones con un equilibrio entre funcionalidad y estilo, hacen de Avani Canc\u00fan una experiencia visualmente irresistible.<\/p>\n\n\n\n<p>Avani Canc\u00fan celebra el arte de vivir en movimiento, con estilo y autenticidad. No se trata solo de hospedarse, sino de conectar, compartir y disfrutar cada momento con una est\u00e9tica que inspira a sus visitantes.<\/p>\n\n\n\n<figure class=\"wp-block-gallery has-nested-images columns-default is-cropped wp-block-gallery-3 is-layout-flex wp-block-gallery-is-layout-flex\">\n<figure class=\"wp-block-image size-large\"><img decoding=\"async\" width=\"500\" height=\"333\" data-id=\"1074682\" src=\"https:\/\/dimensionturistica.com\/es\/wp-content\/uploads\/2025\/11\/2AVANI.jpg\" alt=\"\" class=\"wp-image-1074682\" srcset=\"https:\/\/dimensionturistica.com\/es\/wp-content\/uploads\/2025\/11\/2AVANI.jpg 500w, https:\/\/dimensionturistica.com\/es\/wp-content\/uploads\/2025\/11\/2AVANI-300x200.jpg 300w\" sizes=\"(max-width: 500px) 100vw, 500px\" \/><\/figure>\n<\/figure>\n\n\n\n<p>Con 140 habitaciones, el hotel combina tecnolog\u00eda y dise\u00f1o para adaptarse a las necesidades de los nuevos viajeros. Wi-Fi de alta velocidad, Chromecast, cafetera Nespresso y detalles que aportan bienestar y confort completan la experiencia.<\/p>\n\n\n\n<p>Su restaurante y bar con mixolog\u00eda de autor invitan a capturar la esencia del Caribe a trav\u00e9s de sabores y colores \u00fanicos, mientras que los espacios comunes fomentan la conexi\u00f3n, el descanso y la creatividad.<\/p>\n\n\n\n<figure class=\"wp-block-gallery has-nested-images columns-default is-cropped wp-block-gallery-4 is-layout-flex wp-block-gallery-is-layout-flex\">\n<figure class=\"wp-block-image size-large\"><img decoding=\"async\" width=\"500\" height=\"333\" data-id=\"1074683\" src=\"https:\/\/dimensionturistica.com\/es\/wp-content\/uploads\/2025\/11\/7AVANI.jpg\" alt=\"\" class=\"wp-image-1074683\" srcset=\"https:\/\/dimensionturistica.com\/es\/wp-content\/uploads\/2025\/11\/7AVANI.jpg 500w, https:\/\/dimensionturistica.com\/es\/wp-content\/uploads\/2025\/11\/7AVANI-300x200.jpg 300w\" sizes=\"(max-width: 500px) 100vw, 500px\" \/><\/figure>\n<\/figure>\n\n\n\n<p>A solo minutos del Aeropuerto Internacional de Canc\u00fan, el hotel se convierte en el punto de partida ideal para explorar la Riviera Maya, disfrutar del arte urbano local o simplemente sumergirse en la est\u00e9tica tropical que lo caracteriza. Cada amanecer es una postal; cada espacio, una historia para contar.<\/p>\n\n\n\n<figure class=\"wp-block-gallery has-nested-images columns-default is-cropped wp-block-gallery-5 is-layout-flex wp-block-gallery-is-layout-flex\">\n<figure class=\"wp-block-image size-large\"><img decoding=\"async\" width=\"500\" height=\"333\" data-id=\"1074684\" src=\"https:\/\/dimensionturistica.com\/es\/wp-content\/uploads\/2025\/11\/9AVANI.jpg\" alt=\"\" class=\"wp-image-1074684\" srcset=\"https:\/\/dimensionturistica.com\/es\/wp-content\/uploads\/2025\/11\/9AVANI.jpg 500w, https:\/\/dimensionturistica.com\/es\/wp-content\/uploads\/2025\/11\/9AVANI-300x200.jpg 300w\" sizes=\"(max-width: 500px) 100vw, 500px\" \/><\/figure>\n<\/figure>\n\n\n\n<p>Avani Canc\u00fan no solo es un hotel: es una galer\u00eda viva para el viajero visual. Un espacio donde dise\u00f1o, estilo y experiencia se entrelazan para ofrecer mucho m\u00e1s que una estancia: una narrativa que se comparte, se fotograf\u00eda y se recuerda.<\/p>\n","protected":false},"excerpt":{"rendered":"<p>Minor Hotels Europe Am\u00e9ricas presenta Avani Canc\u00fan, un destino que redefine la est\u00e9tica del viaje contempor\u00e1neo: moderno, visual y dise\u00f1ado para compartir. Con su estilo fresco, detalles de dise\u00f1o que enamoran y atm\u00f3sferas pensadas para ser fotografiadas, Avani Canc\u00fan se consolida como un hotel instagrameable en el Caribe mexicano. En una era en la que [&hellip;]<\/p>\n","protected":false},"author":1,"featured_media":0,"comment_status":"open","ping_status":"closed","sticky":false,"template":"","format":"standard","meta":{"om_disable_all_campaigns":false,"jnews-multi-image_gallery":[],"jnews_single_post":{"format":"standard"},"jnews_primary_category":[],"jnews_social_meta":[],"footnotes":""},"categories":[39],"tags":[],"class_list":["post-1074676","post","type-post","status-publish","format-standard","hentry","category-viajes"],"_links":{"self":[{"href":"https:\/\/dimensionturistica.com\/es\/wp-json\/wp\/v2\/posts\/1074676","targetHints":{"allow":["GET"]}}],"collection":[{"href":"https:\/\/dimensionturistica.com\/es\/wp-json\/wp\/v2\/posts"}],"about":[{"href":"https:\/\/dimensionturistica.com\/es\/wp-json\/wp\/v2\/types\/post"}],"author":[{"embeddable":true,"href":"https:\/\/dimensionturistica.com\/es\/wp-json\/wp\/v2\/users\/1"}],"replies":[{"embeddable":true,"href":"https:\/\/dimensionturistica.com\/es\/wp-json\/wp\/v2\/comments?post=1074676"}],"version-history":[{"count":1,"href":"https:\/\/dimensionturistica.com\/es\/wp-json\/wp\/v2\/posts\/1074676\/revisions"}],"predecessor-version":[{"id":1074685,"href":"https:\/\/dimensionturistica.com\/es\/wp-json\/wp\/v2\/posts\/1074676\/revisions\/1074685"}],"wp:attachment":[{"href":"https:\/\/dimensionturistica.com\/es\/wp-json\/wp\/v2\/media?parent=1074676"}],"wp:term":[{"taxonomy":"category","embeddable":true,"href":"https:\/\/dimensionturistica.com\/es\/wp-json\/wp\/v2\/categories?post=1074676"},{"taxonomy":"post_tag","embeddable":true,"href":"https:\/\/dimensionturistica.com\/es\/wp-json\/wp\/v2\/tags?post=1074676"}],"curies":[{"name":"wp","href":"https:\/\/api.w.org\/{rel}","templated":true}]}}