{"id":1074444,"date":"2025-11-15T07:11:17","date_gmt":"2025-11-15T07:11:17","guid":{"rendered":"https:\/\/dimensionturistica.com\/es\/?p=1074444"},"modified":"2025-11-15T07:11:17","modified_gmt":"2025-11-15T07:11:17","slug":"con-en-maroma-experimentamos-una-vivencia-transformadora-que-honro-cuerpo-mente-y-alma","status":"publish","type":"post","link":"https:\/\/dimensionturistica.com\/es\/con-en-maroma-experimentamos-una-vivencia-transformadora-que-honro-cuerpo-mente-y-alma\/","title":{"rendered":"Con En Maroma, experimentamos una vivencia transformadora que honr\u00f3 cuerpo, mente y alma."},"content":{"rendered":"<h3>Vivir la Experiencia Vogue en el Coraz\u00f3n de la Riviera Maya<\/h3>\n<p>La Riviera Maya se ha convertido en el escenario perfecto para una experiencia \u00fanica que fusiona moda, arte y cultura: Vogue x Maroma. Este evento no solo destaca por su glamour, sino tambi\u00e9n por la conexi\u00f3n profunda entre la moda y el entorno natural que la rodea, creando un espacio donde los sentidos se estimulan al m\u00e1ximo.<\/p>\n<h4>Un Para\u00edso Natural como Tel\u00f3n de Fondo<\/h4>\n<p>Ubicado en una de las zonas m\u00e1s ic\u00f3nicas de M\u00e9xico, el evento se lleva a cabo en un entorno rodeado de playas de arena blanca y aguas cristalinas. Este tel\u00f3n de fondo no solo realza la est\u00e9tica, sino que tambi\u00e9n subraya la importancia de la sostenibilidad en la moda actual. Durante el evento, los participantes tienen la oportunidad de disfrutar de actividades que destacan la riqueza cultural y la belleza del lugar, todo mientras exploran las \u00faltimas tendencias.<\/p>\n<h4>Interacci\u00f3n entre Moda y Cultura<\/h4>\n<p>Lo que distingue a esta experiencia es la interacci\u00f3n constante entre los asistentes y las creaciones de dise\u00f1adores renombrados. Las pasarelas, dise\u00f1adas para resaltar la fusi\u00f3n entre lo moderno y lo tradicional, presentan colecciones que deslumbran no solo por su est\u00e9tica, sino tambi\u00e9n por su historia. Cada prenda cuenta una narrativa \u00fanica que se entrelaza con la herencia cultural de M\u00e9xico, logrando as\u00ed un di\u00e1logo entre la moda contempor\u00e1nea y las tradiciones ancestrales.<\/p>\n<h4>Talleres y Actividades Inmersivas<\/h4>\n<p>El evento incluye una serie de talleres y actividades que invitan a los asistentes a sumergirse en el proceso creativo. Desde clases de dise\u00f1o hasta charlas con expertos, cada actividad est\u00e1 pensada para inspirar y educar. Estos elementos no solo enriquecen la experiencia, sino que tambi\u00e9n ofrecen una mirada m\u00e1s profunda sobre el mundo de la moda, destacando la importancia del trabajo colaborativo y la innovaci\u00f3n.<\/p>\n<h4>La Gastronom\u00eda como Protagonista<\/h4>\n<p>Una experiencia de este calibre no estar\u00eda completa sin la inclusi\u00f3n de una oferta gastron\u00f3mica excepcional. Chefs destacados se encargan de deleitar los paladares con platillos que celebran los sabores locales, fusionando ingredientes tradicionales con t\u00e9cnicas modernas. Esta creaci\u00f3n culinaria no solo es un fest\u00edn para el paladar, sino que tambi\u00e9n se convierte en una extensi\u00f3n de la experiencia visual e intelectual que ofrece el evento.<\/p>\n<h4>Un Encuentro \u00c9pico<\/h4>\n<p>La combinaci\u00f3n de todos estos elementos convierte a Vogue x Maroma en un encuentro \u00e9pico que trasciende la simple presentaci\u00f3n de moda. Los asistentes no solo son testigos de tendencias, sino que se convierten en parte de un movimiento que celebra la creatividad, la diversidad y la colaboraci\u00f3n entre disciplinas. La experiencia se traduce en un viaje que va m\u00e1s all\u00e1 de la est\u00e9tica, enviando un mensaje fuerte sobre la conexi\u00f3n entre la moda y el lugar que habitamos.<\/p>\n<h4>Un Coraz\u00f3n Verde en la Moda<\/h4>\n<p>Finalmente, el evento sirve como un recordatorio de la responsabilidad que tiene la industria hacia el medio ambiente. Cada detalle, desde el dise\u00f1o hasta la ejecuci\u00f3n, refleja un compromiso con pr\u00e1cticas sostenibles, desafiando a la comunidad de la moda a repensar sus enfoques y a actuar en favor del planeta.<\/p>\n<p>Vogue x Maroma se posiciona no solo como un evento de moda, sino como una celebraci\u00f3n de la vida, el arte y la naturaleza. Un encuentro donde cada instante se convierte en un recuerdo imborrable y donde la moda redefine su impacto en el mundo contempor\u00e1neo. As\u00ed, la Riviera Maya se transforma en el epicentro de un movimiento que invita a todos a participar en la conversaci\u00f3n sobre el futuro de la moda y su relaci\u00f3n con el entorno.<\/p>\n<p><em> &#8221; Fuentes www.vogue.mx &#8221; <\/em><\/p>\n","protected":false},"excerpt":{"rendered":"<p>Vivir la Experiencia Vogue en el Coraz\u00f3n de la Riviera Maya La Riviera Maya se ha convertido en el escenario perfecto para una experiencia \u00fanica que fusiona moda, arte y cultura: Vogue x Maroma. Este evento no solo destaca por su glamour, sino tambi\u00e9n por la conexi\u00f3n profunda entre la moda y el entorno natural [&hellip;]<\/p>\n","protected":false},"author":14,"featured_media":1074445,"comment_status":"open","ping_status":"closed","sticky":false,"template":"","format":"standard","meta":{"om_disable_all_campaigns":false,"jnews-multi-image_gallery":[],"jnews_single_post":[],"jnews_primary_category":[],"jnews_social_meta":[],"footnotes":""},"categories":[144872],"tags":[86474,9899,2448,39218,20218,49243,39599,3647,29527,10368,209],"class_list":["post-1074444","post","type-post","status-publish","format-standard","has-post-thumbnail","hentry","category-fashion","tag-autocuidado","tag-bienestar","tag-celebracion","tag-crecimiento-personal","tag-cuerpo","tag-espiritu","tag-espiritualidad","tag-experiencia","tag-mente","tag-transformacion","tag-wellness"],"_links":{"self":[{"href":"https:\/\/dimensionturistica.com\/es\/wp-json\/wp\/v2\/posts\/1074444","targetHints":{"allow":["GET"]}}],"collection":[{"href":"https:\/\/dimensionturistica.com\/es\/wp-json\/wp\/v2\/posts"}],"about":[{"href":"https:\/\/dimensionturistica.com\/es\/wp-json\/wp\/v2\/types\/post"}],"author":[{"embeddable":true,"href":"https:\/\/dimensionturistica.com\/es\/wp-json\/wp\/v2\/users\/14"}],"replies":[{"embeddable":true,"href":"https:\/\/dimensionturistica.com\/es\/wp-json\/wp\/v2\/comments?post=1074444"}],"version-history":[{"count":1,"href":"https:\/\/dimensionturistica.com\/es\/wp-json\/wp\/v2\/posts\/1074444\/revisions"}],"predecessor-version":[{"id":1074446,"href":"https:\/\/dimensionturistica.com\/es\/wp-json\/wp\/v2\/posts\/1074444\/revisions\/1074446"}],"wp:featuredmedia":[{"embeddable":true,"href":"https:\/\/dimensionturistica.com\/es\/wp-json\/wp\/v2\/media\/1074445"}],"wp:attachment":[{"href":"https:\/\/dimensionturistica.com\/es\/wp-json\/wp\/v2\/media?parent=1074444"}],"wp:term":[{"taxonomy":"category","embeddable":true,"href":"https:\/\/dimensionturistica.com\/es\/wp-json\/wp\/v2\/categories?post=1074444"},{"taxonomy":"post_tag","embeddable":true,"href":"https:\/\/dimensionturistica.com\/es\/wp-json\/wp\/v2\/tags?post=1074444"}],"curies":[{"name":"wp","href":"https:\/\/api.w.org\/{rel}","templated":true}]}}