{"id":1074193,"date":"2025-11-14T14:18:58","date_gmt":"2025-11-14T14:18:58","guid":{"rendered":"https:\/\/dimensionturistica.com\/es\/?p=1074193"},"modified":"2025-11-14T14:18:58","modified_gmt":"2025-11-14T14:18:58","slug":"fraiche-se-une-al-buen-fin-2025-con-descuentos-que-huelen-a-ahorro","status":"publish","type":"post","link":"https:\/\/dimensionturistica.com\/es\/fraiche-se-une-al-buen-fin-2025-con-descuentos-que-huelen-a-ahorro\/","title":{"rendered":"Fraiche se une al Buen Fin 2025 con descuentos que huelen a ahorro"},"content":{"rendered":"\n<figure class=\"wp-block-gallery has-nested-images columns-default is-cropped wp-block-gallery-1 is-layout-flex wp-block-gallery-is-layout-flex\">\n<figure class=\"wp-block-image size-large\"><img decoding=\"async\" width=\"500\" height=\"170\" data-id=\"1074200\" src=\"https:\/\/dimensionturistica.com\/es\/wp-content\/uploads\/2025\/11\/4frei.jpg\" alt=\"\" class=\"wp-image-1074200\" srcset=\"https:\/\/dimensionturistica.com\/es\/wp-content\/uploads\/2025\/11\/4frei.jpg 500w, https:\/\/dimensionturistica.com\/es\/wp-content\/uploads\/2025\/11\/4frei-300x102.jpg 300w\" sizes=\"(max-width: 500px) 100vw, 500px\" \/><\/figure>\n<\/figure>\n\n\n\n<p>Del 13 al 17 de noviembre, aprovecha promociones exclusivas en tiendas Fraiche y en l\u00ednea.<br>Ciudad de M\u00e9xico, noviembre de 2025. \u2013 El Buen Fin llega con todo su esplendor y Fraiche vuelve a sumarse a esta gran celebraci\u00f3n del consumo inteligente con descuentos y promociones especiales en perfumes, cuidado personal, aromaterapia, skincare y m\u00e1s.<br>Durante esta edici\u00f3n, Fraiche invita a sus clientes a descubrir aromas, texturas y productos de bienestar a precios irresistibles, reafirmando su compromiso de ofrecer calidad y accesibilidad en cada una de sus l\u00edneas. Promociones Buen Fin 2025:<br><\/p>\n\n\n\n<figure class=\"wp-block-gallery has-nested-images columns-default is-cropped wp-block-gallery-2 is-layout-flex wp-block-gallery-is-layout-flex\">\n<figure class=\"wp-block-image size-large\"><img decoding=\"async\" width=\"500\" height=\"416\" data-id=\"1074202\" src=\"https:\/\/dimensionturistica.com\/es\/wp-content\/uploads\/2025\/11\/2frei.jpg\" alt=\"\" class=\"wp-image-1074202\" srcset=\"https:\/\/dimensionturistica.com\/es\/wp-content\/uploads\/2025\/11\/2frei.jpg 500w, https:\/\/dimensionturistica.com\/es\/wp-content\/uploads\/2025\/11\/2frei-300x250.jpg 300w\" sizes=\"(max-width: 500px) 100vw, 500px\" \/><\/figure>\n<\/figure>\n\n\n\n<p>\u25cf Hasta el 30% de descuento en esencias.<br>\u25cf 2&#215;1 en productos seleccionados: Velas arom\u00e1ticas y cuidado de la barba.<br>\u25cf 2&#215;1 en productos seleccionados: Skin Care, Body Lotion, Shower Gel, Shampoo, \u00d3leo y Gel Capilar, Repelente de Mosquitos, Gel Hidratante Facial, Cremas Jabones, Fragancia Textil y Agua de Colonia.<br>\u25cf 4&#215;3 en esmaltes.<br>\u25cf Baja de precios en productos seleccionados: Cremas Gelata, Sets de ba\u00f1o y l\u00ednea de aceites esenciales Tlalli (disponibles en franquicias).<\/p>\n\n\n\n<figure class=\"wp-block-gallery has-nested-images columns-default is-cropped wp-block-gallery-3 is-layout-flex wp-block-gallery-is-layout-flex\">\n<figure class=\"wp-block-image size-large\"><img decoding=\"async\" width=\"500\" height=\"505\" data-id=\"1074201\" src=\"https:\/\/dimensionturistica.com\/es\/wp-content\/uploads\/2025\/11\/1frei.jpg\" alt=\"\" class=\"wp-image-1074201\" srcset=\"https:\/\/dimensionturistica.com\/es\/wp-content\/uploads\/2025\/11\/1frei.jpg 500w, https:\/\/dimensionturistica.com\/es\/wp-content\/uploads\/2025\/11\/1frei-297x300.jpg 297w, https:\/\/dimensionturistica.com\/es\/wp-content\/uploads\/2025\/11\/1frei-75x75.jpg 75w\" sizes=\"(max-width: 500px) 100vw, 500px\" \/><\/figure>\n<\/figure>\n\n\n\n<p>Adem\u00e1s, distribuidores recibir\u00e1n un 5% adicional a su descuento actual, como muestra del agradecimiento de Fraiche a quienes forman parte esencial de su crecimiento.<br>Este Buen Fin, redescubre tus fragancias favoritas, crea ambientes \u00fanicos con los productos Tlalli y deja que la magia de Fraiche te acompa\u00f1e en cada aroma.<br>Promociones v\u00e1lidas del 13 al 17 de noviembre de 2025 en tiendas Fraiche y en<br>www.fraiche.com.mx.<\/p>\n","protected":false},"excerpt":{"rendered":"<p>Del 13 al 17 de noviembre, aprovecha promociones exclusivas en tiendas Fraiche y en l\u00ednea.Ciudad de M\u00e9xico, noviembre de 2025. \u2013 El Buen Fin llega con todo su esplendor y Fraiche vuelve a sumarse a esta gran celebraci\u00f3n del consumo inteligente con descuentos y promociones especiales en perfumes, cuidado personal, aromaterapia, skincare y m\u00e1s.Durante esta [&hellip;]<\/p>\n","protected":false},"author":1,"featured_media":0,"comment_status":"open","ping_status":"closed","sticky":false,"template":"","format":"standard","meta":{"om_disable_all_campaigns":false,"jnews-multi-image_gallery":[],"jnews_single_post":[],"jnews_primary_category":[],"jnews_social_meta":[],"footnotes":""},"categories":[144872],"tags":[],"class_list":["post-1074193","post","type-post","status-publish","format-standard","hentry","category-fashion"],"_links":{"self":[{"href":"https:\/\/dimensionturistica.com\/es\/wp-json\/wp\/v2\/posts\/1074193","targetHints":{"allow":["GET"]}}],"collection":[{"href":"https:\/\/dimensionturistica.com\/es\/wp-json\/wp\/v2\/posts"}],"about":[{"href":"https:\/\/dimensionturistica.com\/es\/wp-json\/wp\/v2\/types\/post"}],"author":[{"embeddable":true,"href":"https:\/\/dimensionturistica.com\/es\/wp-json\/wp\/v2\/users\/1"}],"replies":[{"embeddable":true,"href":"https:\/\/dimensionturistica.com\/es\/wp-json\/wp\/v2\/comments?post=1074193"}],"version-history":[{"count":1,"href":"https:\/\/dimensionturistica.com\/es\/wp-json\/wp\/v2\/posts\/1074193\/revisions"}],"predecessor-version":[{"id":1074203,"href":"https:\/\/dimensionturistica.com\/es\/wp-json\/wp\/v2\/posts\/1074193\/revisions\/1074203"}],"wp:attachment":[{"href":"https:\/\/dimensionturistica.com\/es\/wp-json\/wp\/v2\/media?parent=1074193"}],"wp:term":[{"taxonomy":"category","embeddable":true,"href":"https:\/\/dimensionturistica.com\/es\/wp-json\/wp\/v2\/categories?post=1074193"},{"taxonomy":"post_tag","embeddable":true,"href":"https:\/\/dimensionturistica.com\/es\/wp-json\/wp\/v2\/tags?post=1074193"}],"curies":[{"name":"wp","href":"https:\/\/api.w.org\/{rel}","templated":true}]}}