{"id":1073843,"date":"2025-11-13T21:00:12","date_gmt":"2025-11-13T21:00:12","guid":{"rendered":"https:\/\/dimensionturistica.com\/es\/?p=1073843"},"modified":"2025-11-13T21:00:12","modified_gmt":"2025-11-13T21:00:12","slug":"proximo-a-alcanzar-el-millon-de-visitantes-en-2025","status":"publish","type":"post","link":"https:\/\/dimensionturistica.com\/es\/proximo-a-alcanzar-el-millon-de-visitantes-en-2025\/","title":{"rendered":"Pr\u00f3ximo a alcanzar el mill\u00f3n de visitantes en 2025"},"content":{"rendered":"<h3>Medell\u00edn: Un Destino en Auge para el Turismo Internacional<\/h3>\n<p>La vibrante ciudad de Medell\u00edn ha captado la atenci\u00f3n de turistas de todo el mundo, consolid\u00e1ndose como un atractivo im\u00e1n en el panorama tur\u00edstico internacional. Con un crecimiento notable en el n\u00famero de visitantes, la capital antioque\u00f1a se ha transformado en un verdadero paradigma de innovaci\u00f3n y cultura. En el \u00faltimo a\u00f1o, las estad\u00edsticas han se\u00f1alado un promedio mensual de 20,000 visitantes internacionales, reflejando un impulso que supera las expectativas m\u00e1s optimistas.<\/p>\n<p><strong>Un Viaje por la Innovaci\u00f3n y la Cultura<\/strong><\/p>\n<p>Medell\u00edn es sin\u00f3nimo de transformaci\u00f3n. Lo que una vez fue considerado un lugar marcado por la violencia y el narcotr\u00e1fico, hoy se erige como un ejemplo de renacimiento urbano. Con proyectos emblem\u00e1ticos como el Metrocable, que conecta comunidades en las monta\u00f1as, la ciudad no solo ha mejorado su infraestructura, sino que tambi\u00e9n ha elevado su perfil cultural.<\/p>\n<p>Los visitantes quedan maravillados por la infraestructura moderna, combinada con el legado hist\u00f3rico y cultural. Desde el famoso Parque Arv\u00ed hasta la Plaza Botero, donde las esculturas del maestro Fernando Botero seducen a los transe\u00fantes, cada rinc\u00f3n cuenta una historia que espera ser descubierta. El Festival Internacional de Poes\u00eda y la Feria de las Flores son solo algunas de las actividades que demuestran el compromiso de Medell\u00edn con la cultura.<\/p>\n<p><strong>Sabores que Cautivan<\/strong><\/p>\n<p>La gastronom\u00eda de Medell\u00edn es otro de los grandes alicientes. La fusi\u00f3n de sabores aut\u00f3ctonos con influencias internacionales ofrece a los visitantes una experiencia culinaria inolvidable. Platos como la bandeja paisa y los productos locales, como el caf\u00e9, son esenciales en cualquier itinerario. Los restaurantes y mercados de la ciudad invitan a los turistas a sumergirse en una explosi\u00f3n de sabores que van desde lo tradicional hasta lo gourmet.<\/p>\n<p><strong>Naturaleza y aventura en el coraz\u00f3n de la ciudad<\/strong><\/p>\n<p>La bondad del entorno natural tambi\u00e9n juega un papel crucial en el atractivo tur\u00edstico de Medell\u00edn. Rodeada por monta\u00f1as y con un clima privilegiado, la ciudad ofrece m\u00faltiples actividades al aire libre que van desde el senderismo en los cerros orientales hasta paseos en bicicleta. El Jard\u00edn Bot\u00e1nico y el Parque Lleras son espacios que fomentan la conexi\u00f3n con la naturaleza, ideales para relajarse y disfrutar de la belleza esc\u00e9nica.<\/p>\n<p><strong>Un Futuro Prometedor<\/strong><\/p>\n<p>Con el turismo volviendo a florecer, Medell\u00edn ha establecido estrategias para atraer a\u00fan m\u00e1s visitantes. La colaboraci\u00f3n entre el sector p\u00fablico y privado est\u00e1 impulsando iniciativas que buscan mejorar la experiencia del viajero, desde la creaci\u00f3n de rutas tur\u00edsticas hasta la promoci\u00f3n de eventos culturales. Es claro que, con este enfoque, la ciudad no solo aspira a recuperar su lugar en la senda del turismo, sino que tambi\u00e9n se propone destacarse como un destino sostenible y diverso.<\/p>\n<p><strong>Conclusi\u00f3n<\/strong><\/p>\n<p>Medell\u00edn es, sin duda, un destino que desaf\u00eda expectativas. Su capacidad de reinventarse y ofrecer una experiencia \u00fanica a cada visitante la posiciona como una de las ciudades m\u00e1s atractivas de Am\u00e9rica Latina. Tanto si buscas cultura, aventura o simplemente un lugar donde relajarte, Medell\u00edn tiene algo especial que ofrecer. Viajar a esta ciudad es, sin duda, una experiencia transformadora que deja huella en el coraz\u00f3n de quienes tienen la suerte de visitarla.<\/p>\n<p><em> &#8221; Sources www.elcolombiano.com &#8221; <\/em><\/p>\n","protected":false},"excerpt":{"rendered":"<p>Medell\u00edn: Un Destino en Auge para el Turismo Internacional La vibrante ciudad de Medell\u00edn ha captado la atenci\u00f3n de turistas de todo el mundo, consolid\u00e1ndose como un atractivo im\u00e1n en el panorama tur\u00edstico internacional. Con un crecimiento notable en el n\u00famero de visitantes, la capital antioque\u00f1a se ha transformado en un verdadero paradigma de innovaci\u00f3n [&hellip;]<\/p>\n","protected":false},"author":4,"featured_media":1073844,"comment_status":"open","ping_status":"closed","sticky":false,"template":"","format":"standard","meta":{"om_disable_all_campaigns":false,"jnews-multi-image_gallery":[],"jnews_single_post":[],"jnews_primary_category":[],"jnews_social_meta":[],"footnotes":""},"categories":[40],"tags":[68555,256590],"class_list":["post-1073843","post","type-post","status-publish","format-standard","has-post-thumbnail","hentry","category-industria","tag-noticias-el-colombiano","tag-visitantes-2025-turismo-crecimiento-estadisticas-atraccion-turistica-tendencias-analisis-viajes-popularidad"],"_links":{"self":[{"href":"https:\/\/dimensionturistica.com\/es\/wp-json\/wp\/v2\/posts\/1073843","targetHints":{"allow":["GET"]}}],"collection":[{"href":"https:\/\/dimensionturistica.com\/es\/wp-json\/wp\/v2\/posts"}],"about":[{"href":"https:\/\/dimensionturistica.com\/es\/wp-json\/wp\/v2\/types\/post"}],"author":[{"embeddable":true,"href":"https:\/\/dimensionturistica.com\/es\/wp-json\/wp\/v2\/users\/4"}],"replies":[{"embeddable":true,"href":"https:\/\/dimensionturistica.com\/es\/wp-json\/wp\/v2\/comments?post=1073843"}],"version-history":[{"count":1,"href":"https:\/\/dimensionturistica.com\/es\/wp-json\/wp\/v2\/posts\/1073843\/revisions"}],"predecessor-version":[{"id":1073845,"href":"https:\/\/dimensionturistica.com\/es\/wp-json\/wp\/v2\/posts\/1073843\/revisions\/1073845"}],"wp:featuredmedia":[{"embeddable":true,"href":"https:\/\/dimensionturistica.com\/es\/wp-json\/wp\/v2\/media\/1073844"}],"wp:attachment":[{"href":"https:\/\/dimensionturistica.com\/es\/wp-json\/wp\/v2\/media?parent=1073843"}],"wp:term":[{"taxonomy":"category","embeddable":true,"href":"https:\/\/dimensionturistica.com\/es\/wp-json\/wp\/v2\/categories?post=1073843"},{"taxonomy":"post_tag","embeddable":true,"href":"https:\/\/dimensionturistica.com\/es\/wp-json\/wp\/v2\/tags?post=1073843"}],"curies":[{"name":"wp","href":"https:\/\/api.w.org\/{rel}","templated":true}]}}