{"id":1073742,"date":"2025-11-13T16:44:22","date_gmt":"2025-11-13T16:44:22","guid":{"rendered":"https:\/\/dimensionturistica.com\/es\/?p=1073742"},"modified":"2025-11-13T16:44:22","modified_gmt":"2025-11-13T16:44:22","slug":"ya-se-acercan-al-millon-de-visitantes-en-2025","status":"publish","type":"post","link":"https:\/\/dimensionturistica.com\/es\/ya-se-acercan-al-millon-de-visitantes-en-2025\/","title":{"rendered":"Ya se acercan al mill\u00f3n de visitantes en 2025"},"content":{"rendered":"<h3>Medell\u00edn: Un destino en auge para el turismo internacional<\/h3>\n<p>En los \u00faltimos a\u00f1os, Medell\u00edn ha emergido como un destino vibrante y cautivador, atrayendo la atenci\u00f3n de viajeros de todo el mundo. Se estima que para 2025, la ciudad alcanzar\u00e1 la impresionante cifra de un mill\u00f3n de visitantes internacionales anuales, consolid\u00e1ndose como el segundo destino en Colombia despu\u00e9s de Bogot\u00e1. Pero, \u00bfqu\u00e9 es lo que realmente hace que Medell\u00edn brille en el mapa tur\u00edstico?<\/p>\n<h4>Un Renacer Cultural<\/h4>\n<p>La evoluci\u00f3n de Medell\u00edn es un fen\u00f3meno digno de estudio. Desde su transformaci\u00f3n en un modelo de innovaci\u00f3n social y urbana, hasta su rica oferta cultural, la ciudad ha sabido reinventarse. Museos, teatros y espacios culturales como la Plaza Botero y el Jard\u00edn Bot\u00e1nico han propiciado un ambiente que celebra el arte y la creatividad. Eventos como la Feria de las Flores y la Semana Santa dan vida a la historia y tradiciones locales, brindando a los visitantes una experiencia aut\u00e9ntica.<\/p>\n<h4>Conectividad y Accesibilidad<\/h4>\n<p>Uno de los factores que ha facilitado el auge de Medell\u00edn como destino tur\u00edstico es su conectividad. Con un Aeropuerto Internacional Jos\u00e9 Mar\u00eda C\u00f3rdova en constante expansi\u00f3n y la introducci\u00f3n de nuevas rutas a\u00e9reas, se han eliminado barreras que antes limitaban el acceso a la ciudad. Esto no solo beneficia a los turistas internacionales, sino que tambi\u00e9n propicia el intercambio cultural y comercial con otras regiones del mundo.<\/p>\n<h4>Innovaci\u00f3n y Sostenibilidad<\/h4>\n<p>El modelo de desarrollo tecnol\u00f3gico y sostenible de Medell\u00edn ha dejado una huella profunda en la forma en que los visitantes experimentan la ciudad. La inclusi\u00f3n de transporte p\u00fablico de alta calidad, como el famoso Metrocable, no solo facilita los desplazamientos, sino que tambi\u00e9n ofrece vistas panor\u00e1micas impresionantes. Esta infraestructura ha permitido que los turistas accedan a lugares que antes eran dif\u00edciles de alcanzar, como las laderas de la ciudad, y ha contribuido a un entorno m\u00e1s limpio y organizado.<\/p>\n<h4>Gastronom\u00eda: Un Fest\u00edn Para los Sentidos<\/h4>\n<p>Medell\u00edn no solo seduce con su cultura y paisajes; su oferta gastron\u00f3mica es otro de sus grandes atractivos. Desde platos t\u00edpicos como la bandeja paisa hasta una creciente escena de restaurantes contempor\u00e1neos, la ciudad es un verdadero fest\u00edn para los amantes de la buena comida. La variedad de sabores refleja la diversidad cultural de la regi\u00f3n y brinda a los visitantes una experiencia culinaria \u00fanica.<\/p>\n<h4>Hospitalidad y Calidez<\/h4>\n<p>La calidez de los &#8220;paisas&#8221; es otro pilar fundamental que hace que la experiencia en Medell\u00edn sea inolvidable. Los habitantes, conocidos por su amabilidad y hospitalidad, generan un ambiente acogedor que permite a los turistas sentirse como en casa. Esta interacci\u00f3n con la gente local en mercados, caf\u00e9s y en la vida cotidiana en general a\u00f1ade un valor adicional a la visita.<\/p>\n<h4>Mirando Hacia el Futuro<\/h4>\n<p>A medida que Medell\u00edn se prepara para recibir un n\u00famero creciente de turistas, la ciudad sigue trabajando en su infraestructura y en la mejora de la calidad de vida de sus habitantes. Proyectos de desarrollo urbano y social est\u00e1n en marcha para asegurar que tanto visitantes como locales puedan disfrutar de un entorno seguro y agradable.<\/p>\n<p>En conclusi\u00f3n, Medell\u00edn se est\u00e1 posicionando no solo como un destino tur\u00edstico, sino como un ejemplo de resiliencia y transformaci\u00f3n. Viajar a esta ciudad es una oportunidad de descubrir un lugar lleno de vida, historia y promesas para el futuro. Para aquellos que buscan nuevas experiencias y un viaje que trascienda lo superficial, Medell\u00edn se presenta como una opci\u00f3n invaluable en el coraz\u00f3n de Am\u00e9rica Latina.<\/p>\n<p><em> &#8221; Sources www.elcolombiano.com &#8221; <\/em><\/p>\n","protected":false},"excerpt":{"rendered":"<p>Medell\u00edn: Un destino en auge para el turismo internacional En los \u00faltimos a\u00f1os, Medell\u00edn ha emergido como un destino vibrante y cautivador, atrayendo la atenci\u00f3n de viajeros de todo el mundo. Se estima que para 2025, la ciudad alcanzar\u00e1 la impresionante cifra de un mill\u00f3n de visitantes internacionales anuales, consolid\u00e1ndose como el segundo destino en [&hellip;]<\/p>\n","protected":false},"author":4,"featured_media":1073743,"comment_status":"open","ping_status":"closed","sticky":false,"template":"","format":"standard","meta":{"om_disable_all_campaigns":false,"jnews-multi-image_gallery":[],"jnews_single_post":[],"jnews_primary_category":[],"jnews_social_meta":[],"footnotes":""},"categories":[40],"tags":[68555,256561],"class_list":["post-1073742","post","type-post","status-publish","format-standard","has-post-thumbnail","hentry","category-industria","tag-noticias-el-colombiano","tag-visitantes-2025-estadisticas-analisis-turismo-crecimiento-tendencias-datos-cifras"],"_links":{"self":[{"href":"https:\/\/dimensionturistica.com\/es\/wp-json\/wp\/v2\/posts\/1073742","targetHints":{"allow":["GET"]}}],"collection":[{"href":"https:\/\/dimensionturistica.com\/es\/wp-json\/wp\/v2\/posts"}],"about":[{"href":"https:\/\/dimensionturistica.com\/es\/wp-json\/wp\/v2\/types\/post"}],"author":[{"embeddable":true,"href":"https:\/\/dimensionturistica.com\/es\/wp-json\/wp\/v2\/users\/4"}],"replies":[{"embeddable":true,"href":"https:\/\/dimensionturistica.com\/es\/wp-json\/wp\/v2\/comments?post=1073742"}],"version-history":[{"count":1,"href":"https:\/\/dimensionturistica.com\/es\/wp-json\/wp\/v2\/posts\/1073742\/revisions"}],"predecessor-version":[{"id":1073744,"href":"https:\/\/dimensionturistica.com\/es\/wp-json\/wp\/v2\/posts\/1073742\/revisions\/1073744"}],"wp:featuredmedia":[{"embeddable":true,"href":"https:\/\/dimensionturistica.com\/es\/wp-json\/wp\/v2\/media\/1073743"}],"wp:attachment":[{"href":"https:\/\/dimensionturistica.com\/es\/wp-json\/wp\/v2\/media?parent=1073742"}],"wp:term":[{"taxonomy":"category","embeddable":true,"href":"https:\/\/dimensionturistica.com\/es\/wp-json\/wp\/v2\/categories?post=1073742"},{"taxonomy":"post_tag","embeddable":true,"href":"https:\/\/dimensionturistica.com\/es\/wp-json\/wp\/v2\/tags?post=1073742"}],"curies":[{"name":"wp","href":"https:\/\/api.w.org\/{rel}","templated":true}]}}