{"id":1073709,"date":"2025-11-13T15:24:11","date_gmt":"2025-11-13T15:24:11","guid":{"rendered":"https:\/\/dimensionturistica.com\/es\/?p=1073709"},"modified":"2025-11-13T15:24:11","modified_gmt":"2025-11-13T15:24:11","slug":"ariana-grande-presenta-un-deslumbrante-atuendo-rosa-y-brillante-de-alta-costura-disenado-por-pierpaolo-piccioli","status":"publish","type":"post","link":"https:\/\/dimensionturistica.com\/es\/ariana-grande-presenta-un-deslumbrante-atuendo-rosa-y-brillante-de-alta-costura-disenado-por-pierpaolo-piccioli\/","title":{"rendered":"Ariana Grande presenta un deslumbrante atuendo rosa y brillante de alta costura, dise\u00f1ado por Pierpaolo Piccioli"},"content":{"rendered":"<h3>La \u00daltima Sensaci\u00f3n en el Mundo de la Moda: El Vestido Customizado de Ariana Grande<\/h3>\n<p>En una noche que promet\u00eda ser inolvidable, una de las figuras m\u00e1s ic\u00f3nicas de la m\u00fasica lleg\u00f3 para deslumbrar con un look excepcionalmente elaborado. Ariana Grande, conocida no solo por su impresionante voz, sino tambi\u00e9n por su estilo a la vanguardia, se destac\u00f3 en un evento reciente luciendo un vestido de alta costura que ha capturado la atenci\u00f3n del p\u00fablico y la cr\u00edtica por igual.<\/p>\n<p>El modisto detr\u00e1s de esta obra de arte es Pier Paolo Piccioli, director creativo de Balenciaga, que ha sabido fusionar innovaci\u00f3n y elegancia para crear una pieza que no es solo un vestido, sino una declaraci\u00f3n de intenciones. Este dise\u00f1o exclusivo, hecho a medida, rinde homenaje al legado de la alta costura mientras desaf\u00eda las convenciones de la moda contempor\u00e1nea.<\/p>\n<h3>Un Viaje por los Detalles<\/h3>\n<p>El vestido, que se llev\u00f3 todos los aplausos, destaca por sus intrincados detalles que hablan de la destreza artesanal y un enfoque visionario. La tela, cuidadosamente seleccionada, presenta una paleta de colores que resalta la silueta femenina, al tiempo que incorpora texturas \u00fanicas que capturan la luz en cada movimiento. Los acabados meticulosos y los bordados met\u00f3dicamente aplicados revelan un traje que es, sin duda, el resultado de largas horas de trabajo en el atelier.<\/p>\n<h3>Una Fusi\u00f3n de Estilos<\/h3>\n<p>La elecci\u00f3n de Ariana por un dise\u00f1o de Balenciaga no es casualidad. La marca ha estado en el centro de la conversaci\u00f3n de la moda, fusionando lo cl\u00e1sico con lo contempor\u00e1neo de maneras inesperadas. Con Piccioli al tim\u00f3n, la casa ha logrado reinventar conceptos tradicionales, llev\u00e1ndolos a nuevas alturas. Esta colaboraci\u00f3n es un testimonio del poder de la moda para contar historias a trav\u00e9s de la combinaci\u00f3n de diferentes influencias y est\u00e9ticas.<\/p>\n<h3>Un Impacto Inmediato<\/h3>\n<p>La aparici\u00f3n de Ariana en este vestido ha generado un furor palpable, tanto en las redes sociales como en los medios de comunicaci\u00f3n. La combinaci\u00f3n de su presencia esc\u00e9nica y el dise\u00f1o de alto calibre ha creado un fen\u00f3meno viral, donde cada imagen del vestido se comparte y comenta, catapult\u00e1ndolo a convertirse en uno de los looks m\u00e1s discutidos de la temporada. La interacci\u00f3n de los fans en plataformas digitales amplifica la influencia de esta creaci\u00f3n, haciendo que el vestido no solo vista a una artista, sino que envuelva una conversaci\u00f3n sobre elegancia y expresi\u00f3n personal.<\/p>\n<h3>Un Reflejo de la Modernidad<\/h3>\n<p>Este vestido no es solo una prenda; es un reflejo de los tiempos modernos y el papel que desempe\u00f1an las celebrities en la moda actual. Ariana Grande se convierte en un puente entre los mundos de la m\u00fasica y la moda, mostrando c\u00f3mo una elecci\u00f3n de vestuario puede crear una narrativa poderosa que resuena en m\u00faltiples niveles. Al optar por un dise\u00f1o exclusivo y visionario, ella se posiciona como una musa contempor\u00e1nea, inspirando a nuevas generaciones a explorar su propia identidad a trav\u00e9s de la moda.<\/p>\n<h3>Conclusi\u00f3n<\/h3>\n<p>El vestido customizado de Ariana Grande es un claro ejemplo de c\u00f3mo la alta costura puede trascender la pasarela y convertirse en un fen\u00f3meno cultural. A trav\u00e9s de la creatividad y la colaboraci\u00f3n, tanto de la artista como del dise\u00f1ador, la moda se presenta como un lenguaje universal que trasciende fronteras, convirti\u00e9ndose en una forma de arte que todos pueden apreciar. La atenci\u00f3n que ha recibido este look es solo el comienzo de una conversaci\u00f3n m\u00e1s amplia sobre la vitalidad de la moda en la era moderna.<\/p>\n<p><em> &#8221; Fuentes www.vogue.com &#8221; <\/em><\/p>\n","protected":false},"excerpt":{"rendered":"<p>La \u00daltima Sensaci\u00f3n en el Mundo de la Moda: El Vestido Customizado de Ariana Grande En una noche que promet\u00eda ser inolvidable, una de las figuras m\u00e1s ic\u00f3nicas de la m\u00fasica lleg\u00f3 para deslumbrar con un look excepcionalmente elaborado. Ariana Grande, conocida no solo por su impresionante voz, sino tambi\u00e9n por su estilo a la [&hellip;]<\/p>\n","protected":false},"author":14,"featured_media":1073710,"comment_status":"open","ping_status":"closed","sticky":false,"template":"","format":"standard","meta":{"om_disable_all_campaigns":false,"jnews-multi-image_gallery":[],"jnews_single_post":[],"jnews_primary_category":[],"jnews_social_meta":[],"footnotes":""},"categories":[144872],"tags":[201911,46889,199076,150198,224835,196924,256553],"class_list":["post-1073709","post","type-post","status-publish","format-standard","has-post-thumbnail","hentry","category-fashion","tag-ariana-grande","tag-balenciaga","tag-couture","tag-custom","tag-pierpaolo-piccioli","tag-pink","tag-sparkly"],"_links":{"self":[{"href":"https:\/\/dimensionturistica.com\/es\/wp-json\/wp\/v2\/posts\/1073709","targetHints":{"allow":["GET"]}}],"collection":[{"href":"https:\/\/dimensionturistica.com\/es\/wp-json\/wp\/v2\/posts"}],"about":[{"href":"https:\/\/dimensionturistica.com\/es\/wp-json\/wp\/v2\/types\/post"}],"author":[{"embeddable":true,"href":"https:\/\/dimensionturistica.com\/es\/wp-json\/wp\/v2\/users\/14"}],"replies":[{"embeddable":true,"href":"https:\/\/dimensionturistica.com\/es\/wp-json\/wp\/v2\/comments?post=1073709"}],"version-history":[{"count":1,"href":"https:\/\/dimensionturistica.com\/es\/wp-json\/wp\/v2\/posts\/1073709\/revisions"}],"predecessor-version":[{"id":1073711,"href":"https:\/\/dimensionturistica.com\/es\/wp-json\/wp\/v2\/posts\/1073709\/revisions\/1073711"}],"wp:featuredmedia":[{"embeddable":true,"href":"https:\/\/dimensionturistica.com\/es\/wp-json\/wp\/v2\/media\/1073710"}],"wp:attachment":[{"href":"https:\/\/dimensionturistica.com\/es\/wp-json\/wp\/v2\/media?parent=1073709"}],"wp:term":[{"taxonomy":"category","embeddable":true,"href":"https:\/\/dimensionturistica.com\/es\/wp-json\/wp\/v2\/categories?post=1073709"},{"taxonomy":"post_tag","embeddable":true,"href":"https:\/\/dimensionturistica.com\/es\/wp-json\/wp\/v2\/tags?post=1073709"}],"curies":[{"name":"wp","href":"https:\/\/api.w.org\/{rel}","templated":true}]}}