{"id":1073630,"date":"2025-11-13T11:43:49","date_gmt":"2025-11-13T11:43:49","guid":{"rendered":"https:\/\/dimensionturistica.com\/es\/?p=1073630"},"modified":"2025-11-13T11:43:49","modified_gmt":"2025-11-13T11:43:49","slug":"es-aceptable-publicar-imagenes-de-la-cara-de-mi-bebe-en-internet","status":"publish","type":"post","link":"https:\/\/dimensionturistica.com\/es\/es-aceptable-publicar-imagenes-de-la-cara-de-mi-bebe-en-internet\/","title":{"rendered":"\u00bfEs Aceptable Publicar Im\u00e1genes de la Cara de Mi Beb\u00e9 en Internet?"},"content":{"rendered":"<h3>La Dicotom\u00eda Digital: \u00bfDeber\u00edamos Compartir el Rostro de Nuestros Beb\u00e9s en las Redes Sociales?<\/h3>\n<p>En la era de las redes sociales, compartir momentos de la vida diaria se ha convertido en una pr\u00e1ctica com\u00fan entre padres y madres. Sin embargo, esta tendencia plantea una pregunta crucial: \u00bfes apropiado mostrar el rostro de nuestros peque\u00f1os en l\u00ednea? El dilema de c\u00f3mo y cu\u00e1ndo compartir la vida de nuestros hijos est\u00e1 en el centro del debate actual sobre la privacidad digital.<\/p>\n<p>Con un simple clic, una imagen puede llegar a millones. Las plataformas permiten que im\u00e1genes adorables de reci\u00e9n nacidos y travesuras infantiles se vuelvan virales. Sin embargo, expertos en el campo de la psicolog\u00eda y la \u00e9tica advierten sobre las repercusiones a largo plazo que estas decisiones pueden tener en la vida digital de los ni\u00f1os.<\/p>\n<h3>La Presencia Digital desde el Nacimiento<\/h3>\n<p>Desde sus primeros d\u00edas, los beb\u00e9s ocupan un lugar prominente en los feeds de redes sociales. Los padres, emocionados, desean compartir su alegr\u00eda y amor con el mundo. Pero esta visibilidad puede tener consecuencias inesperadas. Cuestionar si el consentimiento de un ni\u00f1o es relevante desde la infancia es esencial. En esta nueva realidad digital, los ni\u00f1os no pueden dar su aprobaci\u00f3n; sus im\u00e1genes son, muchas veces, una extensi\u00f3n del deseo de los padres por conectar.<\/p>\n<h3>La Privacidad en Tiempos Modernos<\/h3>\n<p>La preocupaci\u00f3n por la privacidad es un tema resurgente. A medida que las redes sociales evolucionan, tambi\u00e9n lo hacen los m\u00e9todos de recopilaci\u00f3n de datos. Las im\u00e1genes que compartimos pueden ser utilizadas sin nuestro consentimiento y, potencialmente, pueden llegar a manos equivocadas. La noci\u00f3n de que la privacidad se puede recuperar en el futuro es, para muchos, un mito. A lo largo de los a\u00f1os, miles de fotos se acumulan en la red, creando un rastro digital dif\u00edcil de borrar.<\/p>\n<h3>La Huella Digital y Su Impacto<\/h3>\n<p>Los ni\u00f1os de hoy ser\u00e1n adultos en un mundo donde sus im\u00e1genes podr\u00edan haber sido vistas por desconocidos. Concienciar sobre la huella digital es fundamental. Los padres deben estar al tanto de c\u00f3mo las decisiones actuales repercutir\u00e1n en la identidad digital de sus hijos. Reflexionar sobre las im\u00e1genes que decidimos compartir es un ejercicio de responsabilidad.<\/p>\n<h3>Alternativas Creativas para Compartir<\/h3>\n<p>Si la necesidad de compartir es grande, existen alternativas que permiten disfrutar de la experiencia sin exponer el rostro del ni\u00f1o. Por ejemplo, fotos que capturan momentos sin mostrar la cara, o crear im\u00e1genes art\u00edsticas que simbolicen su crecimiento sin revelar su identidad. La creatividad puede ofrecer soluciones que mantengan la esencia de la paternidad visible y, al mismo tiempo, resguarden la privacidad del ni\u00f1o.<\/p>\n<h3>Conclusi\u00f3n para la Reflexi\u00f3n Colectiva<\/h3>\n<p>La decisi\u00f3n de compartir la vida de un ni\u00f1o en las redes sociales es m\u00e1s compleja de lo que parece. Los padres deben navegar por un paisaje digital cambiante, equilibrando el deseo de compartir con la necesidad de proteger. Este es un debate que invita a la reflexi\u00f3n, no solo sobre la paternidad moderna, sino tambi\u00e9n sobre las normas sociales que, en \u00faltima instancia, determinar\u00e1n c\u00f3mo nuestros hijos experimentar\u00e1n y gestionar\u00e1n su propia imagen en el futuro.<\/p>\n<p>\u00bfQu\u00e9 piensas t\u00fa sobre la exposici\u00f3n digital de los m\u00e1s peque\u00f1os? La conversaci\u00f3n est\u00e1 abierta, y es esencial que todos, padres y sociedad, participen en ella.<\/p>\n<p><em> &#8221; Fuentes www.vogue.com &#8221; <\/em><\/p>\n","protected":false},"excerpt":{"rendered":"<p>La Dicotom\u00eda Digital: \u00bfDeber\u00edamos Compartir el Rostro de Nuestros Beb\u00e9s en las Redes Sociales? En la era de las redes sociales, compartir momentos de la vida diaria se ha convertido en una pr\u00e1ctica com\u00fan entre padres y madres. Sin embargo, esta tendencia plantea una pregunta crucial: \u00bfes apropiado mostrar el rostro de nuestros peque\u00f1os en [&hellip;]<\/p>\n","protected":false},"author":14,"featured_media":1073631,"comment_status":"open","ping_status":"closed","sticky":false,"template":"","format":"standard","meta":{"om_disable_all_campaigns":false,"jnews-multi-image_gallery":[],"jnews_single_post":[],"jnews_primary_category":[],"jnews_social_meta":[],"footnotes":""},"categories":[144872],"tags":[131281,256524,256527,256526,201906,256528,256525,92079,256529,357],"class_list":["post-1073630","post","type-post","status-publish","format-standard","has-post-thumbnail","hentry","category-fashion","tag-parenting-advice","tag-baby-safety","tag-child-protection","tag-digital-footprint","tag-heart-of-the-internet","tag-internet-safety","tag-online-privacy","tag-parenthood","tag-public-sharing","tag-social-media"],"_links":{"self":[{"href":"https:\/\/dimensionturistica.com\/es\/wp-json\/wp\/v2\/posts\/1073630","targetHints":{"allow":["GET"]}}],"collection":[{"href":"https:\/\/dimensionturistica.com\/es\/wp-json\/wp\/v2\/posts"}],"about":[{"href":"https:\/\/dimensionturistica.com\/es\/wp-json\/wp\/v2\/types\/post"}],"author":[{"embeddable":true,"href":"https:\/\/dimensionturistica.com\/es\/wp-json\/wp\/v2\/users\/14"}],"replies":[{"embeddable":true,"href":"https:\/\/dimensionturistica.com\/es\/wp-json\/wp\/v2\/comments?post=1073630"}],"version-history":[{"count":1,"href":"https:\/\/dimensionturistica.com\/es\/wp-json\/wp\/v2\/posts\/1073630\/revisions"}],"predecessor-version":[{"id":1073632,"href":"https:\/\/dimensionturistica.com\/es\/wp-json\/wp\/v2\/posts\/1073630\/revisions\/1073632"}],"wp:featuredmedia":[{"embeddable":true,"href":"https:\/\/dimensionturistica.com\/es\/wp-json\/wp\/v2\/media\/1073631"}],"wp:attachment":[{"href":"https:\/\/dimensionturistica.com\/es\/wp-json\/wp\/v2\/media?parent=1073630"}],"wp:term":[{"taxonomy":"category","embeddable":true,"href":"https:\/\/dimensionturistica.com\/es\/wp-json\/wp\/v2\/categories?post=1073630"},{"taxonomy":"post_tag","embeddable":true,"href":"https:\/\/dimensionturistica.com\/es\/wp-json\/wp\/v2\/tags?post=1073630"}],"curies":[{"name":"wp","href":"https:\/\/api.w.org\/{rel}","templated":true}]}}