{"id":1073548,"date":"2025-11-13T08:04:52","date_gmt":"2025-11-13T08:04:52","guid":{"rendered":"https:\/\/dimensionturistica.com\/es\/?p=1073548"},"modified":"2025-11-13T08:04:52","modified_gmt":"2025-11-13T08:04:52","slug":"evolucion-de-los-latin-grammys-y-el-proceso-de-seleccion-de-los-premiados","status":"publish","type":"post","link":"https:\/\/dimensionturistica.com\/es\/evolucion-de-los-latin-grammys-y-el-proceso-de-seleccion-de-los-premiados\/","title":{"rendered":"Evoluci\u00f3n de los Latin Grammys y el proceso de selecci\u00f3n de los premiados"},"content":{"rendered":"<h3>La Evoluci\u00f3n de los Latin Grammys: Un Viaje a Trav\u00e9s de la Moda y la M\u00fasica<\/h3>\n<p>Los Latin Grammys han trascendido m\u00e1s all\u00e1 de ser simplemente una ceremonia de premiaci\u00f3n. Desde su creaci\u00f3n en 2000, se han convertido en un epicentro de la cultura musical latina, presentando una mezcla vibrante de ritmos y estilos que celebran la riqueza del talento hispano. Pero, \u00bfqu\u00e9 es lo que realmente hace que este evento sea tan especial? La respuesta, sin duda, radica en su capacidad para entrelazar la m\u00fasica con la moda.<\/p>\n<h3>Un Escenario de Estilo<\/h3>\n<p>El evento no solo resalta a los mejores artistas de la m\u00fasica latina, sino que tambi\u00e9n se ha establecido como un desfile de moda. Las alfombras rojas de los Latin Grammys han sido testigos de momentos ic\u00f3nicos: desde el glamour extravagante hasta los looks m\u00e1s vanguardistas y arriesgados. Estrellas como Rosal\u00eda, Shakira y J Balvin han deslumbrado con sus elecciones de vestuario, redefiniendo lo que significa &#8216;vestir para impresionar&#8217;. Cada presentaci\u00f3n es un reflejo de la creatividad y la identidad cultural de cada artista, lo que les permite compartir su esencia a trav\u00e9s de la moda.<\/p>\n<h3>La Diversidad en Expresi\u00f3n<\/h3>\n<p>Uno de los aspectos m\u00e1s fascinantes de los Latin Grammys es su capacidad para celebrar la diversidad. La moda en este evento no se limita a un estilo o tendencia; aqu\u00ed se mezclan influencias de diferentes pa\u00edses y tradiciones, creando un atractivo \u00fanico. Dise\u00f1adores latinoamericanos han encontrado en esta plataforma una oportunidad para brillar, luciendo sus piezas que fusionan la modernidad con lo ancestral. Esto no solo enriquece el evento, sino que tambi\u00e9n potencia el reconocimiento de la moda latina a nivel global.<\/p>\n<h3>Influencia de las Redes Sociales<\/h3>\n<p>En la era digital, la visibilidad es clave. Las redes sociales juegan un papel fundamental en la configuraci\u00f3n de la narrativa de los Latin Grammys. El impacto inmediato de las publicaciones en Instagram, TikTok y Twitter hace que cada outfit, cada actuaci\u00f3n, sean objeto de conversaci\u00f3n casi instant\u00e1nea. Los fans se vuelcan en las plataformas para comentar, compartir y crear contenido sobre sus looks favoritos, generando un ecosistema en el que la moda y la m\u00fasica se retroalimentan constantemente.<\/p>\n<h3>El Futuro de los Latin Grammys<\/h3>\n<p>Los Latin Grammys contin\u00faan evolucionando, y con cada nueva edici\u00f3n, el evento se adapta a las tendencias actuales, pero siempre con un pie firme en sus ra\u00edces. La moda seguir\u00e1 siendo un elemento central, proporcionando a los artistas una v\u00eda de expresi\u00f3n m\u00e1s all\u00e1 de la m\u00fasica. A medida que el evento crece y se transforma, el inter\u00e9s por la moda latina tambi\u00e9n lo hace, abriendo nuevas oportunidades para dise\u00f1adores y artistas por igual.<\/p>\n<p>En resumen, los Latin Grammys son m\u00e1s que una celebraci\u00f3n de la m\u00fasica; son un escaparate de la moda que narra una historia de diversidad, creatividad y conexi\u00f3n cultural. Con cada a\u00f1o que pasa, este evento reafirma su posici\u00f3n como un pilar en la m\u00fasica y la moda, haciendo eco de la riqueza de la herencia latina.<\/p>\n<p><em> &#8221; Fuentes www.vogue.mx &#8221; <\/em><\/p>\n","protected":false},"excerpt":{"rendered":"<p>La Evoluci\u00f3n de los Latin Grammys: Un Viaje a Trav\u00e9s de la Moda y la M\u00fasica Los Latin Grammys han trascendido m\u00e1s all\u00e1 de ser simplemente una ceremonia de premiaci\u00f3n. Desde su creaci\u00f3n en 2000, se han convertido en un epicentro de la cultura musical latina, presentando una mezcla vibrante de ritmos y estilos que [&hellip;]<\/p>\n","protected":false},"author":14,"featured_media":1073549,"comment_status":"open","ping_status":"closed","sticky":false,"template":"","format":"standard","meta":{"om_disable_all_campaigns":false,"jnews-multi-image_gallery":[],"jnews_single_post":[],"jnews_primary_category":[],"jnews_social_meta":[],"footnotes":""},"categories":[144872],"tags":[201272,1743,6643,203583,8404,214845,2282,966,2393],"class_list":["post-1073548","post","type-post","status-publish","format-standard","has-post-thumbnail","hentry","category-fashion","tag-cultura-latina","tag-ganadores","tag-historia","tag-industria-musical","tag-latin-grammy","tag-latin-grammys","tag-musica","tag-premios","tag-seleccion"],"_links":{"self":[{"href":"https:\/\/dimensionturistica.com\/es\/wp-json\/wp\/v2\/posts\/1073548","targetHints":{"allow":["GET"]}}],"collection":[{"href":"https:\/\/dimensionturistica.com\/es\/wp-json\/wp\/v2\/posts"}],"about":[{"href":"https:\/\/dimensionturistica.com\/es\/wp-json\/wp\/v2\/types\/post"}],"author":[{"embeddable":true,"href":"https:\/\/dimensionturistica.com\/es\/wp-json\/wp\/v2\/users\/14"}],"replies":[{"embeddable":true,"href":"https:\/\/dimensionturistica.com\/es\/wp-json\/wp\/v2\/comments?post=1073548"}],"version-history":[{"count":1,"href":"https:\/\/dimensionturistica.com\/es\/wp-json\/wp\/v2\/posts\/1073548\/revisions"}],"predecessor-version":[{"id":1073550,"href":"https:\/\/dimensionturistica.com\/es\/wp-json\/wp\/v2\/posts\/1073548\/revisions\/1073550"}],"wp:featuredmedia":[{"embeddable":true,"href":"https:\/\/dimensionturistica.com\/es\/wp-json\/wp\/v2\/media\/1073549"}],"wp:attachment":[{"href":"https:\/\/dimensionturistica.com\/es\/wp-json\/wp\/v2\/media?parent=1073548"}],"wp:term":[{"taxonomy":"category","embeddable":true,"href":"https:\/\/dimensionturistica.com\/es\/wp-json\/wp\/v2\/categories?post=1073548"},{"taxonomy":"post_tag","embeddable":true,"href":"https:\/\/dimensionturistica.com\/es\/wp-json\/wp\/v2\/tags?post=1073548"}],"curies":[{"name":"wp","href":"https:\/\/api.w.org\/{rel}","templated":true}]}}