{"id":1073486,"date":"2025-11-13T04:54:46","date_gmt":"2025-11-13T04:54:46","guid":{"rendered":"https:\/\/dimensionturistica.com\/es\/?p=1073486"},"modified":"2025-11-13T04:54:46","modified_gmt":"2025-11-13T04:54:46","slug":"como-usar-bailarinas-en-invierno-es-posible","status":"publish","type":"post","link":"https:\/\/dimensionturistica.com\/es\/como-usar-bailarinas-en-invierno-es-posible\/","title":{"rendered":"C\u00f3mo Usar Bailarinas en Invierno (\u00bfEs Posible?)"},"content":{"rendered":"<h3>Elegancia y Comodidad: El Renacer de las Bailarinas en Invierno<\/h3>\n<p>Cuando se habla de moda invernal, es habitual pensar en botas altas, abrigos pesados y bufandas abultadas. Sin embargo, este a\u00f1o, un cl\u00e1sico de la moda, las bailarinas, regresa con fuerza para redefinir la elegancia femenina durante la temporada fr\u00eda. <\/p>\n<h4>Versatilidad y Estilo<\/h4>\n<p>Las bailarinas, conocidas por su dise\u00f1o minimalista y comodidad, se presentan como la opci\u00f3n ideal para quienes buscan un equilibrio entre estilo y funcionalidad. Su versatilidad permite combinaciones infinitas: desde un look casual hasta una propuesta m\u00e1s sofisticada. Estas c\u00f3modas zapatillas son perfectas para cualquier ocasi\u00f3n, desde un paseo de fin de semana hasta una reuni\u00f3n de trabajo.<\/p>\n<h4>C\u00f3mo Combinar<\/h4>\n<ol>\n<li>\n<p><strong>Con Trajes de Lana<\/strong>: La mezcla de texturas es clave. Un traje de lana cl\u00e1sico se transforma al a\u00f1adir bailarinas met\u00e1licas o en tonos vibrantes. Un toque de color en el calzado puede elevar el conjunto, convirti\u00e9ndolo en una opci\u00f3n llamativa y contempor\u00e1nea.<\/p>\n<\/li>\n<li>\n<p><strong>Vestidos de Invierno<\/strong>: Los vestidos midi son un must en el armario de invierno. Combinados con bailarinas de charol o en tonos pastel, se logra un look que irradia feminidad. Agregar un abrigo oversize completa el conjunto, proporcionando calidez sin sacrificar estilo.<\/p>\n<\/li>\n<li>\n<p><strong>Jeans y Sudaderas<\/strong>: Para un look de diario, nada mejor que unos jeans ajustados y una sudadera acogedora. Las bailarinas aportan un toque de sofisticaci\u00f3n que contrasta perfectamente con la informalidad del conjunto. Optar por un calzado con detalles, como hebillas o estampados, puede hacer la diferencia.<\/p>\n<\/li>\n<\/ol>\n<h4>Colores y Texturas<\/h4>\n<p>La paleta de colores para esta temporada se mueve entre los neutros elegantes y los tonos m\u00e1s vibrantes. Los colores cl\u00e1sicos como el negro o el beige son esenciales, pero las bailarinas en colores joya prometen ser un punto focal en cualquier atuendo. Adem\u00e1s, la inclusi\u00f3n de texturas como el terciopelo o el cuero a\u00f1ade profundidad y encanto a cada paso.<\/p>\n<h4>Accesorios que Complementan<\/h4>\n<p>Integrar accesorios tambi\u00e9n es crucial para destacar la belleza de las bailarinas. Un par de medias estampadas puede a\u00f1adir un elemento divertido y coqueto, mientras que un bolso estructurado proporciona un aire de sofisticaci\u00f3n. Las bufandas ligeras y los gorros elegantes pueden ser el toque final para cerrar un look de invierno perfecto.<\/p>\n<h4>Un Impacto en la Moda Sostenible<\/h4>\n<p>Con la creciente importancia de la sostenibilidad en la moda, optar por bailarinas elaboradas con materiales reciclados o sostenibles representa una elecci\u00f3n consciente. Muchas marcas est\u00e1n tomando la delantera en este aspecto, ofreciendo alternativas que no solo son estil\u00edsticamente atractivas, sino tambi\u00e9n responsables con el medio ambiente.<\/p>\n<h3>La Renueva Estaci\u00f3n de las Bailarinas<\/h3>\n<p>El retorno de las bailarinas durante el invierno lleva consigo un esp\u00edritu renovador. Se trata de una propuesta que invita a experimentar con estilos y combinaciones, haciendo alarde de creatividad sin perder de vista la comodidad. Incorporar estas piezas clave en el armario no solo garantiza un look chic, sino que tambi\u00e9n permite expresar individualidad y estilo personal de una manera accesible y efectiva. <\/p>\n<p>El fr\u00edo no tiene por qu\u00e9 ser sin\u00f3nimo de calzado inc\u00f3modo y poco inspirador; las bailarinas demuestran que elegancia y confort pueden ir de la mano. \u00a1Es momento de actualizar el armario y dar la bienvenida a una temporada llena de estilo y sofisticaci\u00f3n!<\/p>\n<p><em> &#8221; Fuentes www.vogue.com &#8221; <\/em><\/p>\n","protected":false},"excerpt":{"rendered":"<p>Elegancia y Comodidad: El Renacer de las Bailarinas en Invierno Cuando se habla de moda invernal, es habitual pensar en botas altas, abrigos pesados y bufandas abultadas. Sin embargo, este a\u00f1o, un cl\u00e1sico de la moda, las bailarinas, regresa con fuerza para redefinir la elegancia femenina durante la temporada fr\u00eda. Versatilidad y Estilo Las bailarinas, [&hellip;]<\/p>\n","protected":false},"author":14,"featured_media":1073487,"comment_status":"open","ping_status":"closed","sticky":false,"template":"","format":"standard","meta":{"om_disable_all_campaigns":false,"jnews-multi-image_gallery":[],"jnews_single_post":[],"jnews_primary_category":[],"jnews_social_meta":[],"footnotes":""},"categories":[144872],"tags":[198537,198594,198536,198535,212536,46489,132238,166,256500,256499,198499,198525,205868,202,217122,202791,198500,241593,198520],"class_list":["post-1073486","post","type-post","status-publish","format-standard","has-post-thumbnail","hentry","category-fashion","tag-_commerce","tag-_sensitivecontent","tag-_seo","tag-_syndication_noshow","tag-ballet-flats","tag-comfort","tag-digital_syndication","tag-fashion","tag-fashion-guidance","tag-footwear-tips","tag-onecolumn","tag-outfit-ideas","tag-seasonal-style","tag-shopping","tag-storytypecategory-guide-comparison","tag-style-advice","tag-textabovecenterfullbleed","tag-versatile-shoes","tag-winter-fashion"],"_links":{"self":[{"href":"https:\/\/dimensionturistica.com\/es\/wp-json\/wp\/v2\/posts\/1073486","targetHints":{"allow":["GET"]}}],"collection":[{"href":"https:\/\/dimensionturistica.com\/es\/wp-json\/wp\/v2\/posts"}],"about":[{"href":"https:\/\/dimensionturistica.com\/es\/wp-json\/wp\/v2\/types\/post"}],"author":[{"embeddable":true,"href":"https:\/\/dimensionturistica.com\/es\/wp-json\/wp\/v2\/users\/14"}],"replies":[{"embeddable":true,"href":"https:\/\/dimensionturistica.com\/es\/wp-json\/wp\/v2\/comments?post=1073486"}],"version-history":[{"count":1,"href":"https:\/\/dimensionturistica.com\/es\/wp-json\/wp\/v2\/posts\/1073486\/revisions"}],"predecessor-version":[{"id":1073488,"href":"https:\/\/dimensionturistica.com\/es\/wp-json\/wp\/v2\/posts\/1073486\/revisions\/1073488"}],"wp:featuredmedia":[{"embeddable":true,"href":"https:\/\/dimensionturistica.com\/es\/wp-json\/wp\/v2\/media\/1073487"}],"wp:attachment":[{"href":"https:\/\/dimensionturistica.com\/es\/wp-json\/wp\/v2\/media?parent=1073486"}],"wp:term":[{"taxonomy":"category","embeddable":true,"href":"https:\/\/dimensionturistica.com\/es\/wp-json\/wp\/v2\/categories?post=1073486"},{"taxonomy":"post_tag","embeddable":true,"href":"https:\/\/dimensionturistica.com\/es\/wp-json\/wp\/v2\/tags?post=1073486"}],"curies":[{"name":"wp","href":"https:\/\/api.w.org\/{rel}","templated":true}]}}