{"id":1073202,"date":"2025-11-12T18:40:29","date_gmt":"2025-11-12T18:40:29","guid":{"rendered":"https:\/\/dimensionturistica.com\/es\/?p=1073202"},"modified":"2025-11-12T18:40:29","modified_gmt":"2025-11-12T18:40:29","slug":"mas-de-13-millones-de-traslados-en-transporte-publico-durante-los-conciertos-de-shakira-en-la-ciudad","status":"publish","type":"post","link":"https:\/\/dimensionturistica.com\/es\/mas-de-13-millones-de-traslados-en-transporte-publico-durante-los-conciertos-de-shakira-en-la-ciudad\/","title":{"rendered":"M\u00e1s de 1,3 millones de traslados en transporte p\u00fablico durante los conciertos de Shakira en la ciudad"},"content":{"rendered":"<h3>Quito: Un Epicentro Cultural en Movimiento<\/h3>\n<p>Quito, la majestuosa capital de Ecuador, ha demostrado su capacidad para ser un im\u00e1n de atracci\u00f3n tur\u00edstica, especialmente en momentos de gran relevancia cultural. Recientemente, la ciudad fue escenario de un fen\u00f3meno inesperado que evidenci\u00f3 su potencial: m\u00e1s de 1.3 millones de viajes en el transporte municipal durante los conciertos de una reconocida artista internacional. Este suceso no solo resalta la importancia de la m\u00fasica en la vida de los ecuatorianos, sino tambi\u00e9n el papel fundamental que juega el transporte p\u00fablico en la movilidad de los ciudadanos y visitantes.<\/p>\n<h4>La Ciudad se Llena de Ritmos<\/h4>\n<p>La llegada de artistas de renombre mundial ha convertido a Quito en un destino privilegiado para los amantes de la m\u00fasica. Los conciertos no solo atraen a fan\u00e1ticos locales, sino que tambi\u00e9n llenan la ciudad de visitantes internacionales \u00e1vidos de experimentar la cultura quite\u00f1a. En este contexto, el transporte p\u00fablico se convirti\u00f3 en una herramienta vital, facilitando el desplazamiento de miles de personas hacia y desde los eventos. Los m\u00e1s de 1.3 millones de viajes registrados es testimonio de c\u00f3mo la m\u00fasica trasciende las fronteras, uniendo a las personas en un solo ritmo.<\/p>\n<h4>Un Sistema de Transporte en Valor<\/h4>\n<p>El \u00e9xito de estos eventos resalta la importancia de contar con un sistema de transporte p\u00fablico eficiente. La infraestructura de Quito ha sabido adaptarse a la demanda, permitiendo que los asistentes lleguen de manera r\u00e1pida y segura a los lugares de los conciertos. Adem\u00e1s, esto promueve una experiencia m\u00e1s sostenible, pues optando por el transporte municipal se reduce la huella de carbono y se minimizan los problemas de tr\u00e1fico.<\/p>\n<h4>M\u00e1s All\u00e1 de los Conciertos<\/h4>\n<p>Los conciertos son solo una de las caras de la moneda. Quito ofrece una variedad de atracciones culturales, desde su impresionante arquitectura colonial hasta su rica gastronom\u00eda. Los visitantes que se trasladan para disfrutar de m\u00fasica en vivo tambi\u00e9n terminan explorando la Mitad del Mundo, la impresionante Bas\u00edlica del Voto Nacional, y los vibrantes mercados artesanales. Cada viaje en el transporte p\u00fablico puede convertirse en una aventura de descubrimiento, que conecta a los turistas con la esencia misma de la ciudad.<\/p>\n<h4>Un Futuro Prometedor<\/h4>\n<p>Estos eventos culturales posicionan a Quito en el mapa tur\u00edstico global, y al mismo tiempo, abren la puerta a futuras oportunidades. A medida que la ciudad contin\u00faa recibiendo grandes artistas, es probable que veamos un aumento en el n\u00famero de visitantes que buscan disfrutar de estos espect\u00e1culos. La combinaci\u00f3n de un sistema de transporte \u00e1gil y una rica oferta cultural garantiza que Quito se convierta en un destino preferido para aquellos que buscan una experiencia \u00fanica.<\/p>\n<h3>Conclusi\u00f3n<\/h3>\n<p>En resumen, Quito no solo se destaca por su impresionante patrimonio hist\u00f3rico y cultural, sino que tambi\u00e9n abraza la modernidad a trav\u00e9s de un transporte municipal que responde a las necesidades de su poblaci\u00f3n y de los turistas. La m\u00fasica, en este contexto, se convierte en un puente que conecta a todos, haciendo de la ciudad un vibrante escenario de experiencias inolvidables. Mientras el mundo sigue girando al comp\u00e1s de las melod\u00edas m\u00e1s envolventes, Quito se presenta como un destino que realmente merece ser explorado. \u00a1No te pierdas la oportunidad de ser parte de su historia musical!<\/p>\n<p><em> &#8221; Fuentes www.quitoinforma.gob.ec &#8221; <\/em><\/p>\n","protected":false},"excerpt":{"rendered":"<p>Quito: Un Epicentro Cultural en Movimiento Quito, la majestuosa capital de Ecuador, ha demostrado su capacidad para ser un im\u00e1n de atracci\u00f3n tur\u00edstica, especialmente en momentos de gran relevancia cultural. Recientemente, la ciudad fue escenario de un fen\u00f3meno inesperado que evidenci\u00f3 su potencial: m\u00e1s de 1.3 millones de viajes en el transporte municipal durante los [&hellip;]<\/p>\n","protected":false},"author":4,"featured_media":1073203,"comment_status":"open","ping_status":"closed","sticky":false,"template":"","format":"standard","meta":{"om_disable_all_campaigns":false,"jnews-multi-image_gallery":[],"jnews_single_post":[],"jnews_primary_category":[],"jnews_social_meta":[],"footnotes":""},"categories":[39],"tags":[18841,662,1371,724,1347,7913,1625,38543,653,545],"class_list":["post-1073202","post","type-post","status-publish","format-standard","has-post-thumbnail","hentry","category-viajes","tag-conciertos","tag-cultura","tag-entretenimiento","tag-eventos","tag-movilidad","tag-municipal","tag-quito","tag-shakira","tag-transporte","tag-viajes"],"_links":{"self":[{"href":"https:\/\/dimensionturistica.com\/es\/wp-json\/wp\/v2\/posts\/1073202","targetHints":{"allow":["GET"]}}],"collection":[{"href":"https:\/\/dimensionturistica.com\/es\/wp-json\/wp\/v2\/posts"}],"about":[{"href":"https:\/\/dimensionturistica.com\/es\/wp-json\/wp\/v2\/types\/post"}],"author":[{"embeddable":true,"href":"https:\/\/dimensionturistica.com\/es\/wp-json\/wp\/v2\/users\/4"}],"replies":[{"embeddable":true,"href":"https:\/\/dimensionturistica.com\/es\/wp-json\/wp\/v2\/comments?post=1073202"}],"version-history":[{"count":1,"href":"https:\/\/dimensionturistica.com\/es\/wp-json\/wp\/v2\/posts\/1073202\/revisions"}],"predecessor-version":[{"id":1073204,"href":"https:\/\/dimensionturistica.com\/es\/wp-json\/wp\/v2\/posts\/1073202\/revisions\/1073204"}],"wp:featuredmedia":[{"embeddable":true,"href":"https:\/\/dimensionturistica.com\/es\/wp-json\/wp\/v2\/media\/1073203"}],"wp:attachment":[{"href":"https:\/\/dimensionturistica.com\/es\/wp-json\/wp\/v2\/media?parent=1073202"}],"wp:term":[{"taxonomy":"category","embeddable":true,"href":"https:\/\/dimensionturistica.com\/es\/wp-json\/wp\/v2\/categories?post=1073202"},{"taxonomy":"post_tag","embeddable":true,"href":"https:\/\/dimensionturistica.com\/es\/wp-json\/wp\/v2\/tags?post=1073202"}],"curies":[{"name":"wp","href":"https:\/\/api.w.org\/{rel}","templated":true}]}}