{"id":1073165,"date":"2025-11-12T17:49:01","date_gmt":"2025-11-12T17:49:01","guid":{"rendered":"https:\/\/dimensionturistica.com\/es\/?p=1073165"},"modified":"2025-11-12T17:49:01","modified_gmt":"2025-11-12T17:49:01","slug":"johnny-indovina-presentara-en-mexico-la-gira-acustica-storyteller-tour-2025-a-finales-de-noviembre","status":"publish","type":"post","link":"https:\/\/dimensionturistica.com\/es\/johnny-indovina-presentara-en-mexico-la-gira-acustica-storyteller-tour-2025-a-finales-de-noviembre\/","title":{"rendered":"JOHNNY INDOVINA presentar\u00e1 en M\u00e9xico la gira ac\u00fastica STORYTELLER TOUR 2025 a finales\u00a0de Noviembre."},"content":{"rendered":"\n<figure class=\"wp-block-gallery has-nested-images columns-default is-cropped wp-block-gallery-1 is-layout-flex wp-block-gallery-is-layout-flex\">\n<figure class=\"wp-block-image size-large\"><img decoding=\"async\" width=\"500\" height=\"500\" data-id=\"1073168\" src=\"https:\/\/dimensionturistica.com\/es\/wp-content\/uploads\/2025\/11\/1JONY.jpg\" alt=\"\" class=\"wp-image-1073168\" srcset=\"https:\/\/dimensionturistica.com\/es\/wp-content\/uploads\/2025\/11\/1JONY.jpg 500w, https:\/\/dimensionturistica.com\/es\/wp-content\/uploads\/2025\/11\/1JONY-300x300.jpg 300w, https:\/\/dimensionturistica.com\/es\/wp-content\/uploads\/2025\/11\/1JONY-150x150.jpg 150w, https:\/\/dimensionturistica.com\/es\/wp-content\/uploads\/2025\/11\/1JONY-75x75.jpg 75w, https:\/\/dimensionturistica.com\/es\/wp-content\/uploads\/2025\/11\/1JONY-350x350.jpg 350w\" sizes=\"(max-width: 500px) 100vw, 500px\" \/><\/figure>\n<\/figure>\n\n\n\n<p>Grupo Invitado: HILO NEGRO<\/p>\n\n\n\n<p>JOHNNY INDOVINA, l\u00edder vocalista de HUMAN DRAMA, visitar\u00e1 M\u00e9xico&nbsp;para ofrecer una serie de&nbsp;conciertos ac\u00fasticos, \u00edntimos y aut\u00e9nticos, como parte de su gira STORYTELLER TOUR 2025.<\/p>\n\n\n\n<p>El c\u00e9lebre m\u00fasico, cantante y compositor ya prepara una interesante selecci\u00f3n de las<\/p>\n\n\n\n<p>composiciones m\u00e1s conocidas, incluyendo sus piezas favoritas, para presentarlas tal como fueron&nbsp;concebidas, haciendo un recorrido por varias etapas durante 40 a\u00f1os de trayectoria musical con su&nbsp;emblem\u00e1tica banda de Los Angeles, Ca. y en su carrera como solista.<\/p>\n\n\n\n<p>En sus letras, JOHNNY INDOVINA habla sobre los altibajos que todos enfrentamos, siendo un<\/p>\n\n\n\n<figure class=\"wp-block-gallery has-nested-images columns-default is-cropped wp-block-gallery-2 is-layout-flex wp-block-gallery-is-layout-flex\">\n<figure class=\"wp-block-image size-large\"><img decoding=\"async\" width=\"500\" height=\"500\" data-id=\"1073170\" src=\"https:\/\/dimensionturistica.com\/es\/wp-content\/uploads\/2025\/11\/2JONY.jpg\" alt=\"\" class=\"wp-image-1073170\" srcset=\"https:\/\/dimensionturistica.com\/es\/wp-content\/uploads\/2025\/11\/2JONY.jpg 500w, https:\/\/dimensionturistica.com\/es\/wp-content\/uploads\/2025\/11\/2JONY-300x300.jpg 300w, https:\/\/dimensionturistica.com\/es\/wp-content\/uploads\/2025\/11\/2JONY-150x150.jpg 150w, https:\/\/dimensionturistica.com\/es\/wp-content\/uploads\/2025\/11\/2JONY-75x75.jpg 75w, https:\/\/dimensionturistica.com\/es\/wp-content\/uploads\/2025\/11\/2JONY-350x350.jpg 350w\" sizes=\"(max-width: 500px) 100vw, 500px\" \/><\/figure>\n<\/figure>\n\n\n\n<p>verdadero emp\u00e1tico de la condici\u00f3n humana, del amor y la vida; las l\u00e1grimas, el colapso, el \u00e9xito y&nbsp;todo lo que hay en medio.<\/p>\n\n\n\n<p>*Foto por cortes\u00eda de Zee Amer<\/p>\n\n\n\n<p>A finales de Noviembre, se presentar\u00e1 acompa\u00f1ado de su guitarra, compartiendo historias<\/p>\n\n\n\n<figure class=\"wp-block-gallery has-nested-images columns-default is-cropped wp-block-gallery-3 is-layout-flex wp-block-gallery-is-layout-flex\">\n<figure class=\"wp-block-image size-large\"><img decoding=\"async\" width=\"500\" height=\"625\" data-id=\"1073171\" src=\"https:\/\/dimensionturistica.com\/es\/wp-content\/uploads\/2025\/11\/3JONY.jpg\" alt=\"\" class=\"wp-image-1073171\" srcset=\"https:\/\/dimensionturistica.com\/es\/wp-content\/uploads\/2025\/11\/3JONY.jpg 500w, https:\/\/dimensionturistica.com\/es\/wp-content\/uploads\/2025\/11\/3JONY-240x300.jpg 240w\" sizes=\"(max-width: 500px) 100vw, 500px\" \/><\/figure>\n<\/figure>\n\n\n\n<p>reflexivas sobre el proceso creativo detr\u00e1s de cada canci\u00f3n, con las emociones m\u00e1s reales y crudas&nbsp;que cada tema encierra, invitando a los asistentes a sumergirse en un viaje musical muy cercano y&nbsp;transformador.<\/p>\n\n\n\n<p>*Foto por cortes\u00eda de Fernando Del R\u00edo<\/p>\n\n\n\n<p>Esta gira en M\u00e9xico,&nbsp;contar\u00e1 con la participaci\u00f3n especial de HILO NEGRO como Grupo Invitado,&nbsp;una banda mexicana de Rock Alternativo fundada por Michel Duhart (Guitarrista y Director&nbsp;Musical) y Julieta Soto, poseedora de una extraordinaria voz y presencia esc\u00e9nica, quienes&nbsp;acompa\u00f1ados de sus grandes m\u00fasicos y con sorprendentes arreglos especiales, presentar\u00e1n en&nbsp;formato ac\u00fastico, algunos temas que han consolidado a HILO NEGRO como un referente en la&nbsp;escena del Rock Nacional.<\/p>\n\n\n\n<p>El viernes 14 de Noviembre, JOHNNY INDOVINA ofrecer\u00e1 un Facebook Live para conectarse con&nbsp;sus seguidores y medios de comunicaci\u00f3n y as\u00ed dar a conocer m\u00e1s detalles sobre estas<\/p>\n\n\n\n<p>presentaciones.<\/p>\n\n\n\n<p>Los boletos de la gira STORYTELLER TOUR 2025 ya est\u00e1n disponibles con precios especiales en&nbsp;preventa:<\/p>\n\n\n\n<p>NOVIEMBRE 2025<\/p>\n\n\n\n<figure class=\"wp-block-gallery has-nested-images columns-default is-cropped wp-block-gallery-4 is-layout-flex wp-block-gallery-is-layout-flex\">\n<figure class=\"wp-block-image size-large\"><img decoding=\"async\" width=\"500\" height=\"750\" data-id=\"1073172\" src=\"https:\/\/dimensionturistica.com\/es\/wp-content\/uploads\/2025\/11\/7JONY.jpg\" alt=\"\" class=\"wp-image-1073172\" srcset=\"https:\/\/dimensionturistica.com\/es\/wp-content\/uploads\/2025\/11\/7JONY.jpg 500w, https:\/\/dimensionturistica.com\/es\/wp-content\/uploads\/2025\/11\/7JONY-200x300.jpg 200w\" sizes=\"(max-width: 500px) 100vw, 500px\" \/><\/figure>\n<\/figure>\n\n\n\n<p>Jueves 27- 8 PM- Beat 803&nbsp; (Puebla)<\/p>\n\n\n\n<p><a href=\"https:\/\/www.passline.com\/eventos\/johnny-indovina-cantante-y-compositor-de-human-drama-\"><u>https:\/\/www.passline.com\/eventos\/johnny-indovina-cantante-y-compositor-de-human-drama-<\/u><\/a>&nbsp;storyteller-tour-2025<\/p>\n\n\n\n<p>Viernes 28- 8.45 PM- Foro Alicia (CDMX)<\/p>\n\n\n\n<p>http:\/\/xoc-tickets.com\/events\/jhonnyIndovina<\/p>\n\n\n\n<p>Domingo 30- 7 PM- Foro Land\u00f3 (Toluca).<\/p>\n\n\n\n<p>Todos los conciertos ac\u00fasticos de STORYTELLER TOUR 2025, se podr\u00e1n apreciar c\u00f3modamente&nbsp;desde un lugar asignado, prometiendo ser memorables, llenos de magia y de emociones a flor de&nbsp;piel.<\/p>\n\n\n\n<p>Redes Sociales:<\/p>\n\n\n\n<figure class=\"wp-block-gallery has-nested-images columns-default is-cropped wp-block-gallery-5 is-layout-flex wp-block-gallery-is-layout-flex\">\n<figure class=\"wp-block-image size-full\"><img decoding=\"async\" width=\"500\" height=\"750\" data-id=\"1073173\" src=\"https:\/\/dimensionturistica.com\/es\/wp-content\/uploads\/2025\/11\/9JONY.jpg\" alt=\"\" class=\"wp-image-1073173\" srcset=\"https:\/\/dimensionturistica.com\/es\/wp-content\/uploads\/2025\/11\/9JONY.jpg 500w, https:\/\/dimensionturistica.com\/es\/wp-content\/uploads\/2025\/11\/9JONY-200x300.jpg 200w\" sizes=\"(max-width: 500px) 100vw, 500px\" \/><\/figure>\n<\/figure>\n\n\n\n<p>HUMAN DRAMA<\/p>\n\n\n\n<p>Facebook: https:\/\/www.facebook.com\/HumanDramaOfficial<\/p>\n\n\n\n<p>Instagram: https:\/\/www.instagram.com\/humandramaofficial\/?hl=en<\/p>\n\n\n\n<p>Youtube: https:\/\/www.youtube.com\/channel\/UCZF4F-IRFJXU5GJeQDfr4cg<\/p>\n\n\n\n<p>X: https:\/\/x.com\/HumanDramaOf<\/p>\n\n\n\n<p>Pandora: https:\/\/pandora.app.link\/ju4S4jS1Pfb<\/p>\n\n\n\n<p>Spotify: https:\/\/open.spotify.com\/artist\/0DQJBF0SWLQ3wo5lH6bdnN<\/p>\n\n\n\n<p>Bandcamp: https:\/\/humandrama.bandcamp.com\/album\/blurred-images<\/p>\n\n\n\n<p>Tidal: tidal.com\/browse\/artist\/3892548<\/p>\n\n\n\n<p>JOHNNY INDOVINA<\/p>\n\n\n\n<p>Facebook:&nbsp;https:\/\/www.facebook.com\/johnny.indovina.7\/<\/p>\n\n\n\n<p>Instagram: https:\/\/instagram.com\/johnnyhumandrama?igshid=YmMyMTA2M2Y=<\/p>\n\n\n\n<p>X: <a href=\"https:\/\/x.com\/Johnnyhttps:\/\/ccttnoticias.wordpress.com\/2025\/11\/12\/johnny-indovina-presentara-en-mexico-la-gira-acustica-storyteller-tour-2025-a-finales-de-noviembre\/Indovina\"><u>https:\/\/x.com\/Johnnyhttps:\/\/ccttnoticias.wordpress.com\/2025\/11\/12\/johnny-indovina-presentara-en-mexico-la-gira-acustica-storyteller-tour-2025-a-finales-de-noviembre\/Indovina<\/u><\/a><\/p>\n","protected":false},"excerpt":{"rendered":"<p>Grupo Invitado: HILO NEGRO JOHNNY INDOVINA, l\u00edder vocalista de HUMAN DRAMA, visitar\u00e1 M\u00e9xico&nbsp;para ofrecer una serie de&nbsp;conciertos ac\u00fasticos, \u00edntimos y aut\u00e9nticos, como parte de su gira STORYTELLER TOUR 2025. El c\u00e9lebre m\u00fasico, cantante y compositor ya prepara una interesante selecci\u00f3n de las composiciones m\u00e1s conocidas, incluyendo sus piezas favoritas, para presentarlas tal como fueron&nbsp;concebidas, haciendo [&hellip;]<\/p>\n","protected":false},"author":1,"featured_media":0,"comment_status":"open","ping_status":"closed","sticky":false,"template":"","format":"standard","meta":{"om_disable_all_campaigns":false,"jnews-multi-image_gallery":[],"jnews_single_post":{"format":"standard"},"jnews_primary_category":[],"jnews_social_meta":[],"footnotes":""},"categories":[144872],"tags":[],"class_list":["post-1073165","post","type-post","status-publish","format-standard","hentry","category-fashion"],"_links":{"self":[{"href":"https:\/\/dimensionturistica.com\/es\/wp-json\/wp\/v2\/posts\/1073165","targetHints":{"allow":["GET"]}}],"collection":[{"href":"https:\/\/dimensionturistica.com\/es\/wp-json\/wp\/v2\/posts"}],"about":[{"href":"https:\/\/dimensionturistica.com\/es\/wp-json\/wp\/v2\/types\/post"}],"author":[{"embeddable":true,"href":"https:\/\/dimensionturistica.com\/es\/wp-json\/wp\/v2\/users\/1"}],"replies":[{"embeddable":true,"href":"https:\/\/dimensionturistica.com\/es\/wp-json\/wp\/v2\/comments?post=1073165"}],"version-history":[{"count":1,"href":"https:\/\/dimensionturistica.com\/es\/wp-json\/wp\/v2\/posts\/1073165\/revisions"}],"predecessor-version":[{"id":1073174,"href":"https:\/\/dimensionturistica.com\/es\/wp-json\/wp\/v2\/posts\/1073165\/revisions\/1073174"}],"wp:attachment":[{"href":"https:\/\/dimensionturistica.com\/es\/wp-json\/wp\/v2\/media?parent=1073165"}],"wp:term":[{"taxonomy":"category","embeddable":true,"href":"https:\/\/dimensionturistica.com\/es\/wp-json\/wp\/v2\/categories?post=1073165"},{"taxonomy":"post_tag","embeddable":true,"href":"https:\/\/dimensionturistica.com\/es\/wp-json\/wp\/v2\/tags?post=1073165"}],"curies":[{"name":"wp","href":"https:\/\/api.w.org\/{rel}","templated":true}]}}