{"id":1072861,"date":"2025-11-11T03:03:44","date_gmt":"2025-11-11T03:03:44","guid":{"rendered":"https:\/\/dimensionturistica.com\/es\/?p=1072861"},"modified":"2025-11-11T03:03:44","modified_gmt":"2025-11-11T03:03:44","slug":"denim-sobre-denim-el-regreso-del-estilo-noventero-para-pasear-por-argentina","status":"publish","type":"post","link":"https:\/\/dimensionturistica.com\/es\/denim-sobre-denim-el-regreso-del-estilo-noventero-para-pasear-por-argentina\/","title":{"rendered":"Denim sobre denim: el regreso del estilo noventero para pasear por Argentina."},"content":{"rendered":"<h3>Denim sobre Denim: La Tendencia que Revive los 90<\/h3>\n<p>La moda siempre tiene una forma de resurgir, y lo que fue ic\u00f3nico en los 90 est\u00e1 de vuelta, m\u00e1s fuerte que nunca. El denim sobre denim, una de las tendencias m\u00e1s memorables de esa d\u00e9cada, ha logrado retomar su lugar en el armario contempor\u00e1neo. Esta combinaci\u00f3n, que puede evocar tanto nostalgia como modernidad, se siente fresca y relevante, especialmente con el estilo audaz de artistas como Dua Lipa, quien ha sido un referente en su implementaci\u00f3n.<\/p>\n<h4>\u00bfPor qu\u00e9 el Denim sobre Denim?<\/h4>\n<p>El denim sobre denim no es solo una elecci\u00f3n pr\u00e1ctica; es una declaraci\u00f3n de estilo. Imagina un outfit con una chaqueta vaquera oversized combinada con unos jeans ajustados. La clave est\u00e1 en el equilibrio de las siluetas y en la elecci\u00f3n de los tonos. Los looks monocrom\u00e1ticos ofrecen una elegancia effortless, mientras que las combinaciones de diferentes lavados maximizan el impacto visual.<\/p>\n<h4>La Influencia de los 90<\/h4>\n<p>Dua Lipa, durante su reciente presentaci\u00f3n en Argentina, captur\u00f3 la esencia del denim sobre denim al lucir una mezcla de texturas y estilos que evocaban esa era. Esta tendencia no solo se trata de usar prendas de mezclilla; se trata de revivir un estilo que marc\u00f3 una \u00e9poca y adaptarlo a la est\u00e9tica actual. Las superposiciones, los cortes audaces y los accesorios en\u00e9rgicos elevan el conjunto, siendo el detalle que marca la diferencia.<\/p>\n<h4>C\u00f3mo Llevarlo Este Oto\u00f1o<\/h4>\n<ol>\n<li>\n<p><strong>Capa y Combina<\/strong>: Juega con distintas capas. Opta por una camiseta b\u00e1sica bajo una chaqueta de denim y complem\u00e9ntalo con jeans de un tono diferente. La mezcla de texturas suma profundidad al look.<\/p>\n<\/li>\n<li>\n<p><strong>Siluetas Contrastantes<\/strong>: Experimenta con diferentes siluetas. Si eliges una chaqueta amplia, acomp\u00e1\u00f1ala con jeans ajustados. La combinaci\u00f3n de una parte superior m\u00e1s suelta y una inferior ce\u00f1ida puede crear una est\u00e9tica equilibrada y chic.<\/p>\n<\/li>\n<li>\n<p><strong>Accesorios Inteligentes<\/strong>: Los detalles son esenciales. Un cintur\u00f3n llamativo o unas botas de combate pueden aportar car\u00e1cter al outfit. No subestimes el poder de un buen par de zapatos; son capaces de transformar el estilo global.<\/p>\n<\/li>\n<li>\n<p><strong>Colores y Lavados<\/strong>: No te limites al cl\u00e1sico azul. Explora diferentes tonos, como el negro o el blanco, e incluso colores pastel. Combinar diferentes lavados de denim puede dar como resultado un look vibrante e innovador.<\/p>\n<\/li>\n<\/ol>\n<h4>La Versatilidad del Denim<\/h4>\n<p>La belleza del denim radica en su versatilidad. Puede adaptarse a numerosas circunstancias, desde una salida casual con amigos hasta eventos m\u00e1s formales, dependiendo de c\u00f3mo se lleve. La mezcla adecuada puede llevar un atuendo b\u00e1sico a nuevas alturas, permitiendo a cada persona expresar su personalidad.<\/p>\n<h4>Conclusi\u00f3n<\/h4>\n<p>El denim sobre denim est\u00e1 aqu\u00ed para quedarse, impulsando a las generaciones actuales a reimaginar looks del pasado con un toque contempor\u00e1neo. La influencia de iconos como Dua Lipa nos recuerda que la moda no tiene l\u00edmites y que cada uno de nosotros puede encontrar su propio estilo dentro de este resurgimiento. Aprovecha el poder del denim y siente la libertad de experimentar con esta tendencia que ha llegado para reintegrarse a los armarios de manera impactante. \u00a1Atr\u00e9vete a lucirlo!<\/p>\n<p><em> &#8221; Fuentes www.vogue.mx &#8221; <\/em><\/p>\n","protected":false},"excerpt":{"rendered":"<p>Denim sobre Denim: La Tendencia que Revive los 90 La moda siempre tiene una forma de resurgir, y lo que fue ic\u00f3nico en los 90 est\u00e1 de vuelta, m\u00e1s fuerte que nunca. El denim sobre denim, una de las tendencias m\u00e1s memorables de esa d\u00e9cada, ha logrado retomar su lugar en el armario contempor\u00e1neo. Esta [&hellip;]<\/p>\n","protected":false},"author":14,"featured_media":1072862,"comment_status":"open","ping_status":"closed","sticky":false,"template":"","format":"standard","meta":{"om_disable_all_campaigns":false,"jnews-multi-image_gallery":[],"jnews_single_post":[],"jnews_primary_category":[],"jnews_social_meta":[],"footnotes":""},"categories":[144872],"tags":[138368,768,6446,198513,20497,7758,16596,25059,659,10976,1252],"class_list":["post-1072861","post","type-post","status-publish","format-standard","has-post-thumbnail","hentry","category-fashion","tag-anos-90","tag-argentina","tag-celebridades","tag-denim","tag-dua-lipa","tag-estilo","tag-jeans","tag-look","tag-moda","tag-paseo","tag-tendencia"],"_links":{"self":[{"href":"https:\/\/dimensionturistica.com\/es\/wp-json\/wp\/v2\/posts\/1072861","targetHints":{"allow":["GET"]}}],"collection":[{"href":"https:\/\/dimensionturistica.com\/es\/wp-json\/wp\/v2\/posts"}],"about":[{"href":"https:\/\/dimensionturistica.com\/es\/wp-json\/wp\/v2\/types\/post"}],"author":[{"embeddable":true,"href":"https:\/\/dimensionturistica.com\/es\/wp-json\/wp\/v2\/users\/14"}],"replies":[{"embeddable":true,"href":"https:\/\/dimensionturistica.com\/es\/wp-json\/wp\/v2\/comments?post=1072861"}],"version-history":[{"count":1,"href":"https:\/\/dimensionturistica.com\/es\/wp-json\/wp\/v2\/posts\/1072861\/revisions"}],"predecessor-version":[{"id":1072863,"href":"https:\/\/dimensionturistica.com\/es\/wp-json\/wp\/v2\/posts\/1072861\/revisions\/1072863"}],"wp:featuredmedia":[{"embeddable":true,"href":"https:\/\/dimensionturistica.com\/es\/wp-json\/wp\/v2\/media\/1072862"}],"wp:attachment":[{"href":"https:\/\/dimensionturistica.com\/es\/wp-json\/wp\/v2\/media?parent=1072861"}],"wp:term":[{"taxonomy":"category","embeddable":true,"href":"https:\/\/dimensionturistica.com\/es\/wp-json\/wp\/v2\/categories?post=1072861"},{"taxonomy":"post_tag","embeddable":true,"href":"https:\/\/dimensionturistica.com\/es\/wp-json\/wp\/v2\/tags?post=1072861"}],"curies":[{"name":"wp","href":"https:\/\/api.w.org\/{rel}","templated":true}]}}