{"id":1072789,"date":"2025-11-11T00:03:45","date_gmt":"2025-11-11T00:03:45","guid":{"rendered":"https:\/\/dimensionturistica.com\/es\/?p=1072789"},"modified":"2025-11-11T00:03:45","modified_gmt":"2025-11-11T00:03:45","slug":"fortalecera-queretaro-su-promocion-turistica-durante-el-tianguis-nacional-de-pueblos-magicos","status":"publish","type":"post","link":"https:\/\/dimensionturistica.com\/es\/fortalecera-queretaro-su-promocion-turistica-durante-el-tianguis-nacional-de-pueblos-magicos\/","title":{"rendered":"Fortalecer\u00e1 Quer\u00e9taro su promoci\u00f3n tur\u00edstica durante el Tianguis Nacional de Pueblos M\u00e1gicos"},"content":{"rendered":"\n<figure class=\"wp-block-gallery has-nested-images columns-default is-cropped wp-block-gallery-1 is-layout-flex wp-block-gallery-is-layout-flex\">\n<figure class=\"wp-block-image size-large\"><img decoding=\"async\" width=\"424\" height=\"123\" data-id=\"1072790\" src=\"https:\/\/dimensionturistica.com\/es\/wp-content\/uploads\/2025\/11\/1QUER.jpg\" alt=\"\" class=\"wp-image-1072790\" srcset=\"https:\/\/dimensionturistica.com\/es\/wp-content\/uploads\/2025\/11\/1QUER.jpg 424w, https:\/\/dimensionturistica.com\/es\/wp-content\/uploads\/2025\/11\/1QUER-300x87.jpg 300w\" sizes=\"(max-width: 424px) 100vw, 424px\" \/><\/figure>\n<\/figure>\n\n\n\n<p>Los siete Pueblos M\u00e1gicos de Quer\u00e9taro, en coordinaci\u00f3n con la Secretar\u00eda de Turismo estatal, anunciaron su participaci\u00f3n en la pr\u00f3xima edici\u00f3n del Tianguis Nacional de Pueblos M\u00e1gicos, que tendr\u00e1 lugar del 13 al 16 de noviembre en las sedes de Real de Monte y el Recinto Ferial de Pachuca, Hidalgo.<\/p>\n\n\n\n<p>En conferencia de prensa en Punto M\u00e9xico, Sheila Viridiana Caballero Nu\u00f1o, Coordinadora Comisionada de la Secretar\u00eda de Turismo de Quer\u00e9taro, en representaci\u00f3n de la Secretaria Adriana Vega V\u00e1zquez Mellado, resalt\u00f3 que Amealco, Cadereyta, Pinal de Amoles, Jalpan de Serra, San Joaqu\u00edn, Bernal y Tequisquiapan mostrar\u00e1n a los asistentes su gran oferta tur\u00edstica, hist\u00f3rica, cultural y artesanal, as\u00ed como su riqueza gastron\u00f3mica.<\/p>\n\n\n\n<figure class=\"wp-block-gallery has-nested-images columns-default is-cropped wp-block-gallery-2 is-layout-flex wp-block-gallery-is-layout-flex\">\n<figure class=\"wp-block-image size-large\"><img decoding=\"async\" width=\"500\" height=\"333\" data-id=\"1072791\" src=\"https:\/\/dimensionturistica.com\/es\/wp-content\/uploads\/2025\/11\/5QUER.jpg\" alt=\"\" class=\"wp-image-1072791\" srcset=\"https:\/\/dimensionturistica.com\/es\/wp-content\/uploads\/2025\/11\/5QUER.jpg 500w, https:\/\/dimensionturistica.com\/es\/wp-content\/uploads\/2025\/11\/5QUER-300x200.jpg 300w\" sizes=\"(max-width: 500px) 100vw, 500px\" \/><\/figure>\n<\/figure>\n\n\n\n<p>Dijo que los Pueblos M\u00e1gicos son pieza clave para la actividad tur\u00edstica de Quer\u00e9taro, ya que representan uno de los principales productos tur\u00edsticos que ofrece la entidad a los visitantes tanto nacionales y extranjeros.<\/p>\n\n\n\n<p>Juan Francisco Vel\u00e1zquez Hern\u00e1ndez, Coordinador del Comit\u00e9 Ciudadano del Pueblo M\u00e1gico de Amealco, record\u00f3 que la tradicional mu\u00f1eca Lel\u00e9, embajadora tur\u00edstica y cultural de Quer\u00e9taro, es originaria de este municipio y estar\u00e1 presente en el evento, adem\u00e1s del tradicional mole que caracteriza la gastronom\u00eda de la regi\u00f3n.<\/p>\n\n\n\n<p>Daniel Camacho Mart\u00ednez, Coordinador de Turismo de Cadereyta, habl\u00f3 de la oferta tur\u00edstica del Pueblo M\u00e1gico, que incluye la isla de la presa Tzibanz\u00e1, el turismo rural y los jardines bot\u00e1nicos con cact\u00e1ceas de la regi\u00f3n.<\/p>\n\n\n\n<p>Alma Yanelly Res\u00e9ndiz Zaraz\u00faa, Coordinadora de Turismo del Pueblo M\u00e1gico de Pinal de Amoles, invi\u00f3 a los turistas a incluir en su pr\u00f3ximo viaje una visita a la Sierra Gorda de Quer\u00e9taro, para la pr\u00e1ctica de actividades de senderismo y ecoturismo.<\/p>\n\n\n\n<p>Levi Eduardo Trejo Rubio, Director de Turismo de Jalpan de Serra, inform\u00f3 que durante el Tianguis, el Pueblo M\u00e1gico presentar\u00e1 su tradicional ruta de las Misiones, considerada patrimonio de la humanidad por la UNESCO, sus actividades de turismo religioso y turismo comunitario.<\/p>\n\n\n\n<figure class=\"wp-block-gallery has-nested-images columns-default is-cropped wp-block-gallery-3 is-layout-flex wp-block-gallery-is-layout-flex\">\n<figure class=\"wp-block-image size-large\"><img decoding=\"async\" width=\"500\" height=\"375\" data-id=\"1072792\" src=\"https:\/\/dimensionturistica.com\/es\/wp-content\/uploads\/2025\/11\/3QUER.jpg\" alt=\"\" class=\"wp-image-1072792\" srcset=\"https:\/\/dimensionturistica.com\/es\/wp-content\/uploads\/2025\/11\/3QUER.jpg 500w, https:\/\/dimensionturistica.com\/es\/wp-content\/uploads\/2025\/11\/3QUER-300x225.jpg 300w\" sizes=\"(max-width: 500px) 100vw, 500px\" \/><\/figure>\n<\/figure>\n\n\n\n<p>Israel Res\u00e9ndiz Arteaga, Director de Turismo de San Joaqu\u00edn, se\u00f1al\u00f3 que el Pueblo M\u00e1gico tiene para los visitantes su emblem\u00e1tico Concurso Nacional del Huapango, el Parque Nacional Campo Alegre, la zona arqueol\u00f3gica de Las Ranas, as\u00ed como sus actividades de Semana Santa.<\/p>\n\n\n\n<p>Ivonne Cabrera Camacho, Directora de Turismo del Pueblo M\u00e1gico de Bernal, destac\u00f3 como sus principales atractivos el monolito de Pe\u00f1a de Bernal, considerado el tercero m\u00e1s grande del mundo, as\u00ed como su gastronom\u00eda tradicional que incluye el pan de queso, las gorditas de ma\u00edz quebrado, los dulces de leche, as\u00ed como su ruta de vi\u00f1edos.<\/p>\n\n\n\n<p>Katherine Arteaga, Coordinadora de Turismo de Tequisquiapan, resalt\u00f3 que el Pueblo M\u00e1gico presentar\u00e1 su oferta gastron\u00f3mica y cultural, as\u00ed como diversas actividades como vuelo en globo, visita a vi\u00f1edos, gastronom\u00eda y queser\u00edas de la regi\u00f3n.<\/p>\n\n\n\n<p>Es importante destacar que el Tianguis Nacional de Pueblos M\u00e1gicos ser\u00e1 un evento gratuito y abierto al p\u00fablico, en el que se podr\u00e1 disfrutar de la riqueza artesanal, gastron\u00f3mica y cultural de los 177 Pueblos M\u00e1gicos del pa\u00eds.<\/p>\n","protected":false},"excerpt":{"rendered":"<p>Los siete Pueblos M\u00e1gicos de Quer\u00e9taro, en coordinaci\u00f3n con la Secretar\u00eda de Turismo estatal, anunciaron su participaci\u00f3n en la pr\u00f3xima edici\u00f3n del Tianguis Nacional de Pueblos M\u00e1gicos, que tendr\u00e1 lugar del 13 al 16 de noviembre en las sedes de Real de Monte y el Recinto Ferial de Pachuca, Hidalgo. En conferencia de prensa en [&hellip;]<\/p>\n","protected":false},"author":1,"featured_media":0,"comment_status":"open","ping_status":"closed","sticky":false,"template":"","format":"standard","meta":{"om_disable_all_campaigns":false,"jnews-multi-image_gallery":[],"jnews_single_post":[],"jnews_primary_category":[],"jnews_social_meta":[],"footnotes":""},"categories":[39],"tags":[],"class_list":["post-1072789","post","type-post","status-publish","format-standard","hentry","category-viajes"],"_links":{"self":[{"href":"https:\/\/dimensionturistica.com\/es\/wp-json\/wp\/v2\/posts\/1072789","targetHints":{"allow":["GET"]}}],"collection":[{"href":"https:\/\/dimensionturistica.com\/es\/wp-json\/wp\/v2\/posts"}],"about":[{"href":"https:\/\/dimensionturistica.com\/es\/wp-json\/wp\/v2\/types\/post"}],"author":[{"embeddable":true,"href":"https:\/\/dimensionturistica.com\/es\/wp-json\/wp\/v2\/users\/1"}],"replies":[{"embeddable":true,"href":"https:\/\/dimensionturistica.com\/es\/wp-json\/wp\/v2\/comments?post=1072789"}],"version-history":[{"count":1,"href":"https:\/\/dimensionturistica.com\/es\/wp-json\/wp\/v2\/posts\/1072789\/revisions"}],"predecessor-version":[{"id":1072793,"href":"https:\/\/dimensionturistica.com\/es\/wp-json\/wp\/v2\/posts\/1072789\/revisions\/1072793"}],"wp:attachment":[{"href":"https:\/\/dimensionturistica.com\/es\/wp-json\/wp\/v2\/media?parent=1072789"}],"wp:term":[{"taxonomy":"category","embeddable":true,"href":"https:\/\/dimensionturistica.com\/es\/wp-json\/wp\/v2\/categories?post=1072789"},{"taxonomy":"post_tag","embeddable":true,"href":"https:\/\/dimensionturistica.com\/es\/wp-json\/wp\/v2\/tags?post=1072789"}],"curies":[{"name":"wp","href":"https:\/\/api.w.org\/{rel}","templated":true}]}}