{"id":1072786,"date":"2025-11-10T23:57:02","date_gmt":"2025-11-10T23:57:02","guid":{"rendered":"https:\/\/dimensionturistica.com\/es\/?p=1072786"},"modified":"2025-11-10T23:57:02","modified_gmt":"2025-11-10T23:57:02","slug":"amal-clooney-dale-un-toque-festivo-a-su-silueta-iconica","status":"publish","type":"post","link":"https:\/\/dimensionturistica.com\/es\/amal-clooney-dale-un-toque-festivo-a-su-silueta-iconica\/","title":{"rendered":"Amal Clooney Dale un Toque Festivo a Su Silueta Ic\u00f3nica"},"content":{"rendered":"<p><strong>Amal Clooney: Un Viraje Festivo a Su Silueta Ic\u00f3nica<\/strong><\/p>\n<p>En la c\u00faspide del glamour y la elegancia, Amal Clooney ha vuelto a deslumbrar al mundo de la moda con una elecci\u00f3n audaz y festiva. La abogada y defensora de los derechos humanos ha logrado fusionar su estilo caracter\u00edstico con un toque de festividad, capturando la atenci\u00f3n de los expertos en moda y de los seguidores por igual.<\/p>\n<h3>La Silueta Inconfundible de Amal<\/h3>\n<p>No es un secreto que Clooney ha sabido construir una imagen poderosa a lo largo de los a\u00f1os, caracterizada por siluetas que destacan su elegancia y sofisticaci\u00f3n. Recientemente, opt\u00f3 por un vestido que reinterpretaba su estilo habitual. La pieza, con cortes estrat\u00e9gicos y detalles que evocan un aire de modernidad, resalta su figura de manera impecable. <\/p>\n<h3>Detalles que Marcan la Diferencia<\/h3>\n<p>El uso de colores vibrantes y materiales ricos es una de las marcas registradas de sus elecciones de moda. En esta ocasi\u00f3n, la abogada brill\u00f3 con un dise\u00f1o que no solo resalta su figura, sino que tambi\u00e9n refleja un esp\u00edritu festivo. Los toques sutiles, como bordados delicados o acabados glamorosos, otorgan un aire de sofisticaci\u00f3n sin comprometer la alegr\u00eda de la temporada.<\/p>\n<h3>Complementos que Elevan el Look<\/h3>\n<p>Para completar su atuendo, Clooney apost\u00f3 por selectos accesorios que elevaron su estilo a otro nivel. Unos pendientes llamativos y un clutch elegantemente dise\u00f1ado fueron los aliados perfectos que lograron que su look fuera a\u00fan m\u00e1s memorable. La elecci\u00f3n de estos detalles subraya la importancia de la armon\u00eda entre las piezas y c\u00f3mo pueden transformar un atuendo.<\/p>\n<h3>La Influencia del Estilo Festivo<\/h3>\n<p>La elecci\u00f3n de Amal no solo se trata de un vestido; es una declaraci\u00f3n dentro del mundo de la moda. La forma en que combina elementos tradicionales de celebraci\u00f3n con su sello personal inspira a muchos a jugar con sus propios estilos. Su look demuestra que la moda puede ser un canal para expresarse y adaptarse a cada ocasi\u00f3n.<\/p>\n<h3>La Moda como Veh\u00edculo de Expresi\u00f3n<\/h3>\n<p>Amal Clooney, con su capacidad para mezclar su identidad profesional con un sentido est\u00e9tico impecable, contin\u00faa siendo un referente de estilo. Su \u00faltimo outfit no solo celebra el esp\u00edritu festivo, sino que tambi\u00e9n invita a todos a explorar su propia creatividad en la moda. Este enfoque es un recordatorio del poder que tiene la vestimenta para comunicar y, a la vez, reflejar la personalidad de quien la lleva.<\/p>\n<h3>Conclusi\u00f3n Creativa<\/h3>\n<p>La moda es un arte en constante evoluci\u00f3n, y figuras como Amal Clooney redefinen lo que significa ser aut\u00e9ntico y elegante a la vez. Cada elecci\u00f3n indica una comprensi\u00f3n de la moda como un medio para celebrar la vida, invitando a la audiencia a atreverse y experimentar con sus propios estilos. En tiempos en los que lo festivo y lo elegante pueden ser la norma, Clooney se erige como un faro de inspiraci\u00f3n. Sin duda, su elecci\u00f3n de atuendo continuar\u00e1 resonando en el imaginario colectivo, motivando a los amantes de la moda a crear y explorar sin l\u00edmites.<\/p>\n<p><em> &#8221; Fuentes www.vogue.com &#8221; <\/em><\/p>\n","protected":false},"excerpt":{"rendered":"<p>Amal Clooney: Un Viraje Festivo a Su Silueta Ic\u00f3nica En la c\u00faspide del glamour y la elegancia, Amal Clooney ha vuelto a deslumbrar al mundo de la moda con una elecci\u00f3n audaz y festiva. La abogada y defensora de los derechos humanos ha logrado fusionar su estilo caracter\u00edstico con un toque de festividad, capturando la [&hellip;]<\/p>\n","protected":false},"author":14,"featured_media":1072787,"comment_status":"open","ping_status":"closed","sticky":false,"template":"","format":"standard","meta":{"om_disable_all_campaigns":false,"jnews-multi-image_gallery":[],"jnews_single_post":[],"jnews_primary_category":[],"jnews_social_meta":[],"footnotes":""},"categories":[144872],"tags":[198504,198487,160485,198542,255228,256295,165,256294],"class_list":["post-1072786","post","type-post","status-publish","format-standard","has-post-thumbnail","hentry","category-fashion","tag-amal-clooney","tag-celebrity-style","tag-evening-wear","tag-fashion-trends","tag-festive-fashion","tag-holiday-look","tag-red-carpet","tag-signature-silhouette"],"_links":{"self":[{"href":"https:\/\/dimensionturistica.com\/es\/wp-json\/wp\/v2\/posts\/1072786","targetHints":{"allow":["GET"]}}],"collection":[{"href":"https:\/\/dimensionturistica.com\/es\/wp-json\/wp\/v2\/posts"}],"about":[{"href":"https:\/\/dimensionturistica.com\/es\/wp-json\/wp\/v2\/types\/post"}],"author":[{"embeddable":true,"href":"https:\/\/dimensionturistica.com\/es\/wp-json\/wp\/v2\/users\/14"}],"replies":[{"embeddable":true,"href":"https:\/\/dimensionturistica.com\/es\/wp-json\/wp\/v2\/comments?post=1072786"}],"version-history":[{"count":1,"href":"https:\/\/dimensionturistica.com\/es\/wp-json\/wp\/v2\/posts\/1072786\/revisions"}],"predecessor-version":[{"id":1072788,"href":"https:\/\/dimensionturistica.com\/es\/wp-json\/wp\/v2\/posts\/1072786\/revisions\/1072788"}],"wp:featuredmedia":[{"embeddable":true,"href":"https:\/\/dimensionturistica.com\/es\/wp-json\/wp\/v2\/media\/1072787"}],"wp:attachment":[{"href":"https:\/\/dimensionturistica.com\/es\/wp-json\/wp\/v2\/media?parent=1072786"}],"wp:term":[{"taxonomy":"category","embeddable":true,"href":"https:\/\/dimensionturistica.com\/es\/wp-json\/wp\/v2\/categories?post=1072786"},{"taxonomy":"post_tag","embeddable":true,"href":"https:\/\/dimensionturistica.com\/es\/wp-json\/wp\/v2\/tags?post=1072786"}],"curies":[{"name":"wp","href":"https:\/\/api.w.org\/{rel}","templated":true}]}}