{"id":1072775,"date":"2025-11-10T23:51:45","date_gmt":"2025-11-10T23:51:45","guid":{"rendered":"https:\/\/dimensionturistica.com\/es\/?p=1072775"},"modified":"2025-11-10T23:51:45","modified_gmt":"2025-11-10T23:51:45","slug":"el-x-foro-mundial-de-la-gastronomia-mexicana-y-el-festival-luz-y-raices-generaron-una-derrama-conjunta-superior-a-69-millones-de-pesos","status":"publish","type":"post","link":"https:\/\/dimensionturistica.com\/es\/el-x-foro-mundial-de-la-gastronomia-mexicana-y-el-festival-luz-y-raices-generaron-una-derrama-conjunta-superior-a-69-millones-de-pesos\/","title":{"rendered":"El X Foro Mundial de la Gastronom\u00eda Mexicana y el festival Luz y Ra\u00edces generaron una derrama conjunta superior a 69 millones de pesos"},"content":{"rendered":"\n<figure class=\"wp-block-gallery has-nested-images columns-default is-cropped wp-block-gallery-1 is-layout-flex wp-block-gallery-is-layout-flex\">\n<figure class=\"wp-block-image size-large\"><img decoding=\"async\" width=\"500\" height=\"139\" data-id=\"1072776\" src=\"https:\/\/dimensionturistica.com\/es\/wp-content\/uploads\/2025\/11\/4GAST.jpg\" alt=\"\" class=\"wp-image-1072776\" srcset=\"https:\/\/dimensionturistica.com\/es\/wp-content\/uploads\/2025\/11\/4GAST.jpg 500w, https:\/\/dimensionturistica.com\/es\/wp-content\/uploads\/2025\/11\/4GAST-300x83.jpg 300w\" sizes=\"(max-width: 500px) 100vw, 500px\" \/><\/figure>\n<\/figure>\n\n\n\n<p>El Gobierno del Estado de Morelos, \u201cLa tierra que nos une\u201d, present\u00f3 los resultados del X Foro Mundial de la Gastronom\u00eda Mexicana y del festival Luz y Ra\u00edces, dos encuentros que impulsaron la actividad tur\u00edstica, cultural y econ\u00f3mica en la entidad, con una derrama conjunta superior a 69 millones de pesos.<\/p>\n\n\n\n<figure class=\"wp-block-gallery has-nested-images columns-default is-cropped wp-block-gallery-2 is-layout-flex wp-block-gallery-is-layout-flex\">\n<figure class=\"wp-block-image size-large\"><img decoding=\"async\" width=\"500\" height=\"333\" data-id=\"1072777\" src=\"https:\/\/dimensionturistica.com\/es\/wp-content\/uploads\/2025\/11\/2GAST.jpg\" alt=\"\" class=\"wp-image-1072777\" srcset=\"https:\/\/dimensionturistica.com\/es\/wp-content\/uploads\/2025\/11\/2GAST.jpg 500w, https:\/\/dimensionturistica.com\/es\/wp-content\/uploads\/2025\/11\/2GAST-300x200.jpg 300w\" sizes=\"(max-width: 500px) 100vw, 500px\" \/><\/figure>\n<\/figure>\n\n\n\n<p>Durante el X Foro Mundial de la Gastronom\u00eda Mexicana se registraron 71 mil 813 visitantes y una derrama estimada de 65.9 millones de pesos, que reafirman el posicionamiento del estado como sede nacional e internacional de la cocina tradicional y contempor\u00e1nea. La edad promedio de asistencia fue de 38 a\u00f1os, con 61.9 por ciento de p\u00fablico local, 29 por ciento nacional y 9.1 por ciento extranjero.<\/p>\n\n\n\n<figure class=\"wp-block-gallery has-nested-images columns-default is-cropped wp-block-gallery-3 is-layout-flex wp-block-gallery-is-layout-flex\">\n<figure class=\"wp-block-image size-large\"><img decoding=\"async\" width=\"500\" height=\"333\" data-id=\"1072778\" src=\"https:\/\/dimensionturistica.com\/es\/wp-content\/uploads\/2025\/11\/1GAST.jpg\" alt=\"\" class=\"wp-image-1072778\" srcset=\"https:\/\/dimensionturistica.com\/es\/wp-content\/uploads\/2025\/11\/1GAST.jpg 500w, https:\/\/dimensionturistica.com\/es\/wp-content\/uploads\/2025\/11\/1GAST-300x200.jpg 300w\" sizes=\"(max-width: 500px) 100vw, 500px\" \/><\/figure>\n<\/figure>\n\n\n\n<p>Las personas asistentes vivieron una experiencia integral que combin\u00f3 sabores, tradiciones y aprendizaje. En cada espacio pudieron degustar platillos emblem\u00e1ticos de la cocina mexicana, conocer los procesos del campo morelense, participar en talleres, conferencias y demostraciones, as\u00ed como interactuar directamente con cocineras tradicionales, chefs y productores. Este intercambio de saberes y cultura fortaleci\u00f3 la identidad gastron\u00f3mica y el sentido de comunidad que distingue a Morelos.<\/p>\n\n\n\n<figure class=\"wp-block-gallery has-nested-images columns-default is-cropped wp-block-gallery-4 is-layout-flex wp-block-gallery-is-layout-flex\">\n<figure class=\"wp-block-image size-large\"><img decoding=\"async\" width=\"500\" height=\"334\" data-id=\"1072779\" src=\"https:\/\/dimensionturistica.com\/es\/wp-content\/uploads\/2025\/11\/7GAST.jpg\" alt=\"\" class=\"wp-image-1072779\" srcset=\"https:\/\/dimensionturistica.com\/es\/wp-content\/uploads\/2025\/11\/7GAST.jpg 500w, https:\/\/dimensionturistica.com\/es\/wp-content\/uploads\/2025\/11\/7GAST-300x200.jpg 300w\" sizes=\"(max-width: 500px) 100vw, 500px\" \/><\/figure>\n<\/figure>\n\n\n\n<p>Por su parte, el festival Luz y Ra\u00edces, celebrado en Tequesquitengo, reuni\u00f3 a 3 mil 763 asistentes y gener\u00f3 una derrama econ\u00f3mica de 3.86 millones de pesos, con un gasto promedio de mil 231 pesos por persona. El evento ofreci\u00f3 una experiencia multisensorial \u00fanica, con espect\u00e1culos de luz, m\u00fasica y tradici\u00f3n que envolvieron al p\u00fablico en un ambiente familiar y seguro. De acuerdo con encuestas de satisfacci\u00f3n, 94.87 por ciento manifest\u00f3 su deseo de volver a participar y recomendar el festival por su calidad, organizaci\u00f3n y ambiente<\/p>\n\n\n\n<figure class=\"wp-block-gallery has-nested-images columns-default is-cropped wp-block-gallery-5 is-layout-flex wp-block-gallery-is-layout-flex\">\n<figure class=\"wp-block-image size-large\"><img decoding=\"async\" width=\"500\" height=\"280\" data-id=\"1072780\" src=\"https:\/\/dimensionturistica.com\/es\/wp-content\/uploads\/2025\/11\/6GAST.jpg\" alt=\"\" class=\"wp-image-1072780\" srcset=\"https:\/\/dimensionturistica.com\/es\/wp-content\/uploads\/2025\/11\/6GAST.jpg 500w, https:\/\/dimensionturistica.com\/es\/wp-content\/uploads\/2025\/11\/6GAST-300x168.jpg 300w\" sizes=\"(max-width: 500px) 100vw, 500px\" \/><\/figure>\n<\/figure>\n\n\n\n<p>Ambos encuentros contribuyeron a dinamizar la econom\u00eda local y a fortalecer la participaci\u00f3n de cocineras tradicionales, emprendedores, artistas y prestadores de servicios tur\u00edsticos. De esta manera el Gobierno de Morelos impulsa el turismo gastron\u00f3mico y cultural como motores de bienestar social y desarrollo sostenible.<\/p>\n\n\n\n<p>Morelos, la primavera de M\u00e9xico, reafirma su vocaci\u00f3n como un destino donde la tradici\u00f3n, la creatividad y la hospitalidad se unen para brindar experiencias memorables a quienes lo visitan.<\/p>\n\n\n\n<figure class=\"wp-block-gallery has-nested-images columns-default is-cropped wp-block-gallery-6 is-layout-flex wp-block-gallery-is-layout-flex\">\n<figure class=\"wp-block-image size-large\"><img decoding=\"async\" width=\"500\" height=\"333\" data-id=\"1072781\" src=\"https:\/\/dimensionturistica.com\/es\/wp-content\/uploads\/2025\/11\/3GAST.jpg\" alt=\"\" class=\"wp-image-1072781\" srcset=\"https:\/\/dimensionturistica.com\/es\/wp-content\/uploads\/2025\/11\/3GAST.jpg 500w, https:\/\/dimensionturistica.com\/es\/wp-content\/uploads\/2025\/11\/3GAST-300x200.jpg 300w\" sizes=\"(max-width: 500px) 100vw, 500px\" \/><\/figure>\n<\/figure>\n","protected":false},"excerpt":{"rendered":"<p>El Gobierno del Estado de Morelos, \u201cLa tierra que nos une\u201d, present\u00f3 los resultados del X Foro Mundial de la Gastronom\u00eda Mexicana y del festival Luz y Ra\u00edces, dos encuentros que impulsaron la actividad tur\u00edstica, cultural y econ\u00f3mica en la entidad, con una derrama conjunta superior a 69 millones de pesos. Durante el X Foro [&hellip;]<\/p>\n","protected":false},"author":1,"featured_media":0,"comment_status":"open","ping_status":"closed","sticky":false,"template":"","format":"standard","meta":{"om_disable_all_campaigns":false,"jnews-multi-image_gallery":[],"jnews_single_post":[],"jnews_primary_category":[],"jnews_social_meta":[],"footnotes":""},"categories":[43],"tags":[],"class_list":["post-1072775","post","type-post","status-publish","format-standard","hentry","category-gourmet"],"_links":{"self":[{"href":"https:\/\/dimensionturistica.com\/es\/wp-json\/wp\/v2\/posts\/1072775","targetHints":{"allow":["GET"]}}],"collection":[{"href":"https:\/\/dimensionturistica.com\/es\/wp-json\/wp\/v2\/posts"}],"about":[{"href":"https:\/\/dimensionturistica.com\/es\/wp-json\/wp\/v2\/types\/post"}],"author":[{"embeddable":true,"href":"https:\/\/dimensionturistica.com\/es\/wp-json\/wp\/v2\/users\/1"}],"replies":[{"embeddable":true,"href":"https:\/\/dimensionturistica.com\/es\/wp-json\/wp\/v2\/comments?post=1072775"}],"version-history":[{"count":1,"href":"https:\/\/dimensionturistica.com\/es\/wp-json\/wp\/v2\/posts\/1072775\/revisions"}],"predecessor-version":[{"id":1072782,"href":"https:\/\/dimensionturistica.com\/es\/wp-json\/wp\/v2\/posts\/1072775\/revisions\/1072782"}],"wp:attachment":[{"href":"https:\/\/dimensionturistica.com\/es\/wp-json\/wp\/v2\/media?parent=1072775"}],"wp:term":[{"taxonomy":"category","embeddable":true,"href":"https:\/\/dimensionturistica.com\/es\/wp-json\/wp\/v2\/categories?post=1072775"},{"taxonomy":"post_tag","embeddable":true,"href":"https:\/\/dimensionturistica.com\/es\/wp-json\/wp\/v2\/tags?post=1072775"}],"curies":[{"name":"wp","href":"https:\/\/api.w.org\/{rel}","templated":true}]}}