{"id":1072689,"date":"2025-11-10T19:44:29","date_gmt":"2025-11-10T19:44:29","guid":{"rendered":"https:\/\/dimensionturistica.com\/es\/?p=1072689"},"modified":"2025-11-10T19:44:29","modified_gmt":"2025-11-10T19:44:29","slug":"los-representantes-de-la-sociedad-civil-piden-a-la-scjn-que-protejan-la-salud-y-no-permitan-exhibir-productos-de-tabaco-en-un-oxxo","status":"publish","type":"post","link":"https:\/\/dimensionturistica.com\/es\/los-representantes-de-la-sociedad-civil-piden-a-la-scjn-que-protejan-la-salud-y-no-permitan-exhibir-productos-de-tabaco-en-un-oxxo\/","title":{"rendered":"Los Representantes de la sociedad civil piden a la SCJN que protejan la salud y no permitan exhibir productos de tabaco en un OXXO"},"content":{"rendered":"\n<figure class=\"wp-block-gallery has-nested-images columns-default is-cropped wp-block-gallery-1 is-layout-flex wp-block-gallery-is-layout-flex\">\n<figure class=\"wp-block-image size-large\"><img decoding=\"async\" width=\"546\" height=\"190\" data-id=\"1072690\" src=\"https:\/\/dimensionturistica.com\/es\/wp-content\/uploads\/2025\/11\/unnamed-1.jpg\" alt=\"\" class=\"wp-image-1072690\" srcset=\"https:\/\/dimensionturistica.com\/es\/wp-content\/uploads\/2025\/11\/unnamed-1.jpg 546w, https:\/\/dimensionturistica.com\/es\/wp-content\/uploads\/2025\/11\/unnamed-1-300x104.jpg 300w\" sizes=\"(max-width: 546px) 100vw, 546px\" \/><\/figure>\n<\/figure>\n\n\n\n<p>El jueves 13 de noviembre est\u00e1 programada la votaci\u00f3n para que la Nueva Suprema Corte de Justicia de la Naci\u00f3n decida si atraer\u00e1 el caso de OXXO que podr\u00eda prohibir la &nbsp;exhibici\u00f3n de cigarros en los puntos de venta, luego de que la industria tabacalera y sus aliados interpusieron amparos en contra del Reglamento de la Ley General para el Control del Tabaco. Ante esta situaci\u00f3n representantes de la sociedad civil solicitan a las ministras y ministros que atraigan este caso y voten a favor de la salud y no de los intereses tabacaleros.<\/p>\n\n\n\n<p>Erick Antonio Ochoa, director de Salud Justa Mx, se\u00f1al\u00f3 que la Suprema Corte de Justicia de la Naci\u00f3n tiene en sus manos una decisi\u00f3n crucial: atraer el caso OXXO, que cuestiona la constitucionalidad del Reglamento de la Ley General para el Control del Tabaco. \u201cEste juicio representa mucho m\u00e1s que un conflicto comercial; es un asunto de inter\u00e9s p\u00fablico con implicaciones profundas para la salud de ni\u00f1as, ni\u00f1os y adolescentes en M\u00e9xico. Por ello hacemos un llamado respetuoso pero firme a la SCJN para que ejerza su facultad de atracci\u00f3n y reafirme que la protecci\u00f3n de la salud p\u00fablica debe prevalecer sobre los intereses comerciales de la industria tabacalera\u201d, agreg\u00f3..<\/p>\n\n\n\n<figure class=\"wp-block-gallery has-nested-images columns-default is-cropped wp-block-gallery-2 is-layout-flex wp-block-gallery-is-layout-flex\">\n<figure class=\"wp-block-image size-large\"><img decoding=\"async\" width=\"500\" height=\"333\" data-id=\"1072691\" src=\"https:\/\/dimensionturistica.com\/es\/wp-content\/uploads\/2025\/11\/1fumar.jpg\" alt=\"\" class=\"wp-image-1072691\" srcset=\"https:\/\/dimensionturistica.com\/es\/wp-content\/uploads\/2025\/11\/1fumar.jpg 500w, https:\/\/dimensionturistica.com\/es\/wp-content\/uploads\/2025\/11\/1fumar-300x200.jpg 300w\" sizes=\"(max-width: 500px) 100vw, 500px\" \/><\/figure>\n<\/figure>\n\n\n\n<p>Claudia Moreno, abogada en Salud Justa Mx, sostuvo que \u201cla exhibici\u00f3n de productos de tabaco en los puntos de venta es una forma reconocida de publicidad, que utiliza la industria tabacalera para atraer a ni\u00f1as, ni\u00f1os y j\u00f3venes, por otro lado est\u00e1 &nbsp;prohibida por el art\u00edculo 13 del Convenio Marco para el Control del Tabaco de la OMS, instrumento que M\u00e9xico ha ratificado, por lo que permitir que prevalezcan los intereses econ\u00f3micos sobre la salud p\u00fablica contradice los compromisos internacionales del Estado mexicano y debilita la efectividad de las pol\u00edticas nacionales sobre control del tabaco.<\/p>\n\n\n\n<p>Por su parte Maximiliano C\u00e1rdenas Denham enfatiz\u00f3 \u201cla Suprema Corte tiene una oportunidad valiosa en la sesi\u00f3n del pr\u00f3ximo jueves, pues podr\u00e1 proteger la salud de todas las personas, maximizando la protecci\u00f3n del Estado evitando que las pr\u00e1cticas de la industria induzcan a nuevos consumidores de estos productos da\u00f1inos para su salud\u201d.<\/p>\n\n\n\n<p>\u201cEs importante mencionar que en el monitoreo que Salud Justa Mx ha realizado sobre los amparos presentados en contra del Reglamento de la LGCT, se observa que en los fallos no existen criterios uniformes en materia de prohibici\u00f3n de publicidad, promoci\u00f3n y patrocinio, de tal suerte que este caso permitir\u00e1 a la Corte determinar que es m\u00e1s importante la salud de los mexicanos y mexicanas que los intereses econ\u00f3micos de entes privados\u201d.<\/p>\n","protected":false},"excerpt":{"rendered":"<p>El jueves 13 de noviembre est\u00e1 programada la votaci\u00f3n para que la Nueva Suprema Corte de Justicia de la Naci\u00f3n decida si atraer\u00e1 el caso de OXXO que podr\u00eda prohibir la &nbsp;exhibici\u00f3n de cigarros en los puntos de venta, luego de que la industria tabacalera y sus aliados interpusieron amparos en contra del Reglamento de [&hellip;]<\/p>\n","protected":false},"author":1,"featured_media":0,"comment_status":"open","ping_status":"closed","sticky":false,"template":"","format":"standard","meta":{"om_disable_all_campaigns":false,"jnews-multi-image_gallery":[],"jnews_single_post":[],"jnews_primary_category":[],"jnews_social_meta":[],"footnotes":""},"categories":[40],"tags":[],"class_list":["post-1072689","post","type-post","status-publish","format-standard","hentry","category-industria"],"_links":{"self":[{"href":"https:\/\/dimensionturistica.com\/es\/wp-json\/wp\/v2\/posts\/1072689","targetHints":{"allow":["GET"]}}],"collection":[{"href":"https:\/\/dimensionturistica.com\/es\/wp-json\/wp\/v2\/posts"}],"about":[{"href":"https:\/\/dimensionturistica.com\/es\/wp-json\/wp\/v2\/types\/post"}],"author":[{"embeddable":true,"href":"https:\/\/dimensionturistica.com\/es\/wp-json\/wp\/v2\/users\/1"}],"replies":[{"embeddable":true,"href":"https:\/\/dimensionturistica.com\/es\/wp-json\/wp\/v2\/comments?post=1072689"}],"version-history":[{"count":1,"href":"https:\/\/dimensionturistica.com\/es\/wp-json\/wp\/v2\/posts\/1072689\/revisions"}],"predecessor-version":[{"id":1072692,"href":"https:\/\/dimensionturistica.com\/es\/wp-json\/wp\/v2\/posts\/1072689\/revisions\/1072692"}],"wp:attachment":[{"href":"https:\/\/dimensionturistica.com\/es\/wp-json\/wp\/v2\/media?parent=1072689"}],"wp:term":[{"taxonomy":"category","embeddable":true,"href":"https:\/\/dimensionturistica.com\/es\/wp-json\/wp\/v2\/categories?post=1072689"},{"taxonomy":"post_tag","embeddable":true,"href":"https:\/\/dimensionturistica.com\/es\/wp-json\/wp\/v2\/tags?post=1072689"}],"curies":[{"name":"wp","href":"https:\/\/api.w.org\/{rel}","templated":true}]}}