{"id":1072618,"date":"2025-11-10T18:24:49","date_gmt":"2025-11-10T18:24:49","guid":{"rendered":"https:\/\/dimensionturistica.com\/es\/?p=1072618"},"modified":"2025-11-10T18:24:49","modified_gmt":"2025-11-10T18:24:49","slug":"nayarit-designado-por-el-secretario-general-de-onu-turismo-como-miembro-de-la-junta-directiva-mundial-una-distincion-historica-para-mexico","status":"publish","type":"post","link":"https:\/\/dimensionturistica.com\/es\/nayarit-designado-por-el-secretario-general-de-onu-turismo-como-miembro-de-la-junta-directiva-mundial-una-distincion-historica-para-mexico\/","title":{"rendered":"Nayarit, designado por el Secretario General de ONU Turismo como miembro de la Junta Directiva Mundial: una distinci\u00f3n hist\u00f3rica para M\u00e9xico"},"content":{"rendered":"\n<figure class=\"wp-block-gallery has-nested-images columns-default is-cropped wp-block-gallery-1 is-layout-flex wp-block-gallery-is-layout-flex\">\n<figure class=\"wp-block-image size-large\"><img decoding=\"async\" width=\"500\" height=\"150\" data-id=\"1072625\" src=\"https:\/\/dimensionturistica.com\/es\/wp-content\/uploads\/2025\/11\/1NAYAR-1.jpg\" alt=\"\" class=\"wp-image-1072625\" srcset=\"https:\/\/dimensionturistica.com\/es\/wp-content\/uploads\/2025\/11\/1NAYAR-1.jpg 500w, https:\/\/dimensionturistica.com\/es\/wp-content\/uploads\/2025\/11\/1NAYAR-1-300x90.jpg 300w\" sizes=\"(max-width: 500px) 100vw, 500px\" \/><\/figure>\n<\/figure>\n\n\n\n<p>El Gobierno del Estado de Nayarit fue designado por el Secretario General de ONU Turismo, Zurab Pololikashvili, como miembro de la Junta Directiva Mundial de los Miembros Afiliados para el periodo 2026\u20132029, y simult\u00e1neamente reconocido como \u201cSupportive Partner Destination\u201d durante la 26\u00aa Asamblea General de ONU Turismo, realizada en Riad, Arabia Saudita.<\/p>\n\n\n\n<figure class=\"wp-block-gallery has-nested-images columns-default is-cropped wp-block-gallery-2 is-layout-flex wp-block-gallery-is-layout-flex\">\n<figure class=\"wp-block-image size-large\"><img decoding=\"async\" width=\"500\" height=\"666\" data-id=\"1072626\" src=\"https:\/\/dimensionturistica.com\/es\/wp-content\/uploads\/2025\/11\/2NAYA.jpg\" alt=\"\" class=\"wp-image-1072626\" srcset=\"https:\/\/dimensionturistica.com\/es\/wp-content\/uploads\/2025\/11\/2NAYA.jpg 500w, https:\/\/dimensionturistica.com\/es\/wp-content\/uploads\/2025\/11\/2NAYA-225x300.jpg 225w\" sizes=\"(max-width: 500px) 100vw, 500px\" \/><\/figure>\n<\/figure>\n\n\n\n<p>Ambos reconocimientos representan el nivel m\u00e1s alto de distinci\u00f3n internacional que puede recibir un destino dentro del sistema de Naciones Unidas en materia tur\u00edstica, al destacar su liderazgo, compromiso institucional y contribuci\u00f3n al desarrollo sostenible del sector. Con ello, M\u00e9xico, a trav\u00e9s de Nayarit, reafirma su posici\u00f3n como uno de los l\u00edderes del turismo mundial, reconocido por su innovaci\u00f3n, sostenibilidad y cooperaci\u00f3n p\u00fablico-privada.<\/p>\n\n\n\n<p>Con la inclusi\u00f3n de Nayarit en la Junta Directiva de los Miembros Afiliados, el estado se coloca al mismo nivel que instituciones globales de referencia como Tripadvisor, Expedia Group, IFEMA Madrid, ICCA, Madrid Destino, Saudi Tourism Authority, Red Sea Global, TGA y JTB Corporation de Jap\u00f3n.<\/p>\n\n\n\n<figure class=\"wp-block-gallery has-nested-images columns-default is-cropped wp-block-gallery-3 is-layout-flex wp-block-gallery-is-layout-flex\">\n<figure class=\"wp-block-image size-large\"><img decoding=\"async\" width=\"500\" height=\"367\" data-id=\"1072627\" src=\"https:\/\/dimensionturistica.com\/es\/wp-content\/uploads\/2025\/11\/1NAYA-1.jpg\" alt=\"\" class=\"wp-image-1072627\" srcset=\"https:\/\/dimensionturistica.com\/es\/wp-content\/uploads\/2025\/11\/1NAYA-1.jpg 500w, https:\/\/dimensionturistica.com\/es\/wp-content\/uploads\/2025\/11\/1NAYA-1-300x220.jpg 300w\" sizes=\"(max-width: 500px) 100vw, 500px\" \/><\/figure>\n<\/figure>\n\n\n\n<p>Entre m\u00e1s de 500 organismos internacionales, s\u00f3lo tres fueron designados directamente por el Secretario General de ONU Turismo: Madrid (sede mundial del organismo), ICCA y Nayarit, en reconocimiento a su modelo de desarrollo tur\u00edstico responsable, inclusivo y con visi\u00f3n sostenible.<\/p>\n\n\n\n<figure class=\"wp-block-gallery has-nested-images columns-default is-cropped wp-block-gallery-4 is-layout-flex wp-block-gallery-is-layout-flex\">\n<figure class=\"wp-block-image size-large\"><img decoding=\"async\" width=\"500\" height=\"543\" data-id=\"1072629\" src=\"https:\/\/dimensionturistica.com\/es\/wp-content\/uploads\/2025\/11\/4NAYA.jpg\" alt=\"\" class=\"wp-image-1072629\" srcset=\"https:\/\/dimensionturistica.com\/es\/wp-content\/uploads\/2025\/11\/4NAYA.jpg 500w, https:\/\/dimensionturistica.com\/es\/wp-content\/uploads\/2025\/11\/4NAYA-276x300.jpg 276w\" sizes=\"(max-width: 500px) 100vw, 500px\" \/><\/figure>\n<\/figure>\n\n\n\n<p>Este nombramiento otorga a Nayarit voz y voto en la definici\u00f3n de la agenda global del turismo durante los pr\u00f3ximos tres a\u00f1os, participando en la formulaci\u00f3n de pol\u00edticas internacionales en materia de sostenibilidad, inversi\u00f3n e innovaci\u00f3n tur\u00edstica.<\/p>\n\n\n\n<figure class=\"wp-block-gallery has-nested-images columns-default is-cropped wp-block-gallery-5 is-layout-flex wp-block-gallery-is-layout-flex\">\n<figure class=\"wp-block-image size-large\"><img decoding=\"async\" width=\"500\" height=\"375\" data-id=\"1072632\" src=\"https:\/\/dimensionturistica.com\/es\/wp-content\/uploads\/2025\/11\/3NAYA.jpg\" alt=\"\" class=\"wp-image-1072632\" srcset=\"https:\/\/dimensionturistica.com\/es\/wp-content\/uploads\/2025\/11\/3NAYA.jpg 500w, https:\/\/dimensionturistica.com\/es\/wp-content\/uploads\/2025\/11\/3NAYA-300x225.jpg 300w\" sizes=\"(max-width: 500px) 100vw, 500px\" \/><\/figure>\n<\/figure>\n\n\n\n<p>\u201cEste reconocimiento es resultado del liderazgo del gobernador Dr. Miguel \u00c1ngel Navarro Quintero, quien ha hecho del turismo una pol\u00edtica p\u00fablica con sentido humano y de beneficio social. Nayarit no solo crece: hoy inspira al mundo y lleva con orgullo el nombre de M\u00e9xico a los m\u00e1s altos foros internacionales\u201d, expres\u00f3 el Secretario de Turismo, Juan Enrique Su\u00e1rez del Real Tostado.<\/p>\n\n\n\n<figure class=\"wp-block-gallery has-nested-images columns-default is-cropped wp-block-gallery-6 is-layout-flex wp-block-gallery-is-layout-flex\"><\/figure>\n\n\n\n<p>Las elecciones para la Junta Directiva se llevaron a cabo con la participaci\u00f3n de 192 entidades, resultando en la elecci\u00f3n de 20 miembros que integrar\u00e1n la nueva Junta Directiva de Miembros Afiliados de ONU Turismo para el per\u00edodo 2026\u20132029. Este proceso, regido por un marco jur\u00eddico reformado y criterios de elegibilidad m\u00e1s rigurosos, garantiza la transparencia y representatividad global.<\/p>\n\n\n\n<p>Reconocimiento \u201cSupportive Partner Destination\u201d<\/p>\n\n\n\n<p>As\u00ed mismo, durante la Sesi\u00f3n Plenaria de Miembros Afiliados, ONU Turismo otorg\u00f3 al Fideicomiso de Promoci\u00f3n Tur\u00edstica del Estado de Nayarit el reconocimiento \u201cSupportive Partner Destination\u201d, distinci\u00f3n reservada para los destinos que demuestran un compromiso ejemplar con los valores de la Organizaci\u00f3n y contribuyen activamente a su fortalecimiento institucional.<\/p>\n\n\n\n<p>ONU Turismo destac\u00f3 que Nayarit ha sido un ejemplo inspirador de cooperaci\u00f3n p\u00fablico-privada y compromiso institucional, gracias a su participaci\u00f3n constante en proyectos de impacto, su promoci\u00f3n del turismo responsable y su colaboraci\u00f3n con iniciativas globales que fortalecen la visibilidad de la Membres\u00eda Afiliada.<\/p>\n\n\n\n<p>\u201cRecibir este doble reconocimiento \u2014integrar la Junta Directiva y ser galardonados en la Asamblea General\u2014 representa el punto m\u00e1s alto en la historia tur\u00edstica de nuestro estado. Es un orgullo para M\u00e9xico que Nayarit sea reconocido por su liderazgo y visi\u00f3n de futuro ante la comunidad internacional\u201d, subray\u00f3 Su\u00e1rez del Real Tostado.<\/p>\n\n\n\n<p>Con su inclusi\u00f3n en la Junta Directiva 2026\u20132029 y el reconocimiento \u201cSupportive Partner Destination\u201d, Nayarit consolida su papel como la nueva voz de M\u00e9xico en el turismo global, impulsando una visi\u00f3n moderna, sostenible e inclusiva, que coloca al bienestar social y al desarrollo regional en el centro de su estrategia.<\/p>\n\n\n\n<p>Estos logros reflejan el trabajo constante de Nayarit, que ha sabido transformar su potencial natural, cultural y comunitario en un modelo de excelencia tur\u00edstica reconocido a nivel internacional. Nayarit demuestra que M\u00e9xico sigue consolid\u00e1ndose como un l\u00edder mundial en turismo, con una agenda centrada en la innovaci\u00f3n, la sostenibilidad y la cooperaci\u00f3n institucional.<\/p>\n","protected":false},"excerpt":{"rendered":"<p>El Gobierno del Estado de Nayarit fue designado por el Secretario General de ONU Turismo, Zurab Pololikashvili, como miembro de la Junta Directiva Mundial de los Miembros Afiliados para el periodo 2026\u20132029, y simult\u00e1neamente reconocido como \u201cSupportive Partner Destination\u201d durante la 26\u00aa Asamblea General de ONU Turismo, realizada en Riad, Arabia Saudita. Ambos reconocimientos representan [&hellip;]<\/p>\n","protected":false},"author":1,"featured_media":0,"comment_status":"open","ping_status":"closed","sticky":false,"template":"","format":"standard","meta":{"om_disable_all_campaigns":false,"jnews-multi-image_gallery":[],"jnews_single_post":{"format":"standard"},"jnews_primary_category":[],"jnews_social_meta":[],"footnotes":""},"categories":[39],"tags":[],"class_list":["post-1072618","post","type-post","status-publish","format-standard","hentry","category-viajes"],"_links":{"self":[{"href":"https:\/\/dimensionturistica.com\/es\/wp-json\/wp\/v2\/posts\/1072618","targetHints":{"allow":["GET"]}}],"collection":[{"href":"https:\/\/dimensionturistica.com\/es\/wp-json\/wp\/v2\/posts"}],"about":[{"href":"https:\/\/dimensionturistica.com\/es\/wp-json\/wp\/v2\/types\/post"}],"author":[{"embeddable":true,"href":"https:\/\/dimensionturistica.com\/es\/wp-json\/wp\/v2\/users\/1"}],"replies":[{"embeddable":true,"href":"https:\/\/dimensionturistica.com\/es\/wp-json\/wp\/v2\/comments?post=1072618"}],"version-history":[{"count":1,"href":"https:\/\/dimensionturistica.com\/es\/wp-json\/wp\/v2\/posts\/1072618\/revisions"}],"predecessor-version":[{"id":1072646,"href":"https:\/\/dimensionturistica.com\/es\/wp-json\/wp\/v2\/posts\/1072618\/revisions\/1072646"}],"wp:attachment":[{"href":"https:\/\/dimensionturistica.com\/es\/wp-json\/wp\/v2\/media?parent=1072618"}],"wp:term":[{"taxonomy":"category","embeddable":true,"href":"https:\/\/dimensionturistica.com\/es\/wp-json\/wp\/v2\/categories?post=1072618"},{"taxonomy":"post_tag","embeddable":true,"href":"https:\/\/dimensionturistica.com\/es\/wp-json\/wp\/v2\/tags?post=1072618"}],"curies":[{"name":"wp","href":"https:\/\/api.w.org\/{rel}","templated":true}]}}