{"id":1072603,"date":"2025-11-10T17:13:04","date_gmt":"2025-11-10T17:13:04","guid":{"rendered":"https:\/\/dimensionturistica.com\/es\/?p=1072603"},"modified":"2025-11-10T17:13:04","modified_gmt":"2025-11-10T17:13:04","slug":"consejo-mundial-de-viajes-y-turismo-felicita-a-la-nueva-secretaria-general-de-onu-turismo","status":"publish","type":"post","link":"https:\/\/dimensionturistica.com\/es\/consejo-mundial-de-viajes-y-turismo-felicita-a-la-nueva-secretaria-general-de-onu-turismo\/","title":{"rendered":"Consejo Mundial de Viajes y Turismo felicita a la nueva Secretaria General de ONU Turismo"},"content":{"rendered":"\n<figure class=\"wp-block-gallery has-nested-images columns-default is-cropped wp-block-gallery-1 is-layout-flex wp-block-gallery-is-layout-flex\">\n<figure class=\"wp-block-image size-large\"><img decoding=\"async\" width=\"500\" height=\"500\" data-id=\"1072604\" src=\"https:\/\/dimensionturistica.com\/es\/wp-content\/uploads\/2025\/11\/1GLORIA.jpg\" alt=\"\" class=\"wp-image-1072604\" srcset=\"https:\/\/dimensionturistica.com\/es\/wp-content\/uploads\/2025\/11\/1GLORIA.jpg 500w, https:\/\/dimensionturistica.com\/es\/wp-content\/uploads\/2025\/11\/1GLORIA-300x300.jpg 300w, https:\/\/dimensionturistica.com\/es\/wp-content\/uploads\/2025\/11\/1GLORIA-150x150.jpg 150w, https:\/\/dimensionturistica.com\/es\/wp-content\/uploads\/2025\/11\/1GLORIA-75x75.jpg 75w, https:\/\/dimensionturistica.com\/es\/wp-content\/uploads\/2025\/11\/1GLORIA-350x350.jpg 350w\" sizes=\"(max-width: 500px) 100vw, 500px\" \/><\/figure>\n<\/figure>\n\n\n\n<p>El Consejo Mundial de Viajes y Turismo (WTTC, por sus siglas en ingl\u00e9s), que representa al sector privado global de esta industria, felicita a Shaikha Al Nowais tras haber sido nombrada oficialmente Secretaria General de ONU Turismo durante la 26\u00aa Asamblea General del organismo.  Gloria Guevara, presidenta y CEO interina del WTTC, coment\u00f3:\u00a0\u00a0\u201cEl WTTC desea felicitar a Al Nowais por su confirmaci\u00f3n como <\/p>\n\n\n\n<p>Secretaria General de ONU Turismo. Se trata de un cargo de suma importancia en el \u00e1mbito global de los viajes y el turismo, y contribuir\u00e1 al inicio de una nueva etapa de colaboraci\u00f3n entre los sectores p\u00fablico y privado de esta industria.  Este nuevo cap\u00edtulo\u00a0\u00a0entre WTTC y ONU Turismo permitir\u00e1 trabajar para liberar todo el potencial de nuestro sector.\u00a0  Tenemos mucho en qu\u00e9 enfocarnos: seguiremos impulsando la creaci\u00f3n de empleo \u2014uno de cada tres nuevos puestos de trabajo proviene del sector\u2014 y trabajaremos incansablemente para superar los desaf\u00edos que podr\u00edan frenar su crecimiento. La nueva Secretaria General comprende las necesidades del sector privado y cuenta con nuestro apoyo.\u201d<\/p>\n\n\n\n<figure class=\"wp-block-gallery has-nested-images columns-default is-cropped wp-block-gallery-2 is-layout-flex wp-block-gallery-is-layout-flex\">\n<figure class=\"wp-block-image size-large\"><img decoding=\"async\" width=\"500\" height=\"434\" data-id=\"1072605\" src=\"https:\/\/dimensionturistica.com\/es\/wp-content\/uploads\/2025\/11\/3GLORIA.jpg\" alt=\"\" class=\"wp-image-1072605\" srcset=\"https:\/\/dimensionturistica.com\/es\/wp-content\/uploads\/2025\/11\/3GLORIA.jpg 500w, https:\/\/dimensionturistica.com\/es\/wp-content\/uploads\/2025\/11\/3GLORIA-300x260.jpg 300w\" sizes=\"(max-width: 500px) 100vw, 500px\" \/><\/figure>\n<\/figure>\n","protected":false},"excerpt":{"rendered":"<p>El Consejo Mundial de Viajes y Turismo (WTTC, por sus siglas en ingl\u00e9s), que representa al sector privado global de esta industria, felicita a Shaikha Al Nowais tras haber sido nombrada oficialmente Secretaria General de ONU Turismo durante la 26\u00aa Asamblea General del organismo. Gloria Guevara, presidenta y CEO interina del WTTC, coment\u00f3:\u00a0\u00a0\u201cEl WTTC desea [&hellip;]<\/p>\n","protected":false},"author":1,"featured_media":0,"comment_status":"open","ping_status":"closed","sticky":false,"template":"","format":"standard","meta":{"om_disable_all_campaigns":false,"jnews-multi-image_gallery":[],"jnews_single_post":{"format":"standard"},"jnews_primary_category":[],"jnews_social_meta":[],"footnotes":""},"categories":[39],"tags":[],"class_list":["post-1072603","post","type-post","status-publish","format-standard","hentry","category-viajes"],"_links":{"self":[{"href":"https:\/\/dimensionturistica.com\/es\/wp-json\/wp\/v2\/posts\/1072603","targetHints":{"allow":["GET"]}}],"collection":[{"href":"https:\/\/dimensionturistica.com\/es\/wp-json\/wp\/v2\/posts"}],"about":[{"href":"https:\/\/dimensionturistica.com\/es\/wp-json\/wp\/v2\/types\/post"}],"author":[{"embeddable":true,"href":"https:\/\/dimensionturistica.com\/es\/wp-json\/wp\/v2\/users\/1"}],"replies":[{"embeddable":true,"href":"https:\/\/dimensionturistica.com\/es\/wp-json\/wp\/v2\/comments?post=1072603"}],"version-history":[{"count":1,"href":"https:\/\/dimensionturistica.com\/es\/wp-json\/wp\/v2\/posts\/1072603\/revisions"}],"predecessor-version":[{"id":1072606,"href":"https:\/\/dimensionturistica.com\/es\/wp-json\/wp\/v2\/posts\/1072603\/revisions\/1072606"}],"wp:attachment":[{"href":"https:\/\/dimensionturistica.com\/es\/wp-json\/wp\/v2\/media?parent=1072603"}],"wp:term":[{"taxonomy":"category","embeddable":true,"href":"https:\/\/dimensionturistica.com\/es\/wp-json\/wp\/v2\/categories?post=1072603"},{"taxonomy":"post_tag","embeddable":true,"href":"https:\/\/dimensionturistica.com\/es\/wp-json\/wp\/v2\/tags?post=1072603"}],"curies":[{"name":"wp","href":"https:\/\/api.w.org\/{rel}","templated":true}]}}