{"id":1072553,"date":"2025-11-10T15:13:54","date_gmt":"2025-11-10T15:13:54","guid":{"rendered":"https:\/\/dimensionturistica.com\/es\/?p=1072553"},"modified":"2025-11-10T15:13:54","modified_gmt":"2025-11-10T15:13:54","slug":"reconocimiento-a-la-contribucion-de-periodistas-latinoamericanos-en-el-sector-turistico","status":"publish","type":"post","link":"https:\/\/dimensionturistica.com\/es\/reconocimiento-a-la-contribucion-de-periodistas-latinoamericanos-en-el-sector-turistico\/","title":{"rendered":"Reconocimiento a la Contribuci\u00f3n de Periodistas Latinoamericanos en el Sector Tur\u00edstico"},"content":{"rendered":"<h3>Un Reconocimiento a la Pasi\u00f3n por el Turismo<\/h3>\n<p>En un mundo cada vez m\u00e1s interconectado, la labor de los periodistas especializados en turismo se vuelve esencial para descubrir y comunicar la riqueza cultural y natural de nuestros destinos. Recientemente, la Red Internacional de Periodistas Latinos de Turismo celebr\u00f3 un evento memorable que destaca el compromiso y dedicaci\u00f3n de aquellos que han marcado una diferencia en este \u00e1mbito.<\/p>\n<p>La ceremonia de entrega de reconocimientos se llev\u00f3 a cabo en un entorno acogedor, donde la pasi\u00f3n por el turismo y el periodismo se entrelazaron en cada relato compartido. Este evento no solo reconoce a los periodistas destacados, sino que tambi\u00e9n crea un espacio para reflexionar sobre el papel vital que desempe\u00f1an en la promoci\u00f3n del turismo responsable y sostenible.<\/p>\n<p>En un momento donde el turismo enfrenta desaf\u00edos sin precedentes, la labor de informar y educar al p\u00fablico se vuelve m\u00e1s crucial que nunca. La red se esfuerza por resaltar los esfuerzos de periodistas que no solo informan sobre destinos tur\u00edsticos, sino que tambi\u00e9n abogan por la protecci\u00f3n del patrimonio cultural y medioambiental. En esta l\u00ednea, los galardonados han dado voz a comunidades locales y han presentado historias que desaf\u00edan las narrativas tradicionales.<\/p>\n<p>El encuentro tambi\u00e9n sirvi\u00f3 como plataforma para fomentar el intercambio de ideas y experiencias entre periodistas de diferentes pa\u00edses. Este tipo de colaboraci\u00f3n es fundamental para crear un periodismo tur\u00edstico que no solo entretenga, sino que tambi\u00e9n eduque e inspire un turismo \u00e9tico y consciente. Los asistentes compartieron an\u00e9cdotas que reflejan la diversidad de realidades que enfrentan los profesionales en el campo, desde los retos de cubrir situaciones adversas hasta la satisfacci\u00f3n de descubrir rincones ocultos del planeta.<\/p>\n<p>Adem\u00e1s, el evento enfatiz\u00f3 la importancia de la innovaci\u00f3n en el periodismo tur\u00edstico. En una era donde las redes sociales y las nuevas tecnolog\u00edas predominan, los comunicadores deben adaptarse r\u00e1pidamente a los cambios para seguir siendo relevantes. La red promueve la capacitaci\u00f3n constante de sus miembros, asegurando que est\u00e9n equipados con las herramientas necesarias para contar historias que capten la atenci\u00f3n de los viajeros modernos.<\/p>\n<p>Sin duda, este reconocimiento es un recordatorio del impacto que puede tener el periodismo en la percepci\u00f3n del turismo. Al contar historias aut\u00e9nticas y significativas, los periodistas no solo contribuyen a la promoci\u00f3n de destinos, sino que tambi\u00e9n facilitan una mayor comprensi\u00f3n cultural entre los pueblos. Este es el verdadero poder del periodismo tur\u00edstico: su capacidad para construir puentes entre culturas, fomentar el entendimiento y, en \u00faltima instancia, hacer del mundo un lugar m\u00e1s conectado y armonioso.<\/p>\n<p>Mientras el sector tur\u00edstico contin\u00faa su camino hacia la recuperaci\u00f3n, eventos como este nos recuerdan que el periodismo es una herramienta poderosa para motivar a acciones positivas y fomentar un turismo que respete y celebre las diferencias. As\u00ed, podemos esperar un futuro donde el turismo no solo sea una experiencia de viaje, sino tambi\u00e9n un medio para aprender, crecer y enriquecerse mutuamente.<\/p>\n<p><em> &#8221; Sources www.excelenciascuba.com &#8221; <\/em><\/p>\n","protected":false},"excerpt":{"rendered":"<p>Un Reconocimiento a la Pasi\u00f3n por el Turismo En un mundo cada vez m\u00e1s interconectado, la labor de los periodistas especializados en turismo se vuelve esencial para descubrir y comunicar la riqueza cultural y natural de nuestros destinos. Recientemente, la Red Internacional de Periodistas Latinos de Turismo celebr\u00f3 un evento memorable que destaca el compromiso [&hellip;]<\/p>\n","protected":false},"author":4,"featured_media":1072554,"comment_status":"open","ping_status":"closed","sticky":false,"template":"","format":"standard","meta":{"om_disable_all_campaigns":false,"jnews-multi-image_gallery":[],"jnews_single_post":[],"jnews_primary_category":[],"jnews_social_meta":[],"footnotes":""},"categories":[40],"tags":[1528,723,80542,9735,1728,11643,5327,256238,256237,256239,544],"class_list":["post-1072553","post","type-post","status-publish","format-standard","has-post-thumbnail","hentry","category-industria","tag-entrega","tag-evento","tag-festuris","tag-latinos","tag-periodismo","tag-premiacion","tag-reconocimiento","tag-red-internacional-de-periodistas","tag-red-internacional-de-periodistas-latinos-de-turismo","tag-redes-internacionales","tag-turismo"],"_links":{"self":[{"href":"https:\/\/dimensionturistica.com\/es\/wp-json\/wp\/v2\/posts\/1072553","targetHints":{"allow":["GET"]}}],"collection":[{"href":"https:\/\/dimensionturistica.com\/es\/wp-json\/wp\/v2\/posts"}],"about":[{"href":"https:\/\/dimensionturistica.com\/es\/wp-json\/wp\/v2\/types\/post"}],"author":[{"embeddable":true,"href":"https:\/\/dimensionturistica.com\/es\/wp-json\/wp\/v2\/users\/4"}],"replies":[{"embeddable":true,"href":"https:\/\/dimensionturistica.com\/es\/wp-json\/wp\/v2\/comments?post=1072553"}],"version-history":[{"count":1,"href":"https:\/\/dimensionturistica.com\/es\/wp-json\/wp\/v2\/posts\/1072553\/revisions"}],"predecessor-version":[{"id":1072555,"href":"https:\/\/dimensionturistica.com\/es\/wp-json\/wp\/v2\/posts\/1072553\/revisions\/1072555"}],"wp:featuredmedia":[{"embeddable":true,"href":"https:\/\/dimensionturistica.com\/es\/wp-json\/wp\/v2\/media\/1072554"}],"wp:attachment":[{"href":"https:\/\/dimensionturistica.com\/es\/wp-json\/wp\/v2\/media?parent=1072553"}],"wp:term":[{"taxonomy":"category","embeddable":true,"href":"https:\/\/dimensionturistica.com\/es\/wp-json\/wp\/v2\/categories?post=1072553"},{"taxonomy":"post_tag","embeddable":true,"href":"https:\/\/dimensionturistica.com\/es\/wp-json\/wp\/v2\/tags?post=1072553"}],"curies":[{"name":"wp","href":"https:\/\/api.w.org\/{rel}","templated":true}]}}