{"id":1072343,"date":"2025-11-10T00:27:04","date_gmt":"2025-11-10T00:27:04","guid":{"rendered":"https:\/\/dimensionturistica.com\/es\/?p=1072343"},"modified":"2025-11-10T00:27:04","modified_gmt":"2025-11-10T00:27:04","slug":"fue-la-gala-baby2baby-el-evento-benefico-mas-grande-y-esplendido-del-ano","status":"publish","type":"post","link":"https:\/\/dimensionturistica.com\/es\/fue-la-gala-baby2baby-el-evento-benefico-mas-grande-y-esplendido-del-ano\/","title":{"rendered":"\u00bfFue la Gala Baby2Baby el Evento Ben\u00e9fico m\u00e1s Grande (y Espl\u00e9ndido) del A\u00f1o?"},"content":{"rendered":"<h3>La Glamourosa Noche en Favor de la Infancia: Un Paseo por la Gala de Baby2Baby 2025<\/h3>\n<p>En el coraz\u00f3n de una ciudad vibrante, la Gala de Baby2Baby 2025 reuni\u00f3 a luminarias del cine y la moda, ofreciendo una velada de deslumbrante elegancia y un fuerte compromiso social. Este evento, que se ha convertido en un referente dentro de la industria, no solo deslumbr\u00f3 por sus alfombras rojas y atuendos espectaculares, sino tambi\u00e9n por su misi\u00f3n: apoyar a los ni\u00f1os en situaci\u00f3n de vulnerabilidad.<\/p>\n<h4>Estrellas que Brillan por una Causa<\/h4>\n<p>Desde la llegada de las celebridades, el ambiente se llen\u00f3 de emoci\u00f3n. Actrices ic\u00f3nicas y modelos de renombre desfilaban ante las c\u00e1maras, luciendo dise\u00f1os que no solo capturaron miradas, sino tambi\u00e9n corazones. Cada atuendo contaba una historia, desde los vestidos fluidos que evocaban la feminidad cl\u00e1sica hasta los looks m\u00e1s audaces que desafiaban las tendencias actuales. La elecci\u00f3n de colores vibrantes y detalles innovadores no solo mostr\u00f3 la creatividad de los dise\u00f1adores, sino que tambi\u00e9n destac\u00f3 el compromiso de la moda con causas sociales.<\/p>\n<h4>Moda con Prop\u00f3sito<\/h4>\n<p>Una de las tendencias que se not\u00f3 en la gala fue la creciente preferencia por piezas sostenibles. Varios dise\u00f1adores presentes optaron por materiales reciclados y t\u00e9cnicas de producci\u00f3n \u00e9ticas, reafirmando as\u00ed el papel de la industria en la lucha contra el desperdicio. La moda se convierte en un poderoso veh\u00edculo de cambio, inspirando a los asistentes a adoptar un estilo m\u00e1s consciente.<\/p>\n<h4>Momentos Destacados de la Noche<\/h4>\n<p>Los emotivos discursos de los fundadores de Baby2Baby resonaron en el auditorio, recordando a todos el prop\u00f3sito detr\u00e1s de la gala. Las subastas silenciosas, donde se ofrecieron art\u00edculos exclusivos y experiencias \u00fanicas, tambi\u00e9n captaron la atenci\u00f3n, generando una competencia amigable entre los asistentes. La recaudaci\u00f3n de fondos fue m\u00e1s que una cifra; represent\u00f3 una esperanza renovada para muchos ni\u00f1os.<\/p>\n<h4>Looks que Marcaron Tendencia<\/h4>\n<p>Entre los atuendos m\u00e1s comentados de la noche, se destac\u00f3 el espectacular vestido de una renombrada actriz, que combinaba un dise\u00f1o \u00e9tico con un acabado lujoso. Otras celebridades optaron por jumpsuits modernos y conjuntos de dos piezas que fusionaban comodidad y estilo. Esta variedad puso de manifiesto que la elegancia no est\u00e1 re\u00f1ida con la comodidad, invitando a la audiencia a explorar nuevos horizontes en sus elecciones de moda.<\/p>\n<h4>Un Compromiso Renaciente<\/h4>\n<p>La Gala de Baby2Baby no solo celebra a los ni\u00f1os que se benefician de sus iniciativas, sino que tambi\u00e9n se ha convertido en un punto de referencia para el empoderamiento femenino y la inclusi\u00f3n en el sector. Este evento resalta la importancia de la comunidad y el apoyo mutuo, creando un espacio donde cada asistente puede contribuir a generar un impacto positivo.<\/p>\n<p>La atm\u00f3sfera de colaboraci\u00f3n y solidaridad se sent\u00eda en cada rinc\u00f3n, recordando que cada peque\u00f1o gesto cuenta. La moda, una vez m\u00e1s, se demuestra como una plataforma poderosa que va m\u00e1s all\u00e1 de las pasarelas, involucrando a \u00edconos y a la audiencia en una causa que trasciende el lujo y se adentra en el \u00e1mbito del bien com\u00fan.<\/p>\n<h3>Una Noche para Recordar<\/h3>\n<p>A medida que las luces se apagaban y los invitados se desped\u00edan, la Gala de Baby2Baby 2025 se qued\u00f3 grabada en la memoria de todos los presentes. Se cerraron las puertas de un evento que, sin duda, sentar\u00e1 un precedente para futuras iniciativas, y se dej\u00f3 claro que la belleza y la generosidad pueden caminar de la mano en cada paso hacia un futuro mejor.<\/p>\n<p><em> &#8221; Fuentes www.vogue.com &#8221; <\/em><\/p>\n","protected":false},"excerpt":{"rendered":"<p>La Glamourosa Noche en Favor de la Infancia: Un Paseo por la Gala de Baby2Baby 2025 En el coraz\u00f3n de una ciudad vibrante, la Gala de Baby2Baby 2025 reuni\u00f3 a luminarias del cine y la moda, ofreciendo una velada de deslumbrante elegancia y un fuerte compromiso social. Este evento, que se ha convertido en un [&hellip;]<\/p>\n","protected":false},"author":14,"featured_media":1072344,"comment_status":"open","ping_status":"closed","sticky":false,"template":"","format":"standard","meta":{"om_disable_all_campaigns":false,"jnews-multi-image_gallery":[],"jnews_single_post":[],"jnews_primary_category":[],"jnews_social_meta":[],"footnotes":""},"categories":[144872],"tags":[256162,237,99641,54298,70213,166,75295,25759,256163,110912,203622],"class_list":["post-1072343","post","type-post","status-publish","format-standard","has-post-thumbnail","hentry","category-fashion","tag-baby2baby","tag-celebrity","tag-charity","tag-community","tag-event","tag-fashion","tag-fundraising","tag-gala","tag-glitz","tag-philanthropy","tag-vogue-parties"],"_links":{"self":[{"href":"https:\/\/dimensionturistica.com\/es\/wp-json\/wp\/v2\/posts\/1072343","targetHints":{"allow":["GET"]}}],"collection":[{"href":"https:\/\/dimensionturistica.com\/es\/wp-json\/wp\/v2\/posts"}],"about":[{"href":"https:\/\/dimensionturistica.com\/es\/wp-json\/wp\/v2\/types\/post"}],"author":[{"embeddable":true,"href":"https:\/\/dimensionturistica.com\/es\/wp-json\/wp\/v2\/users\/14"}],"replies":[{"embeddable":true,"href":"https:\/\/dimensionturistica.com\/es\/wp-json\/wp\/v2\/comments?post=1072343"}],"version-history":[{"count":1,"href":"https:\/\/dimensionturistica.com\/es\/wp-json\/wp\/v2\/posts\/1072343\/revisions"}],"predecessor-version":[{"id":1072345,"href":"https:\/\/dimensionturistica.com\/es\/wp-json\/wp\/v2\/posts\/1072343\/revisions\/1072345"}],"wp:featuredmedia":[{"embeddable":true,"href":"https:\/\/dimensionturistica.com\/es\/wp-json\/wp\/v2\/media\/1072344"}],"wp:attachment":[{"href":"https:\/\/dimensionturistica.com\/es\/wp-json\/wp\/v2\/media?parent=1072343"}],"wp:term":[{"taxonomy":"category","embeddable":true,"href":"https:\/\/dimensionturistica.com\/es\/wp-json\/wp\/v2\/categories?post=1072343"},{"taxonomy":"post_tag","embeddable":true,"href":"https:\/\/dimensionturistica.com\/es\/wp-json\/wp\/v2\/tags?post=1072343"}],"curies":[{"name":"wp","href":"https:\/\/api.w.org\/{rel}","templated":true}]}}