{"id":1072316,"date":"2025-11-09T22:20:56","date_gmt":"2025-11-09T22:20:56","guid":{"rendered":"https:\/\/dimensionturistica.com\/es\/?p=1072316"},"modified":"2025-11-09T22:20:56","modified_gmt":"2025-11-09T22:20:56","slug":"guia-de-moda-para-coordinar-calzado-rosa-en-tendencia-para-la-temporada-otonal-de-2025","status":"publish","type":"post","link":"https:\/\/dimensionturistica.com\/es\/guia-de-moda-para-coordinar-calzado-rosa-en-tendencia-para-la-temporada-otonal-de-2025\/","title":{"rendered":"Gu\u00eda de moda para coordinar calzado rosa en tendencia para la temporada oto\u00f1al de 2025."},"content":{"rendered":"<p><strong>El Renacer del Rosa: Estilo y Versatilidad en Oto\u00f1o 2025<\/strong><\/p>\n<p>El oto\u00f1o 2025 se presenta como una temporada vibrante, donde los tonos pasteles, especialmente el rosa, cobran vida en las pasarelas y las calles. Este color, tradicionalmente asociado con la dulzura y la feminidad, se reinventa como un s\u00edmbolo de audacia y sofisticaci\u00f3n a trav\u00e9s de los zapatos. Aqu\u00ed te mostramos c\u00f3mo incorporar esta tendencia a tu guardarropa con estilo.<\/p>\n<h3>1. <strong>Combinaciones Sorprendentes<\/strong><\/h3>\n<p>La clave para destacar es combinar los zapatos rosas con prendas que, a primera vista, podr\u00edan parecer dif\u00edciles de llevar. Piensa en un abrigo de lana gris oscuro o un conjunto de denim desgastado. La mezcla de texturas y tonalidades realza el rosa, convirti\u00e9ndolo en el protagonista de tu look.<\/p>\n<h3>2. <strong>La Paleta de Colores Perfecta<\/strong><\/h3>\n<p>Para optimizar tu estilo, elige colores que complementen el rosa. Los tonos neutros como el blanco, el negro o el beige crean un contraste elegante. Por otro lado, colores vibrantes como el azul marino o el verde esmeralda a\u00f1aden un toque de frescura. \u00a1No temas experimentar!<\/p>\n<h3>3. <strong>Longitud y Estilo de Prenda<\/strong><\/h3>\n<p>La longitud de tus prendas tambi\u00e9n juega un papel crucial. Un vestido midi o una falda larga que fluya puede equilibrar perfectamente unos zapatos rosas de tac\u00f3n. Alternativamente, los shorts de cuero o las minifaldas pueden ofrecer un enfoque moderno y atrevido, creando una silueta interesante.<\/p>\n<h3>4. <strong>Accesorios que Marcan la Diferencia<\/strong><\/h3>\n<p>Los accesorios son fundamentales. Opta por bolsos en tonos que contrasten o complementen el rosa, y no olvides las joyas. Un par de aretes grandes o una pulsera estilizada pueden llevar tu look a otro nivel, a\u00f1adiendo ese toque final que capta todas las miradas.<\/p>\n<h3>5. <strong>Atenci\u00f3n al Detalle<\/strong><\/h3>\n<p>No subestimes el poder de los detalles. La elecci\u00f3n de materiales como el charol o el gamuza en tus zapatos puede transformar el resultado final de tu atuendo. La textura a\u00f1ade profundidad y car\u00e1cter, elevando un simple look a una declaraci\u00f3n de moda bien pensada.<\/p>\n<h3>6. <strong>Momento para Brillar<\/strong><\/h3>\n<p>Las noches de oto\u00f1o invitan a salir, y los zapatos rosas son ideales para cualquier evento social. Comb\u00ednalos con un vestido elegante o unos pantalones de vestir y una blusa satinada. Lucir\u00e1s sofisticada y lista para brillar.<\/p>\n<h3>7. <strong>Referencias Iconicas<\/strong><\/h3>\n<p>Una gran estrategia de estilo es observar a \u00edconos de la moda que han adoptado el rosa. Desde celebridades en la alfombra roja hasta influencers en redes sociales, el rosa ha encontrado su lugar en corazones y armarios por igual. Mantente atenta a sus looks y busca inspiraci\u00f3n para tus propias combinaciones.<\/p>\n<p>En esta temporada de oto\u00f1o, los zapatos color rosa se erigen como una opci\u00f3n vers\u00e1til y elegante. Incorporarlos a tu guardarropa no solo a\u00f1ade un toque l\u00fadico, sino que tambi\u00e9n te permite jugar con la moda de manera creativa. Sigue estas tendencias y observa c\u00f3mo tu estilo se transforma, atrayendo todas las miradas y reviviendo tu pasi\u00f3n por la moda. \u00a1Atr\u00e9vete a destacar!<\/p>\n<p><em> &#8221; Fuentes www.vogue.mx &#8221; <\/em><\/p>\n","protected":false},"excerpt":{"rendered":"<p>El Renacer del Rosa: Estilo y Versatilidad en Oto\u00f1o 2025 El oto\u00f1o 2025 se presenta como una temporada vibrante, donde los tonos pasteles, especialmente el rosa, cobran vida en las pasarelas y las calles. Este color, tradicionalmente asociado con la dulzura y la feminidad, se reinventa como un s\u00edmbolo de audacia y sofisticaci\u00f3n a trav\u00e9s [&hellip;]<\/p>\n","protected":false},"author":14,"featured_media":1072317,"comment_status":"open","ping_status":"closed","sticky":false,"template":"","format":"standard","meta":{"om_disable_all_campaigns":false,"jnews-multi-image_gallery":[],"jnews_single_post":[],"jnews_primary_category":[],"jnews_social_meta":[],"footnotes":""},"categories":[144872],"tags":[35453,215162,254422,198524,200843,659,203269,23207,177437,16753,256160],"class_list":["post-1072316","post","type-post","status-publish","format-standard","has-post-thumbnail","hentry","category-fashion","tag-accesorios","tag-combinacion-de-colores","tag-estilo-de-otono","tag-fashion-tips","tag-looks-de-temporada","tag-moda","tag-otono-invierno-2025","tag-pasarelas","tag-tendencias-2025","tag-zapatos","tag-zapatos-rosa"],"_links":{"self":[{"href":"https:\/\/dimensionturistica.com\/es\/wp-json\/wp\/v2\/posts\/1072316","targetHints":{"allow":["GET"]}}],"collection":[{"href":"https:\/\/dimensionturistica.com\/es\/wp-json\/wp\/v2\/posts"}],"about":[{"href":"https:\/\/dimensionturistica.com\/es\/wp-json\/wp\/v2\/types\/post"}],"author":[{"embeddable":true,"href":"https:\/\/dimensionturistica.com\/es\/wp-json\/wp\/v2\/users\/14"}],"replies":[{"embeddable":true,"href":"https:\/\/dimensionturistica.com\/es\/wp-json\/wp\/v2\/comments?post=1072316"}],"version-history":[{"count":1,"href":"https:\/\/dimensionturistica.com\/es\/wp-json\/wp\/v2\/posts\/1072316\/revisions"}],"predecessor-version":[{"id":1072318,"href":"https:\/\/dimensionturistica.com\/es\/wp-json\/wp\/v2\/posts\/1072316\/revisions\/1072318"}],"wp:featuredmedia":[{"embeddable":true,"href":"https:\/\/dimensionturistica.com\/es\/wp-json\/wp\/v2\/media\/1072317"}],"wp:attachment":[{"href":"https:\/\/dimensionturistica.com\/es\/wp-json\/wp\/v2\/media?parent=1072316"}],"wp:term":[{"taxonomy":"category","embeddable":true,"href":"https:\/\/dimensionturistica.com\/es\/wp-json\/wp\/v2\/categories?post=1072316"},{"taxonomy":"post_tag","embeddable":true,"href":"https:\/\/dimensionturistica.com\/es\/wp-json\/wp\/v2\/tags?post=1072316"}],"curies":[{"name":"wp","href":"https:\/\/api.w.org\/{rel}","templated":true}]}}