{"id":1071865,"date":"2025-11-08T22:58:45","date_gmt":"2025-11-08T22:58:45","guid":{"rendered":"https:\/\/dimensionturistica.com\/es\/?p=1071865"},"modified":"2025-11-08T22:58:45","modified_gmt":"2025-11-08T22:58:45","slug":"jamaica-acelera-sus-preparativos-para-la-temporada-turistica-tras-el-paso-del-huracan-melissa","status":"publish","type":"post","link":"https:\/\/dimensionturistica.com\/es\/jamaica-acelera-sus-preparativos-para-la-temporada-turistica-tras-el-paso-del-huracan-melissa\/","title":{"rendered":"Jamaica acelera sus preparativos para la temporada tur\u00edstica tras el paso del hurac\u00e1n Melissa."},"content":{"rendered":"<p><strong>Jamaica se Prepara para la Temporada Tur\u00edstica: Resiliencia ante la Adversidad<\/strong><\/p>\n<p>Jamaica, la joya caribe\u00f1a conocida por sus espectaculares playas de arena blanca y su vibrante cultura, est\u00e1 viviendo un renacimiento despu\u00e9s del paso del hurac\u00e1n Melissa. A medida que se acerca la temporada tur\u00edstica, la isla se apresura a restaurar su infraestructura y atraer a los visitantes que sue\u00f1an con explorar sus bellezas naturales y su rica herencia.<\/p>\n<p>El hurac\u00e1n, aunque no caus\u00f3 da\u00f1os catastr\u00f3ficos, dej\u00f3 un impacto en algunas \u00e1reas. Sin embargo, la resiliencia de los jamaicanos es inspiradora. En colaboraci\u00f3n con el gobierno y el sector privado, se han intensificado los esfuerzos de limpieza y reparaci\u00f3n. Las playas, cafeter\u00edas y sitios tur\u00edsticos est\u00e1n siendo rehabilitados r\u00e1pidamente para asegurar que tanto los locales como los turistas puedan disfrutar de lo mejor que la isla tiene para ofrecer.<\/p>\n<p>Uno de los focus m\u00e1s prominentes en esta recuperaci\u00f3n es la promoci\u00f3n de actividades eco-tur\u00edsticas. Jamaica cuenta con una biodiversidad \u00fanica que incluye selvas tropicales exuberantes y una fauna impresionante. Ecoturismo en las Monta\u00f1as Azules, donde los visitantes pueden disfrutar de senderismo y tours de caf\u00e9, es ahora m\u00e1s atractivo que nunca. As\u00ed, Jamaica no solo busca recuperar la afluencia de turistas, sino hacerlo de una manera que respete y proteja su entorno natural.<\/p>\n<p>La cultura jamaicana, famosa por su m\u00fasica reggae y su gastronom\u00eda vibrante, tambi\u00e9n est\u00e1 lista para recibir a los turistas con los brazos abiertos. Desde los vibrantes festivales locales hasta las degustaciones de la aut\u00e9ntica comida jerk, cada rinc\u00f3n de la isla cuenta una historia que resonar\u00e1 en el coraz\u00f3n de los visitantes. Los peque\u00f1os negocios y las familias locales est\u00e1n ansiosos por compartir su hospitalidad, asegurando que cada estancia sea \u00fanica y memorable.<\/p>\n<p>Los esfuerzos de promoci\u00f3n no se limitan solo a la recuperaci\u00f3n f\u00edsica. Las autoridades tur\u00edsticas han lanzado campa\u00f1as de marketing innovadoras para resaltar la belleza y la autenticidad de Jamaica. Videos cautivadores que muestran tanto las maravillas naturales como las experiencias culturales buscan encender el inter\u00e9s de los viajeros en todo el mundo.<\/p>\n<p>A pesar de los desaf\u00edos recientes, Jamaica est\u00e1 mostrando que es un destino m\u00e1s fuerte y vibrante que nunca. La uni\u00f3n de comunidad, cultura y preservaci\u00f3n medioambiental no solo promete experiencias inolvidables, sino que tambi\u00e9n asegura un futuro brillante para el turismo en la isla. <\/p>\n<p>As\u00ed que, si est\u00e1s considerando tu pr\u00f3xima escapada, \u00a1Jamaica te espera con sus m\u00e1gicas playas, su rica historia y su inquebrantable esp\u00edritu! La isla caribe\u00f1a no solo se est\u00e1 recuperando, sino que se est\u00e1 reinventando como un destino tur\u00edstico imperdible para este a\u00f1o y los que vienen.<\/p>\n<p><em> &#8221; Sources www.elnuevodia.com &#8221; <\/em><\/p>\n","protected":false},"excerpt":{"rendered":"<p>Jamaica se Prepara para la Temporada Tur\u00edstica: Resiliencia ante la Adversidad Jamaica, la joya caribe\u00f1a conocida por sus espectaculares playas de arena blanca y su vibrante cultura, est\u00e1 viviendo un renacimiento despu\u00e9s del paso del hurac\u00e1n Melissa. A medida que se acerca la temporada tur\u00edstica, la isla se apresura a restaurar su infraestructura y atraer [&hellip;]<\/p>\n","protected":false},"author":4,"featured_media":1071866,"comment_status":"open","ping_status":"closed","sticky":false,"template":"","format":"standard","meta":{"om_disable_all_campaigns":false,"jnews-multi-image_gallery":[],"jnews_single_post":[],"jnews_primary_category":[],"jnews_social_meta":[],"footnotes":""},"categories":[40],"tags":[1736,715,2524,254666,1296,3197,255208,1701,964,544,1075,681],"class_list":["post-1071865","post","type-post","status-publish","format-standard","has-post-thumbnail","hentry","category-industria","tag-caribe","tag-economia","tag-huracan","tag-huracan-melissa","tag-industria-turistica","tag-jamaica","tag-melissa","tag-recuperacion","tag-temporada","tag-turismo","tag-turismo-sostenible","tag-viaje"],"_links":{"self":[{"href":"https:\/\/dimensionturistica.com\/es\/wp-json\/wp\/v2\/posts\/1071865","targetHints":{"allow":["GET"]}}],"collection":[{"href":"https:\/\/dimensionturistica.com\/es\/wp-json\/wp\/v2\/posts"}],"about":[{"href":"https:\/\/dimensionturistica.com\/es\/wp-json\/wp\/v2\/types\/post"}],"author":[{"embeddable":true,"href":"https:\/\/dimensionturistica.com\/es\/wp-json\/wp\/v2\/users\/4"}],"replies":[{"embeddable":true,"href":"https:\/\/dimensionturistica.com\/es\/wp-json\/wp\/v2\/comments?post=1071865"}],"version-history":[{"count":1,"href":"https:\/\/dimensionturistica.com\/es\/wp-json\/wp\/v2\/posts\/1071865\/revisions"}],"predecessor-version":[{"id":1071867,"href":"https:\/\/dimensionturistica.com\/es\/wp-json\/wp\/v2\/posts\/1071865\/revisions\/1071867"}],"wp:featuredmedia":[{"embeddable":true,"href":"https:\/\/dimensionturistica.com\/es\/wp-json\/wp\/v2\/media\/1071866"}],"wp:attachment":[{"href":"https:\/\/dimensionturistica.com\/es\/wp-json\/wp\/v2\/media?parent=1071865"}],"wp:term":[{"taxonomy":"category","embeddable":true,"href":"https:\/\/dimensionturistica.com\/es\/wp-json\/wp\/v2\/categories?post=1071865"},{"taxonomy":"post_tag","embeddable":true,"href":"https:\/\/dimensionturistica.com\/es\/wp-json\/wp\/v2\/tags?post=1071865"}],"curies":[{"name":"wp","href":"https:\/\/api.w.org\/{rel}","templated":true}]}}