{"id":1071761,"date":"2025-11-08T19:26:22","date_gmt":"2025-11-08T19:26:22","guid":{"rendered":"https:\/\/dimensionturistica.com\/es\/?p=1071761"},"modified":"2025-11-08T19:26:22","modified_gmt":"2025-11-08T19:26:22","slug":"puerto-vallarta-refuerza-su-liderazgo-lgbtq-y-de-lujo","status":"publish","type":"post","link":"https:\/\/dimensionturistica.com\/es\/puerto-vallarta-refuerza-su-liderazgo-lgbtq-y-de-lujo\/","title":{"rendered":"Puerto Vallarta refuerza su liderazgo LGBTQ+ y de Lujo"},"content":{"rendered":"\n<p><\/p>\n\n\n\n<figure class=\"wp-block-gallery has-nested-images columns-default is-cropped wp-block-gallery-1 is-layout-flex wp-block-gallery-is-layout-flex\">\n<figure class=\"wp-block-image size-large\"><img decoding=\"async\" width=\"500\" height=\"343\" data-id=\"1071762\" src=\"https:\/\/dimensionturistica.com\/es\/wp-content\/uploads\/2025\/11\/11PUERTO.jpg\" alt=\"\" class=\"wp-image-1071762\" srcset=\"https:\/\/dimensionturistica.com\/es\/wp-content\/uploads\/2025\/11\/11PUERTO.jpg 500w, https:\/\/dimensionturistica.com\/es\/wp-content\/uploads\/2025\/11\/11PUERTO-300x206.jpg 300w\" sizes=\"(max-width: 500px) 100vw, 500px\" \/><\/figure>\n<\/figure>\n\n\n\n<p>Puerto Vallarta reafirm\u00f3 su liderazgo como destino incluyente y de alta gama al participar en Proud Experiences by ILTM North America, uno de los eventos m\u00e1s relevantes a nivel internacional para el segmento LGBTQ+ y de lujo, realizado recientemente en el complejo Baha Mar, en Las Bahamas.<\/p>\n\n\n\n<figure class=\"wp-block-gallery has-nested-images columns-default is-cropped wp-block-gallery-2 is-layout-flex wp-block-gallery-is-layout-flex\">\n<figure class=\"wp-block-image size-large\"><img decoding=\"async\" width=\"500\" height=\"399\" data-id=\"1071763\" src=\"https:\/\/dimensionturistica.com\/es\/wp-content\/uploads\/2025\/11\/1PUERTO.jpg\" alt=\"\" class=\"wp-image-1071763\" srcset=\"https:\/\/dimensionturistica.com\/es\/wp-content\/uploads\/2025\/11\/1PUERTO.jpg 500w, https:\/\/dimensionturistica.com\/es\/wp-content\/uploads\/2025\/11\/1PUERTO-300x239.jpg 300w\" sizes=\"(max-width: 500px) 100vw, 500px\" \/><\/figure>\n<\/figure>\n\n\n\n<p>Durante su participaci\u00f3n, el destino logr\u00f3 concretar 60 citas uno a uno con compradores especializados, tour operadores, agencias de viajes y representantes de marcas internacionales, con el objetivo de fortalecer alianzas estrat\u00e9gicas y posicionar la oferta tur\u00edstica de Puerto Vallarta ante los principales actores del turismo de lujo e incluyente.<\/p>\n\n\n\n<figure class=\"wp-block-gallery has-nested-images columns-default is-cropped wp-block-gallery-3 is-layout-flex wp-block-gallery-is-layout-flex\">\n<figure class=\"wp-block-image size-large\"><img decoding=\"async\" width=\"500\" height=\"399\" data-id=\"1071765\" src=\"https:\/\/dimensionturistica.com\/es\/wp-content\/uploads\/2025\/11\/2PUERTO.jpg\" alt=\"\" class=\"wp-image-1071765\" srcset=\"https:\/\/dimensionturistica.com\/es\/wp-content\/uploads\/2025\/11\/2PUERTO.jpg 500w, https:\/\/dimensionturistica.com\/es\/wp-content\/uploads\/2025\/11\/2PUERTO-300x239.jpg 300w\" sizes=\"(max-width: 500px) 100vw, 500px\" \/><\/figure>\n<\/figure>\n\n\n\n<p>El evento, organizado por International Luxury Travel Market (ILTM), reuni\u00f3 a 525 expositores y un n\u00famero similar de compradores provenientes de los cinco continentes. En esta edici\u00f3n, se dieron cita reconocidos destinos tur\u00edsticos, agencias de viajes, hoteles boutique y cadenas de hospitalidad premium que buscan conectar con un mercado en constante crecimiento.<\/p>\n\n\n\n<figure class=\"wp-block-gallery has-nested-images columns-default is-cropped wp-block-gallery-4 is-layout-flex wp-block-gallery-is-layout-flex\">\n<figure class=\"wp-block-image size-large\"><img decoding=\"async\" width=\"500\" height=\"399\" data-id=\"1071768\" src=\"https:\/\/dimensionturistica.com\/es\/wp-content\/uploads\/2025\/11\/4PUERTO.jpg\" alt=\"\" class=\"wp-image-1071768\" srcset=\"https:\/\/dimensionturistica.com\/es\/wp-content\/uploads\/2025\/11\/4PUERTO.jpg 500w, https:\/\/dimensionturistica.com\/es\/wp-content\/uploads\/2025\/11\/4PUERTO-300x239.jpg 300w\" sizes=\"(max-width: 500px) 100vw, 500px\" \/><\/figure>\n<\/figure>\n\n\n\n<p>Proud Experiences se ha consolidado como una plataforma de negocios clave que fomenta la diversidad, la inclusi\u00f3n y la excelencia en el sector de viajes. Su enfoque est\u00e1 en conectar marcas y destinos con el segmento LGBTQ+, uno de los m\u00e1s din\u00e1micos y de mayor gasto promedio dentro de la industria tur\u00edstica mundial.<\/p>\n\n\n\n<p>Para Puerto Vallarta, esta participaci\u00f3n represent\u00f3 una valiosa oportunidad para reforzar su posicionamiento como un destino aut\u00e9ntico, diverso y hospitalario, reconocido por su ambiente seguro, su oferta de hospedaje de lujo, su vibrante vida nocturna y su amplia gama de experiencias culturales, gastron\u00f3micas y de bienestar.<\/p>\n\n\n\n<figure class=\"wp-block-gallery has-nested-images columns-default is-cropped wp-block-gallery-5 is-layout-flex wp-block-gallery-is-layout-flex\">\n<figure class=\"wp-block-image size-large\"><img decoding=\"async\" width=\"500\" height=\"281\" data-id=\"1071769\" src=\"https:\/\/dimensionturistica.com\/es\/wp-content\/uploads\/2025\/11\/6PUERTO.jpg\" alt=\"\" class=\"wp-image-1071769\" srcset=\"https:\/\/dimensionturistica.com\/es\/wp-content\/uploads\/2025\/11\/6PUERTO.jpg 500w, https:\/\/dimensionturistica.com\/es\/wp-content\/uploads\/2025\/11\/6PUERTO-300x169.jpg 300w\" sizes=\"(max-width: 500px) 100vw, 500px\" \/><\/figure>\n<\/figure>\n\n\n\n<p>Con su presencia en Proud Experiences, Puerto Vallarta contin\u00faa impulsando su estrategia de promoci\u00f3n internacional enfocada en los segmentos de alto poder adquisitivo y en el turismo LGBTQ+, reafirmando su compromiso con la inclusi\u00f3n, la sostenibilidad y la excelencia en el servicio.<\/p>\n","protected":false},"excerpt":{"rendered":"<p>Puerto Vallarta reafirm\u00f3 su liderazgo como destino incluyente y de alta gama al participar en Proud Experiences by ILTM North America, uno de los eventos m\u00e1s relevantes a nivel internacional para el segmento LGBTQ+ y de lujo, realizado recientemente en el complejo Baha Mar, en Las Bahamas. Durante su participaci\u00f3n, el destino logr\u00f3 concretar 60 [&hellip;]<\/p>\n","protected":false},"author":1,"featured_media":0,"comment_status":"open","ping_status":"closed","sticky":false,"template":"","format":"standard","meta":{"om_disable_all_campaigns":false,"jnews-multi-image_gallery":[],"jnews_single_post":[],"jnews_primary_category":[],"jnews_social_meta":[],"footnotes":""},"categories":[39],"tags":[],"class_list":["post-1071761","post","type-post","status-publish","format-standard","hentry","category-viajes"],"_links":{"self":[{"href":"https:\/\/dimensionturistica.com\/es\/wp-json\/wp\/v2\/posts\/1071761","targetHints":{"allow":["GET"]}}],"collection":[{"href":"https:\/\/dimensionturistica.com\/es\/wp-json\/wp\/v2\/posts"}],"about":[{"href":"https:\/\/dimensionturistica.com\/es\/wp-json\/wp\/v2\/types\/post"}],"author":[{"embeddable":true,"href":"https:\/\/dimensionturistica.com\/es\/wp-json\/wp\/v2\/users\/1"}],"replies":[{"embeddable":true,"href":"https:\/\/dimensionturistica.com\/es\/wp-json\/wp\/v2\/comments?post=1071761"}],"version-history":[{"count":1,"href":"https:\/\/dimensionturistica.com\/es\/wp-json\/wp\/v2\/posts\/1071761\/revisions"}],"predecessor-version":[{"id":1071776,"href":"https:\/\/dimensionturistica.com\/es\/wp-json\/wp\/v2\/posts\/1071761\/revisions\/1071776"}],"wp:attachment":[{"href":"https:\/\/dimensionturistica.com\/es\/wp-json\/wp\/v2\/media?parent=1071761"}],"wp:term":[{"taxonomy":"category","embeddable":true,"href":"https:\/\/dimensionturistica.com\/es\/wp-json\/wp\/v2\/categories?post=1071761"},{"taxonomy":"post_tag","embeddable":true,"href":"https:\/\/dimensionturistica.com\/es\/wp-json\/wp\/v2\/tags?post=1071761"}],"curies":[{"name":"wp","href":"https:\/\/api.w.org\/{rel}","templated":true}]}}