{"id":1071749,"date":"2025-11-08T19:02:40","date_gmt":"2025-11-08T19:02:40","guid":{"rendered":"https:\/\/dimensionturistica.com\/es\/?p=1071749"},"modified":"2025-11-08T19:02:40","modified_gmt":"2025-11-08T19:02:40","slug":"mas-alla-del-manguito-rotador-afecciones-comunes-del-hombro-que-tambien-deben-considerarse","status":"publish","type":"post","link":"https:\/\/dimensionturistica.com\/es\/mas-alla-del-manguito-rotador-afecciones-comunes-del-hombro-que-tambien-deben-considerarse\/","title":{"rendered":"M\u00e1s all\u00e1 del manguito rotador Afecciones comunes del hombro que tambi\u00e9n deben considerarse"},"content":{"rendered":"\n<figure class=\"wp-block-gallery has-nested-images columns-default is-cropped wp-block-gallery-1 is-layout-flex wp-block-gallery-is-layout-flex\">\n<figure class=\"wp-block-image size-large\"><img decoding=\"async\" width=\"500\" height=\"333\" data-id=\"1071751\" src=\"https:\/\/dimensionturistica.com\/es\/wp-content\/uploads\/2025\/11\/33dr.jpg\" alt=\"\" class=\"wp-image-1071751\" srcset=\"https:\/\/dimensionturistica.com\/es\/wp-content\/uploads\/2025\/11\/33dr.jpg 500w, https:\/\/dimensionturistica.com\/es\/wp-content\/uploads\/2025\/11\/33dr-300x200.jpg 300w\" sizes=\"(max-width: 500px) 100vw, 500px\" \/><\/figure>\n<\/figure>\n\n\n\n<p>El hombro, una de las articulaciones con mayor movilidad del cuerpo humano, es especialmente vulnerable a lesiones y trastornos que pueden limitar de manera importante la calidad de vida.<\/p>\n\n\n\n<p>\u201cEl dolor de hombro no siempre est\u00e1 relacionado con el manguito rotador, aunque esa sea la causa m\u00e1s conocida\u201d, explica el Dr. Jorge Cervantes, ortopedista artrofista. \u201cExisten muchas otras afecciones que pueden generar molestias similares y requieren un enfoque diagn\u00f3stico preciso para evitar tratamientos equivocados.\u201d<\/p>\n\n\n\n<p>Panorama cl\u00ednico<\/p>\n\n\n\n<p>Las lesiones del manguito rotador \u2014como la tendinitis, el s\u00edndrome de pinzamiento o las rupturas\u2014 son las m\u00e1s frecuentes, pero no las \u00fanicas. El Dr. Cervantes se\u00f1ala que \u201cuno de los principales retos en consulta es distinguir entre patolog\u00edas que se presentan con el mismo tipo de dolor o limitaci\u00f3n, pero que tienen un origen distinto\u201d.<\/p>\n\n\n\n<p>Entre las afecciones m\u00e1s comunes se encuentran:<\/p>\n\n\n\n<figure class=\"wp-block-gallery has-nested-images columns-default is-cropped wp-block-gallery-2 is-layout-flex wp-block-gallery-is-layout-flex\">\n<figure class=\"wp-block-image size-large\"><img decoding=\"async\" width=\"500\" height=\"349\" data-id=\"1071754\" src=\"https:\/\/dimensionturistica.com\/es\/wp-content\/uploads\/2025\/11\/4444drjpg.jpg\" alt=\"\" class=\"wp-image-1071754\" srcset=\"https:\/\/dimensionturistica.com\/es\/wp-content\/uploads\/2025\/11\/4444drjpg.jpg 500w, https:\/\/dimensionturistica.com\/es\/wp-content\/uploads\/2025\/11\/4444drjpg-300x209.jpg 300w\" sizes=\"(max-width: 500px) 100vw, 500px\" \/><figcaption class=\"wp-element-caption\">Woman suffering from shoulder pain<\/figcaption><\/figure>\n<\/figure>\n\n\n\n<p>Bursitis subacromial: inflamaci\u00f3n de las bursas que amortiguan el contacto entre tendones y hueso.<\/p>\n\n\n\n<p>Tendinitis del b\u00edceps: inflamaci\u00f3n del tend\u00f3n que conecta el m\u00fasculo b\u00edceps al hombro, com\u00fan en movimientos repetitivos.<\/p>\n\n\n\n<p>S\u00edndrome de pinzamiento subacromial: ocurre cuando las estructuras del espacio subacromial presionan los tendones o bursas, generando dolor al levantar el brazo.<\/p>\n\n\n\n<p>Hombro congelado (capsulitis adhesiva): dolor progresivo y rigidez con p\u00e9rdida significativa de movilidad, que puede aparecer tras una lesi\u00f3n o sin causa aparente.<\/p>\n\n\n\n<p>Luxaci\u00f3n o subluxaci\u00f3n: desplazamiento de la cabeza del h\u00famero fuera de su cavidad, habitualmente provocado por un trauma.<\/p>\n\n\n\n<p>Artritis o artrosis del hombro: desgaste del cart\u00edlago articular que causa dolor, rigidez y limitaci\u00f3n funcional.<\/p>\n\n\n\n<p>Fracturas: producto de ca\u00eddas o impactos directos sobre el hombro.<\/p>\n\n\n\n<p>Dolor referido o problemas nerviosos: afecciones cervicales o neurol\u00f3gicas que se manifiestan con dolor en la articulaci\u00f3n.<\/p>\n\n\n\n<p>Importancia del diagn\u00f3stico diferencial<\/p>\n\n\n\n<figure class=\"wp-block-gallery has-nested-images columns-default is-cropped wp-block-gallery-3 is-layout-flex wp-block-gallery-is-layout-flex\">\n<figure class=\"wp-block-image size-large\"><img decoding=\"async\" width=\"500\" height=\"749\" data-id=\"1071755\" src=\"https:\/\/dimensionturistica.com\/es\/wp-content\/uploads\/2025\/11\/99dr.jpg\" alt=\"\" class=\"wp-image-1071755\" srcset=\"https:\/\/dimensionturistica.com\/es\/wp-content\/uploads\/2025\/11\/99dr.jpg 500w, https:\/\/dimensionturistica.com\/es\/wp-content\/uploads\/2025\/11\/99dr-200x300.jpg 200w\" sizes=\"(max-width: 500px) 100vw, 500px\" \/><figcaption class=\"wp-element-caption\">Man with blue shirt with shoulder pain<\/figcaption><\/figure>\n<\/figure>\n\n\n\n<p>Muchas de estas afecciones comparten s\u00edntomas como dolor al movimiento, limitaci\u00f3n al alzar el brazo, dolor nocturno o rigidez. \u201cUn diagn\u00f3stico adecuado debe partir de una valoraci\u00f3n cl\u00ednica completa y apoyarse con estudios de imagen; de lo contrario, se corre el riesgo de tratar al paciente por la causa equivocada\u201d, destaca el Dr. Jo9rge Cervantes.<\/p>\n\n\n\n<p>El especialista tambi\u00e9n subraya que el tratamiento debe individualizarse: \u201cCada hombro es diferente. No todos los pacientes se benefician de los mismos ejercicios, medicamentos o tiempos de reposo. La personalizaci\u00f3n del tratamiento es clave para una recuperaci\u00f3n exitosa.\u201d<\/p>\n\n\n\n<p>C\u00f3mo tratarlo<\/p>\n\n\n\n<p>El abordaje terap\u00e9utico depender\u00e1 del tipo de lesi\u00f3n, su gravedad y las caracter\u00edsticas del paciente. Entre las opciones m\u00e1s frecuentes se incluyen:<\/p>\n\n\n\n<p>Reposo relativo, aplicaci\u00f3n de hielo y medidas para reducir la inflamaci\u00f3n.<\/p>\n\n\n\n<p>Medicamentos antiinflamatorios o analg\u00e9sicos.<\/p>\n\n\n\n<p>Fisioterapia enfocada en restaurar movilidad, fuerza y funci\u00f3n.<\/p>\n\n\n\n<p>Inyecciones locales de corticosteroides en casos de inflamaci\u00f3n persistente.<\/p>\n\n\n\n<p>Intervenci\u00f3n quir\u00fargica en lesiones graves o resistentes al tratamiento conservador.<\/p>\n\n\n\n<p>\u201cEl objetivo no es solo quitar el dolor, sino devolver la funcionalidad al hombro y prevenir reca\u00eddas\u201d, enfatiza el Dr. Jorge Cervantes. \u201cLa fisioterapia guiada y el fortalecimiento progresivo son esenciales para lograrlo.\u201d<\/p>\n\n\n\n<p>\u201cAdoptar h\u00e1bitos ergon\u00f3micos, mantener una buena postura y realizar ejercicios de fortalecimiento del hombro y la espalda puede reducir significativamente la incidencia de lesiones\u201d, concluye el Dr. Jorge Cervantes.<\/p>\n","protected":false},"excerpt":{"rendered":"<p>El hombro, una de las articulaciones con mayor movilidad del cuerpo humano, es especialmente vulnerable a lesiones y trastornos que pueden limitar de manera importante la calidad de vida. \u201cEl dolor de hombro no siempre est\u00e1 relacionado con el manguito rotador, aunque esa sea la causa m\u00e1s conocida\u201d, explica el Dr. Jorge Cervantes, ortopedista artrofista. [&hellip;]<\/p>\n","protected":false},"author":1,"featured_media":0,"comment_status":"open","ping_status":"closed","sticky":false,"template":"","format":"standard","meta":{"om_disable_all_campaigns":false,"jnews-multi-image_gallery":[],"jnews_single_post":[],"jnews_primary_category":[],"jnews_social_meta":[],"footnotes":""},"categories":[144872],"tags":[],"class_list":["post-1071749","post","type-post","status-publish","format-standard","hentry","category-fashion"],"_links":{"self":[{"href":"https:\/\/dimensionturistica.com\/es\/wp-json\/wp\/v2\/posts\/1071749","targetHints":{"allow":["GET"]}}],"collection":[{"href":"https:\/\/dimensionturistica.com\/es\/wp-json\/wp\/v2\/posts"}],"about":[{"href":"https:\/\/dimensionturistica.com\/es\/wp-json\/wp\/v2\/types\/post"}],"author":[{"embeddable":true,"href":"https:\/\/dimensionturistica.com\/es\/wp-json\/wp\/v2\/users\/1"}],"replies":[{"embeddable":true,"href":"https:\/\/dimensionturistica.com\/es\/wp-json\/wp\/v2\/comments?post=1071749"}],"version-history":[{"count":1,"href":"https:\/\/dimensionturistica.com\/es\/wp-json\/wp\/v2\/posts\/1071749\/revisions"}],"predecessor-version":[{"id":1071757,"href":"https:\/\/dimensionturistica.com\/es\/wp-json\/wp\/v2\/posts\/1071749\/revisions\/1071757"}],"wp:attachment":[{"href":"https:\/\/dimensionturistica.com\/es\/wp-json\/wp\/v2\/media?parent=1071749"}],"wp:term":[{"taxonomy":"category","embeddable":true,"href":"https:\/\/dimensionturistica.com\/es\/wp-json\/wp\/v2\/categories?post=1071749"},{"taxonomy":"post_tag","embeddable":true,"href":"https:\/\/dimensionturistica.com\/es\/wp-json\/wp\/v2\/tags?post=1071749"}],"curies":[{"name":"wp","href":"https:\/\/api.w.org\/{rel}","templated":true}]}}