{"id":1071622,"date":"2025-11-08T16:04:09","date_gmt":"2025-11-08T16:04:09","guid":{"rendered":"https:\/\/dimensionturistica.com\/es\/?p=1071622"},"modified":"2025-11-08T16:04:09","modified_gmt":"2025-11-08T16:04:09","slug":"otorga-la-secretaria-de-economia-autorizacion-a-time-ceramics-para-el-uso-de-las-marcas-hecho-en-mexico-y-made-in-mexico","status":"publish","type":"post","link":"https:\/\/dimensionturistica.com\/es\/otorga-la-secretaria-de-economia-autorizacion-a-time-ceramics-para-el-uso-de-las-marcas-hecho-en-mexico-y-made-in-mexico\/","title":{"rendered":"Otorga la secretar\u00eda de econom\u00eda autorizaci\u00f3n a Time Ceramics para el uso de las marcas \u201cHecho en M\u00e9xico\u201d y \u201cMade in M\u00e9xico\u201d"},"content":{"rendered":"\n<figure class=\"wp-block-gallery has-nested-images columns-default is-cropped wp-block-gallery-1 is-layout-flex wp-block-gallery-is-layout-flex\">\n<figure class=\"wp-block-image size-large\"><img decoding=\"async\" width=\"500\" height=\"326\" data-id=\"1071623\" src=\"https:\/\/dimensionturistica.com\/es\/wp-content\/uploads\/2025\/11\/1ceramic.jpg\" alt=\"\" class=\"wp-image-1071623\" srcset=\"https:\/\/dimensionturistica.com\/es\/wp-content\/uploads\/2025\/11\/1ceramic.jpg 500w, https:\/\/dimensionturistica.com\/es\/wp-content\/uploads\/2025\/11\/1ceramic-300x196.jpg 300w\" sizes=\"(max-width: 500px) 100vw, 500px\" \/><\/figure>\n<\/figure>\n\n\n\n<p>&nbsp;&nbsp;&nbsp;&nbsp;&nbsp;&nbsp;\u201cEl distintivo reconoce en una primera etapa productos elaborados en el pa\u00eds que cumplen con altos est\u00e1ndares de calidad, prioriza insumos de origen nacional y el cumplimiento de los objetivos de Desarrollo Sostenible\u2026\u201d<\/p>\n\n\n\n<p>Al corroborar que han quedado satisfechos los requisitos previstos en el Acuerdo por el que se dan a conocer las marcas de certificaci\u00f3n \u201cHecho en M\u00e9xico\u201d y \u201cMade in M\u00e9xico\u201d y sus reglas de uso, la Secretar\u00eda de Econom\u00eda, a trav\u00e9s de su Unidad de Normatividad, Competitividad y Competencia, otorg\u00f3 a Time Ceramics, autorizaci\u00f3n de uso de estas marcas en sus porcelanatos.<\/p>\n\n\n\n<figure class=\"wp-block-gallery has-nested-images columns-default is-cropped wp-block-gallery-2 is-layout-flex wp-block-gallery-is-layout-flex\">\n<figure class=\"wp-block-image size-large\"><img decoding=\"async\" width=\"500\" height=\"333\" data-id=\"1071624\" src=\"https:\/\/dimensionturistica.com\/es\/wp-content\/uploads\/2025\/11\/3ceramic.jpg\" alt=\"\" class=\"wp-image-1071624\" srcset=\"https:\/\/dimensionturistica.com\/es\/wp-content\/uploads\/2025\/11\/3ceramic.jpg 500w, https:\/\/dimensionturistica.com\/es\/wp-content\/uploads\/2025\/11\/3ceramic-300x200.jpg 300w\" sizes=\"(max-width: 500px) 100vw, 500px\" \/><\/figure>\n<\/figure>\n\n\n\n<p>Con el n\u00famero de autorizaci\u00f3n SE.UNCC.AHM.5367.2025, considera que la empresa cumple con sus reglas, como son:<\/p>\n\n\n\n<p>\u00b7 &nbsp;&nbsp;&nbsp;&nbsp;&nbsp;&nbsp;En su proceso de manufactura o fabricaci\u00f3n, se implementan acciones respecto al cumplimiento con un desarrollo sustentable<\/p>\n\n\n\n<p>\u00b7 &nbsp;&nbsp;&nbsp;&nbsp;&nbsp;&nbsp;Promueve el crecimiento econ\u00f3mico inclusivo y sostenible, el empleo y el trabajo decente para todos<\/p>\n\n\n\n<p>Al recibir la notificaci\u00f3n oficial, fechado el pasado 6 de octubre, el vocero de la empresa Alan S\u00e1nchez, record\u00f3 que el otorgamiento de esta autorizaci\u00f3n es una muestra de que TIME CERAMICS act\u00faa siempre con base en la ley y re\u00fane todos los requisitos para obtener el caracter\u00edstico sello de la cabeza de \u00e1guila con la leyenda \u201cHecho en M\u00e9xico\u201d, ya que su producto est\u00e1 elaborado 100 por ciento con materias primas nacionales y mano de obra de trabajadores mexicanos.<\/p>\n\n\n\n<p>Destac\u00f3 tambi\u00e9n que su producto es de la m\u00e1s alta calidad y a un precio muy competitivo y cumple con el objetivo del Plan M\u00e9xico de promover la inversi\u00f3n, fortalecer al mercado nacional y regional.<\/p>\n\n\n\n<figure class=\"wp-block-gallery has-nested-images columns-default is-cropped wp-block-gallery-3 is-layout-flex wp-block-gallery-is-layout-flex\">\n<figure class=\"wp-block-image size-large\"><img decoding=\"async\" width=\"500\" height=\"333\" data-id=\"1071625\" src=\"https:\/\/dimensionturistica.com\/es\/wp-content\/uploads\/2025\/11\/4cereamic.jpg\" alt=\"\" class=\"wp-image-1071625\" srcset=\"https:\/\/dimensionturistica.com\/es\/wp-content\/uploads\/2025\/11\/4cereamic.jpg 500w, https:\/\/dimensionturistica.com\/es\/wp-content\/uploads\/2025\/11\/4cereamic-300x200.jpg 300w\" sizes=\"(max-width: 500px) 100vw, 500px\" \/><\/figure>\n<\/figure>\n\n\n\n<p>Al respecto, record\u00f3 las palabras del secretario de Econom\u00eda, Marcelo Ebrard sobre el sello \u201cHecho en M\u00e9xico\u201d y \u201cMade in M\u00e9xico\u201d, de que \u201ces una herramienta para proyectar lo que somos capaces de producir con calidad, talento e identidad\u201d.<\/p>\n\n\n\n<p>\u201cEl distintivo reconoce en una primera etapa productos elaborados en el pa\u00eds que cumplen con altos est\u00e1ndares de calidad, prioriza insumos de origen nacional y el cumplimiento de los objetivos de Desarrollo Sostenible\u2026\u201d<\/p>\n","protected":false},"excerpt":{"rendered":"<p>&nbsp;&nbsp;&nbsp;&nbsp;&nbsp;&nbsp;\u201cEl distintivo reconoce en una primera etapa productos elaborados en el pa\u00eds que cumplen con altos est\u00e1ndares de calidad, prioriza insumos de origen nacional y el cumplimiento de los objetivos de Desarrollo Sostenible\u2026\u201d Al corroborar que han quedado satisfechos los requisitos previstos en el Acuerdo por el que se dan a conocer las marcas de [&hellip;]<\/p>\n","protected":false},"author":1,"featured_media":0,"comment_status":"open","ping_status":"closed","sticky":false,"template":"","format":"standard","meta":{"om_disable_all_campaigns":false,"jnews-multi-image_gallery":[],"jnews_single_post":[],"jnews_primary_category":[],"jnews_social_meta":[],"footnotes":""},"categories":[40],"tags":[],"class_list":["post-1071622","post","type-post","status-publish","format-standard","hentry","category-industria"],"_links":{"self":[{"href":"https:\/\/dimensionturistica.com\/es\/wp-json\/wp\/v2\/posts\/1071622","targetHints":{"allow":["GET"]}}],"collection":[{"href":"https:\/\/dimensionturistica.com\/es\/wp-json\/wp\/v2\/posts"}],"about":[{"href":"https:\/\/dimensionturistica.com\/es\/wp-json\/wp\/v2\/types\/post"}],"author":[{"embeddable":true,"href":"https:\/\/dimensionturistica.com\/es\/wp-json\/wp\/v2\/users\/1"}],"replies":[{"embeddable":true,"href":"https:\/\/dimensionturistica.com\/es\/wp-json\/wp\/v2\/comments?post=1071622"}],"version-history":[{"count":1,"href":"https:\/\/dimensionturistica.com\/es\/wp-json\/wp\/v2\/posts\/1071622\/revisions"}],"predecessor-version":[{"id":1071626,"href":"https:\/\/dimensionturistica.com\/es\/wp-json\/wp\/v2\/posts\/1071622\/revisions\/1071626"}],"wp:attachment":[{"href":"https:\/\/dimensionturistica.com\/es\/wp-json\/wp\/v2\/media?parent=1071622"}],"wp:term":[{"taxonomy":"category","embeddable":true,"href":"https:\/\/dimensionturistica.com\/es\/wp-json\/wp\/v2\/categories?post=1071622"},{"taxonomy":"post_tag","embeddable":true,"href":"https:\/\/dimensionturistica.com\/es\/wp-json\/wp\/v2\/tags?post=1071622"}],"curies":[{"name":"wp","href":"https:\/\/api.w.org\/{rel}","templated":true}]}}