{"id":1071608,"date":"2025-11-08T15:42:33","date_gmt":"2025-11-08T15:42:33","guid":{"rendered":"https:\/\/dimensionturistica.com\/es\/?p=1071608"},"modified":"2025-11-08T15:42:33","modified_gmt":"2025-11-08T15:42:33","slug":"la-reconstruccion-mamaria-sanar-el-cuerpo-y-el-alma-despues-del-cancer-de-mama","status":"publish","type":"post","link":"https:\/\/dimensionturistica.com\/es\/la-reconstruccion-mamaria-sanar-el-cuerpo-y-el-alma-despues-del-cancer-de-mama\/","title":{"rendered":"\u200bLa reconstrucci\u00f3n mamaria: sanar el cuerpo y el alma despu\u00e9s del c\u00e1ncer de mama"},"content":{"rendered":"\n<figure class=\"wp-block-gallery has-nested-images columns-default is-cropped wp-block-gallery-1 is-layout-flex wp-block-gallery-is-layout-flex\">\n<figure class=\"wp-block-image size-large\"><img decoding=\"async\" width=\"500\" height=\"333\" data-id=\"1071609\" src=\"https:\/\/dimensionturistica.com\/es\/wp-content\/uploads\/2025\/11\/1DR.jpg\" alt=\"\" class=\"wp-image-1071609\" srcset=\"https:\/\/dimensionturistica.com\/es\/wp-content\/uploads\/2025\/11\/1DR.jpg 500w, https:\/\/dimensionturistica.com\/es\/wp-content\/uploads\/2025\/11\/1DR-300x200.jpg 300w\" sizes=\"(max-width: 500px) 100vw, 500px\" \/><\/figure>\n<\/figure>\n\n\n\n<p>El Dr. David De Rungs, especialista en cirug\u00eda pl\u00e1stica, est\u00e9tica y reconstructiva, habla sobre la importancia del acompa\u00f1amiento m\u00e9dico y emocional despu\u00e9s del proceso oncol\u00f3gico.<\/p>\n\n\n\n<p>Cada octubre, el mundo se viste de rosa para crear conciencia sobre la detecci\u00f3n temprana del c\u00e1ncer de mama, una enfermedad que no distingue g\u00e9nero ni edad. Aunque la mayor\u00eda de los casos se presentan en mujeres, tambi\u00e9n hay hombres que enfrentan este diagn\u00f3stico y comparten un mismo desaf\u00edo: sanar el cuerpo y, al mismo tiempo, el alma.<\/p>\n\n\n\n<p>Cuando el tratamiento oncol\u00f3gico concluye, comienza una etapa igualmente relevante: reconciliarse con el propio cuerpo. Muchas personas atraviesan ese proceso con miedo, dudas o tristeza al mirarse al espejo. Es entonces cuando el papel del cirujano pl\u00e1stico reconstructivo cobra una dimensi\u00f3n profundamente humana.<\/p>\n\n\n\n<figure class=\"wp-block-gallery has-nested-images columns-default is-cropped wp-block-gallery-2 is-layout-flex wp-block-gallery-is-layout-flex\">\n<figure class=\"wp-block-image size-large\"><img decoding=\"async\" width=\"500\" height=\"750\" data-id=\"1071610\" src=\"https:\/\/dimensionturistica.com\/es\/wp-content\/uploads\/2025\/11\/2DR.jpg\" alt=\"\" class=\"wp-image-1071610\" srcset=\"https:\/\/dimensionturistica.com\/es\/wp-content\/uploads\/2025\/11\/2DR.jpg 500w, https:\/\/dimensionturistica.com\/es\/wp-content\/uploads\/2025\/11\/2DR-200x300.jpg 200w\" sizes=\"(max-width: 500px) 100vw, 500px\" \/><\/figure>\n<\/figure>\n\n\n\n<p>\u201cLa reconstrucci\u00f3n mamaria no es solo una cuesti\u00f3n est\u00e9tica. Es un paso hacia la recuperaci\u00f3n de la identidad, de poder mirarse nuevamente y reconocerse despu\u00e9s de todo lo vivido\u201d, explica Dr. David De Rungs, especialista en cirug\u00eda pl\u00e1stica, est\u00e9tica y reconstructiva.<\/p>\n\n\n\n<p>Gracias a los avances m\u00e9dicos, hoy existen t\u00e9cnicas m\u00e1s seguras, naturales y personalizadas que permiten reconstruir el busto con tejidos propios o mediante implantes dise\u00f1ados espec\u00edficamente para cada paciente. Sin embargo, el Dr. De Rungs subraya que el verdadero impacto va m\u00e1s all\u00e1 del quir\u00f3fano. \u201cEl procedimiento es solo una parte del proceso. Lo m\u00e1s importante es el acompa\u00f1amiento, la empat\u00eda y el respeto por la historia de cada persona. Cada cicatriz cuenta una historia de valent\u00eda.\u201d<\/p>\n\n\n\n<figure class=\"wp-block-gallery has-nested-images columns-default is-cropped wp-block-gallery-3 is-layout-flex wp-block-gallery-is-layout-flex\">\n<figure class=\"wp-block-image size-large\"><img decoding=\"async\" width=\"500\" height=\"333\" data-id=\"1071612\" src=\"https:\/\/dimensionturistica.com\/es\/wp-content\/uploads\/2025\/11\/6DR.jpg\" alt=\"\" class=\"wp-image-1071612\" srcset=\"https:\/\/dimensionturistica.com\/es\/wp-content\/uploads\/2025\/11\/6DR.jpg 500w, https:\/\/dimensionturistica.com\/es\/wp-content\/uploads\/2025\/11\/6DR-300x200.jpg 300w\" sizes=\"(max-width: 500px) 100vw, 500px\" \/><\/figure>\n<\/figure>\n\n\n\n<p>El c\u00e1ncer deja huellas visibles e invisibles. La cirug\u00eda pl\u00e1stica reconstructiva no borra el pasado, pero puede simbolizar un nuevo comienzo.<\/p>\n\n\n\n<p>\u201cNo se trata de olvidar lo que se vivi\u00f3, sino de transformar el dolor en fortaleza. La reconstrucci\u00f3n es una forma de cerrar un ciclo con dignidad y esperanza\u201d, comparte el Dr. David De Rungs.<\/p>\n\n\n\n<figure class=\"wp-block-gallery has-nested-images columns-default is-cropped wp-block-gallery-4 is-layout-flex wp-block-gallery-is-layout-flex\">\n<figure class=\"wp-block-image size-large\"><img decoding=\"async\" width=\"500\" height=\"339\" data-id=\"1071611\" src=\"https:\/\/dimensionturistica.com\/es\/wp-content\/uploads\/2025\/11\/4DR.jpg\" alt=\"\" class=\"wp-image-1071611\" srcset=\"https:\/\/dimensionturistica.com\/es\/wp-content\/uploads\/2025\/11\/4DR.jpg 500w, https:\/\/dimensionturistica.com\/es\/wp-content\/uploads\/2025\/11\/4DR-300x203.jpg 300w\" sizes=\"(max-width: 500px) 100vw, 500px\" \/><\/figure>\n<\/figure>\n\n\n\n<p>En este Mes Rosa, la invitaci\u00f3n es clara: la detecci\u00f3n temprana salva vidas, pero sanar con dignidad tambi\u00e9n transforma. Contar con un cirujano pl\u00e1stico certificado como el Dr. David De Rungs puede ser la clave para lograr una recuperaci\u00f3n integral \u2014del cuerpo, la mente y el esp\u00edritu\u2014.<\/p>\n","protected":false},"excerpt":{"rendered":"<p>El Dr. David De Rungs, especialista en cirug\u00eda pl\u00e1stica, est\u00e9tica y reconstructiva, habla sobre la importancia del acompa\u00f1amiento m\u00e9dico y emocional despu\u00e9s del proceso oncol\u00f3gico. Cada octubre, el mundo se viste de rosa para crear conciencia sobre la detecci\u00f3n temprana del c\u00e1ncer de mama, una enfermedad que no distingue g\u00e9nero ni edad. Aunque la mayor\u00eda [&hellip;]<\/p>\n","protected":false},"author":1,"featured_media":0,"comment_status":"open","ping_status":"closed","sticky":false,"template":"","format":"standard","meta":{"om_disable_all_campaigns":false,"jnews-multi-image_gallery":[],"jnews_single_post":[],"jnews_primary_category":[],"jnews_social_meta":[],"footnotes":""},"categories":[144872],"tags":[],"class_list":["post-1071608","post","type-post","status-publish","format-standard","hentry","category-fashion"],"_links":{"self":[{"href":"https:\/\/dimensionturistica.com\/es\/wp-json\/wp\/v2\/posts\/1071608","targetHints":{"allow":["GET"]}}],"collection":[{"href":"https:\/\/dimensionturistica.com\/es\/wp-json\/wp\/v2\/posts"}],"about":[{"href":"https:\/\/dimensionturistica.com\/es\/wp-json\/wp\/v2\/types\/post"}],"author":[{"embeddable":true,"href":"https:\/\/dimensionturistica.com\/es\/wp-json\/wp\/v2\/users\/1"}],"replies":[{"embeddable":true,"href":"https:\/\/dimensionturistica.com\/es\/wp-json\/wp\/v2\/comments?post=1071608"}],"version-history":[{"count":1,"href":"https:\/\/dimensionturistica.com\/es\/wp-json\/wp\/v2\/posts\/1071608\/revisions"}],"predecessor-version":[{"id":1071613,"href":"https:\/\/dimensionturistica.com\/es\/wp-json\/wp\/v2\/posts\/1071608\/revisions\/1071613"}],"wp:attachment":[{"href":"https:\/\/dimensionturistica.com\/es\/wp-json\/wp\/v2\/media?parent=1071608"}],"wp:term":[{"taxonomy":"category","embeddable":true,"href":"https:\/\/dimensionturistica.com\/es\/wp-json\/wp\/v2\/categories?post=1071608"},{"taxonomy":"post_tag","embeddable":true,"href":"https:\/\/dimensionturistica.com\/es\/wp-json\/wp\/v2\/tags?post=1071608"}],"curies":[{"name":"wp","href":"https:\/\/api.w.org\/{rel}","templated":true}]}}