{"id":1071362,"date":"2025-11-08T04:58:53","date_gmt":"2025-11-08T04:58:53","guid":{"rendered":"https:\/\/dimensionturistica.com\/es\/?p=1071362"},"modified":"2025-11-08T04:58:53","modified_gmt":"2025-11-08T04:58:53","slug":"celebra-el-dia-de-muertos-con-una-cosmetiquera-especial-en-colaboracion-con-yuya","status":"publish","type":"post","link":"https:\/\/dimensionturistica.com\/es\/celebra-el-dia-de-muertos-con-una-cosmetiquera-especial-en-colaboracion-con-yuya\/","title":{"rendered":"Celebra el D\u00eda de Muertos con una cosmetiquera especial en colaboraci\u00f3n con Yuya"},"content":{"rendered":"<h3>Una Celebraci\u00f3n de Color y Tradici\u00f3n: La Nueva Colaboraci\u00f3n de Ipsy y Yuya<\/h3>\n<p>La riqueza cultural de M\u00e9xico se encuentra en cada rinc\u00f3n de su vida cotidiana, y en el mundo de la moda y la belleza, estas tradiciones son motivo de inspiraci\u00f3n constante. En este contexto, Ipsy, la reconocida marca de suscripci\u00f3n de belleza, lanza una colaboraci\u00f3n \u00fanica con Yuya, la famosa influencer y creadora de contenido. Juntos presentan una cosmetiquera edici\u00f3n especial que rinde homenaje al D\u00eda de Muertos, fusionando glamour y cultura de manera espectacular.<\/p>\n<h4>Dise\u00f1o que Para Cautiva<\/h4>\n<p>La cosmetiquera, que captura la esencia del D\u00eda de Muertos, no es solo un accesorio; es una declaraci\u00f3n de identidad y orgullo. Con un dise\u00f1o vibrante que incluye motivos t\u00edpicos de esta festividad, como calaveras y flores de cempas\u00fachil, el producto subraya el enfoque de Ipsy en la est\u00e9tica cultural a trav\u00e9s de una lente modernizada. El uso de colores intensos y patrones iconogr\u00e1ficos ofrece una experiencia visual que no solo atrae, sino que tambi\u00e9n educa sobre esta celebraci\u00f3n tan significativa.<\/p>\n<h4>Contenido Exclusivo y Sorpresas<\/h4>\n<p>Adem\u00e1s del impactante dise\u00f1o, la cosmetiquera incluye productos seleccionados cuidadosamente que reflejan el esp\u00edritu del D\u00eda de Muertos. Con sombras de ojos en tonos vivos y labiales que invocan la alegr\u00eda y el recuerdo, cada art\u00edculo cuenta una historia que celebra la vida y la memoria. La selecci\u00f3n est\u00e1 dise\u00f1ada para que cada usuario se sienta empoderado al expresar su individualidad, a la vez que mantiene el respeto hacia la tradici\u00f3n.<\/p>\n<h4>Un Llamado a la Comunidad<\/h4>\n<p>Esta colaboraci\u00f3n no solo honra a los que nos precedieron, sino que tambi\u00e9n invita a la comunidad a ser parte de esta celebraci\u00f3n. A trav\u00e9s de las redes sociales, Ipsy y Yuya incitan a sus seguidores a compartir sus propias interpretaciones del D\u00eda de Muertos, creando un espacio en el que el arte del maquillaje se entrelaza con la cultura. Esta interacci\u00f3n resalta la importancia del di\u00e1logo y la expresi\u00f3n art\u00edstica, generando un sentido de pertenencia entre los participantes.<\/p>\n<h4>Una Oportunidad para Aprender<\/h4>\n<p>Al elegir contextualizar sus productos dentro de una tradici\u00f3n tan rica, both Ipsy y Yuya ofrecen una oportunidad educativa para aquellos que quiz\u00e1s no est\u00e9n familiarizados con el D\u00eda de Muertos. Las plataformas digitales se convierten en escenarios ideales para desmitificar la festividad, ofreciendo contenido informativo y atractivo que eleva el conocimiento cultural.<\/p>\n<h4>La Importancia de la Autenticidad<\/h4>\n<p>En un mundo donde las tendencias pueden parecer ef\u00edmeras, la autenticidad se convierte en un valor crucial. Esta colaboraci\u00f3n enfatiza la importancia de integrar la herencia cultural en cada aspecto de la moda y la belleza. La cosmetiquera no solo se convierte en un art\u00edculo deseado, sino en un s\u00edmbolo de conexi\u00f3n cultural y orgullo personal.<\/p>\n<h4>Conclusiones que Inspiran<\/h4>\n<p>M\u00e1s all\u00e1 de ser un simple producto de belleza, esta edici\u00f3n especial es una celebraci\u00f3n de la vida, la memoria y la cultura. Con el respaldo de una creadora de contenido influyente como Yuya, y la experiencia de Ipsy en el mundo cosm\u00e9tico, esta iniciativa promete resonar dentro y fuera de la comunidad. La belleza, en este contexto, se redefine, invitando a cada persona a explorar su identidad y celebrar sus ra\u00edces con estilo. <\/p>\n<p>Con una mirada puesta en el futuro, Ipsy y Yuya abren un nuevo cap\u00edtulo en el mundo de la belleza: uno que honra el pasado mientras abraza el presente, invitando a todos a ser parte de esta hermosa tradici\u00f3n.<\/p>\n<p><em> &#8221; Fuentes www.vogue.mx &#8221; <\/em><\/p>\n","protected":false},"excerpt":{"rendered":"<p>Una Celebraci\u00f3n de Color y Tradici\u00f3n: La Nueva Colaboraci\u00f3n de Ipsy y Yuya La riqueza cultural de M\u00e9xico se encuentra en cada rinc\u00f3n de su vida cotidiana, y en el mundo de la moda y la belleza, estas tradiciones son motivo de inspiraci\u00f3n constante. En este contexto, Ipsy, la reconocida marca de suscripci\u00f3n de belleza, [&hellip;]<\/p>\n","protected":false},"author":14,"featured_media":1071363,"comment_status":"open","ping_status":"closed","sticky":false,"template":"","format":"standard","meta":{"om_disable_all_campaigns":false,"jnews-multi-image_gallery":[],"jnews_single_post":[],"jnews_primary_category":[],"jnews_social_meta":[],"footnotes":""},"categories":[144872],"tags":[3381,4569,255885,177549,5211,140666,255883,21502,21504,255884],"class_list":["post-1071362","post","type-post","status-publish","format-standard","has-post-thumbnail","hentry","category-fashion","tag-belleza","tag-colaboracion","tag-cosmetiquera","tag-cultura-mexicana","tag-dia-de-muertos","tag-edicion-especial","tag-ipsy","tag-maquillaje","tag-productos-de-belleza","tag-yuya"],"_links":{"self":[{"href":"https:\/\/dimensionturistica.com\/es\/wp-json\/wp\/v2\/posts\/1071362","targetHints":{"allow":["GET"]}}],"collection":[{"href":"https:\/\/dimensionturistica.com\/es\/wp-json\/wp\/v2\/posts"}],"about":[{"href":"https:\/\/dimensionturistica.com\/es\/wp-json\/wp\/v2\/types\/post"}],"author":[{"embeddable":true,"href":"https:\/\/dimensionturistica.com\/es\/wp-json\/wp\/v2\/users\/14"}],"replies":[{"embeddable":true,"href":"https:\/\/dimensionturistica.com\/es\/wp-json\/wp\/v2\/comments?post=1071362"}],"version-history":[{"count":1,"href":"https:\/\/dimensionturistica.com\/es\/wp-json\/wp\/v2\/posts\/1071362\/revisions"}],"predecessor-version":[{"id":1071364,"href":"https:\/\/dimensionturistica.com\/es\/wp-json\/wp\/v2\/posts\/1071362\/revisions\/1071364"}],"wp:featuredmedia":[{"embeddable":true,"href":"https:\/\/dimensionturistica.com\/es\/wp-json\/wp\/v2\/media\/1071363"}],"wp:attachment":[{"href":"https:\/\/dimensionturistica.com\/es\/wp-json\/wp\/v2\/media?parent=1071362"}],"wp:term":[{"taxonomy":"category","embeddable":true,"href":"https:\/\/dimensionturistica.com\/es\/wp-json\/wp\/v2\/categories?post=1071362"},{"taxonomy":"post_tag","embeddable":true,"href":"https:\/\/dimensionturistica.com\/es\/wp-json\/wp\/v2\/tags?post=1071362"}],"curies":[{"name":"wp","href":"https:\/\/api.w.org\/{rel}","templated":true}]}}