{"id":1071212,"date":"2025-11-08T00:14:51","date_gmt":"2025-11-08T00:14:51","guid":{"rendered":"https:\/\/dimensionturistica.com\/es\/?p=1071212"},"modified":"2025-11-08T00:14:51","modified_gmt":"2025-11-08T00:14:51","slug":"celebra-el-dia-de-muertos-con-una-exclusiva-edicion-limitada-en-punta-mita","status":"publish","type":"post","link":"https:\/\/dimensionturistica.com\/es\/celebra-el-dia-de-muertos-con-una-exclusiva-edicion-limitada-en-punta-mita\/","title":{"rendered":"Celebra el D\u00eda de Muertos con una exclusiva edici\u00f3n limitada en Punta Mita"},"content":{"rendered":"<h3>Celebraci\u00f3n del D\u00eda de Muertos: La Magia de Clase Azul en Punta Mita<\/h3>\n<p>El D\u00eda de Muertos es una festividad que trasciende fronteras, fusionando tradici\u00f3n y modernidad en una celebraci\u00f3n vibrante, llena de color y significado. Este a\u00f1o, la celebraci\u00f3n de Clase Azul en Punta Mita se convirti\u00f3 en un punto de encuentro donde la elegancia se entrelaza con la cultura mexicana, creando momentos inolvidables.<\/p>\n<h4>Un Escenario de Ensue\u00f1o<\/h4>\n<p>Punta Mita se transform\u00f3 en el lienzo perfecto para esta festividad. Las vistas del oc\u00e9ano se complementaron con altares adornados, que honraban a los seres queridos que han partido. Uno de los momentos m\u00e1s destacados fue la presentaci\u00f3n de un altar monumental, elaborado por reconocidos artesanos locales que utilizaron t\u00e9cnicas tradicionales, llenando el espacio de simbolismo y arte.<\/p>\n<h4>Moda y Tradici\u00f3n: Un Encuentro Visual<\/h4>\n<p>Los invitados lucieron atuendos que celebraban tanto la moda contempor\u00e1nea como la herencia cultural. Dise\u00f1adores que reinterpretan el folclore mexicano presentaron prendas que destacaban bordados y patrones aut\u00f3ctonos, creando un estilo \u00fanico que resonaba con el homenaje a los difuntos. La combinaci\u00f3n de siluetas modernas con elementos tradicionales atrajo la atenci\u00f3n de los fashionistas presentes, todos capturando la esencia del evento a trav\u00e9s de sus redes sociales.<\/p>\n<h4>Gastronom\u00eda: Sabores de la Tierra<\/h4>\n<p>La experiencia gastron\u00f3mica fue otra de las joyas de la celebraci\u00f3n. Chefs de renombre se unieron para ofrecer un men\u00fa que fusionaba sabores tradicionales con t\u00e9cnicas vanguardistas. Desde tamales gourmet hasta c\u00f3cteles infundidos con hierbas aut\u00f3ctonas, cada bocado contaba una historia que evocaba la riqueza de la cocina mexicana. Esta fusi\u00f3n culinaria complet\u00f3 la experiencia sensorial, sumergiendo a los asistentes en una traves\u00eda de sabores que celebraban la identidad cultural.<\/p>\n<h4>Arte y Entretenimiento: Un Fest\u00edn para los Sentidos<\/h4>\n<p>La m\u00fasica, un elemento clave de cualquier celebraci\u00f3n, fue cuidadosamente seleccionada para mantener el esp\u00edritu festivo. Artistas locales se unieron a la fiesta, ofreciendo melod\u00edas que evocaban tanto el pasado como el presente, mientras que bailarines en trajes tradicionales ofrecieron espect\u00e1culos que atrajeron la atenci\u00f3n de todos los presentes. La atm\u00f3sfera vibrante se sinti\u00f3 en cada rinc\u00f3n, haciendo que cada momento fuera digno de recordar.<\/p>\n<h4>Un Legado a Trav\u00e9s de la Celebraci\u00f3n<\/h4>\n<p>El evento de Clase Azul no solo celebr\u00f3 el D\u00eda de Muertos, sino que tambi\u00e9n destac\u00f3 la importancia de recordar y honrar a aquellos que han dejado una huella en nuestras vidas. Con un enfoque en la sostenibilidad, esta celebraci\u00f3n se comprometi\u00f3 a preservar la riqueza cultural y natural de M\u00e9xico, subrayando la necesidad de cuidar nuestras tradiciones mientras seguimos avanzando.<\/p>\n<h3>Participaci\u00f3n en Redes Sociales: Un V\u00ednculo Interactivo<\/h3>\n<p>La celebraci\u00f3n gener\u00f3 un fuerte impacto en redes sociales, donde los asistentes compartieron su experiencia en tiempo real. Las publicaciones no solo mostraron atuendos y alimentos, sino que tambi\u00e9n capturaron la esencia de una comunidad unida en torno a la celebraci\u00f3n de su cultura. Con hashtags estrat\u00e9gicos y un enfoque en lo visual, el evento se convirti\u00f3 en un trending topic, logrando resonar no solo a nivel local, sino tambi\u00e9n internacional.<\/p>\n<p>Si el D\u00eda de Muertos ha sido celebrado tradicionalmente en nuestras casas, Clase Azul nos recuerda que la tradici\u00f3n puede reinventarse y adaptarse, siempre conservando su esencia. La historia, la moda y la gastronom\u00eda se unen en un homenaje que no solo festeja la vida, sino que tambi\u00e9n invita a la reflexi\u00f3n sobre la manera en que vivimos y recordamos. \u00bfTe atrever\u00edas a ser parte de esta magia el pr\u00f3ximo a\u00f1o?<\/p>\n<p><em> &#8221; Fuentes www.vogue.mx &#8221; <\/em><\/p>\n","protected":false},"excerpt":{"rendered":"<p>Celebraci\u00f3n del D\u00eda de Muertos: La Magia de Clase Azul en Punta Mita El D\u00eda de Muertos es una festividad que trasciende fronteras, fusionando tradici\u00f3n y modernidad en una celebraci\u00f3n vibrante, llena de color y significado. Este a\u00f1o, la celebraci\u00f3n de Clase Azul en Punta Mita se convirti\u00f3 en un punto de encuentro donde la [&hellip;]<\/p>\n","protected":false},"author":14,"featured_media":1071213,"comment_status":"open","ping_status":"closed","sticky":false,"template":"","format":"standard","meta":{"om_disable_all_campaigns":false,"jnews-multi-image_gallery":[],"jnews_single_post":[],"jnews_primary_category":[],"jnews_social_meta":[],"footnotes":""},"categories":[144872],"tags":[2448,58158,662,5211,86673,769,41421,11405,2222],"class_list":["post-1071212","post","type-post","status-publish","format-standard","has-post-thumbnail","hentry","category-fashion","tag-celebracion","tag-clase-azul","tag-cultura","tag-dia-de-muertos","tag-edicion-limitada","tag-mexico","tag-punta-mita","tag-tequila","tag-tradicion"],"_links":{"self":[{"href":"https:\/\/dimensionturistica.com\/es\/wp-json\/wp\/v2\/posts\/1071212","targetHints":{"allow":["GET"]}}],"collection":[{"href":"https:\/\/dimensionturistica.com\/es\/wp-json\/wp\/v2\/posts"}],"about":[{"href":"https:\/\/dimensionturistica.com\/es\/wp-json\/wp\/v2\/types\/post"}],"author":[{"embeddable":true,"href":"https:\/\/dimensionturistica.com\/es\/wp-json\/wp\/v2\/users\/14"}],"replies":[{"embeddable":true,"href":"https:\/\/dimensionturistica.com\/es\/wp-json\/wp\/v2\/comments?post=1071212"}],"version-history":[{"count":1,"href":"https:\/\/dimensionturistica.com\/es\/wp-json\/wp\/v2\/posts\/1071212\/revisions"}],"predecessor-version":[{"id":1071214,"href":"https:\/\/dimensionturistica.com\/es\/wp-json\/wp\/v2\/posts\/1071212\/revisions\/1071214"}],"wp:featuredmedia":[{"embeddable":true,"href":"https:\/\/dimensionturistica.com\/es\/wp-json\/wp\/v2\/media\/1071213"}],"wp:attachment":[{"href":"https:\/\/dimensionturistica.com\/es\/wp-json\/wp\/v2\/media?parent=1071212"}],"wp:term":[{"taxonomy":"category","embeddable":true,"href":"https:\/\/dimensionturistica.com\/es\/wp-json\/wp\/v2\/categories?post=1071212"},{"taxonomy":"post_tag","embeddable":true,"href":"https:\/\/dimensionturistica.com\/es\/wp-json\/wp\/v2\/tags?post=1071212"}],"curies":[{"name":"wp","href":"https:\/\/api.w.org\/{rel}","templated":true}]}}