{"id":1071192,"date":"2025-11-07T23:43:09","date_gmt":"2025-11-07T23:43:09","guid":{"rendered":"https:\/\/dimensionturistica.com\/es\/?p=1071192"},"modified":"2025-11-07T23:43:09","modified_gmt":"2025-11-07T23:43:09","slug":"clase-azul-mexico-presenta-memorias-la-quinta-edicion-de-su-coleccion-dedicada-al-dia-de-muertos","status":"publish","type":"post","link":"https:\/\/dimensionturistica.com\/es\/clase-azul-mexico-presenta-memorias-la-quinta-edicion-de-su-coleccion-dedicada-al-dia-de-muertos\/","title":{"rendered":"Clase Azul M\u00e9xico presenta &#8220;Memorias&#8221;, la quinta edici\u00f3n de su colecci\u00f3n dedicada al D\u00eda de Muertos."},"content":{"rendered":"<h3>La Magia del D\u00eda de Muertos: Celebrando la Clase Azul Mexicana<\/h3>\n<p>El D\u00eda de Muertos, una de las festividades m\u00e1s emblem\u00e1ticas de M\u00e9xico, se aproxima y despierta la creatividad de dise\u00f1adores y artistas que reinterpretan esta rica tradici\u00f3n. Este a\u00f1o, el enfoque se centra en la Clase Azul, una marca que ha fusionado el arte mural mexicano con la alfarer\u00eda tradicional, creando piezas \u00fanicas que se han convertido en s\u00edmbolos de orgullo cultural.<\/p>\n<h4>Una Tradici\u00f3n que Inspira Innovaci\u00f3n<\/h4>\n<p>Desde sus inicios, Clase Azul ha demostrado que la tradici\u00f3n puede coexistir con la modernidad. Sus artesanos, comprometidos con t\u00e9cnicas ancestrales, crean verdaderas obras de arte que rinden homenaje a las ra\u00edces culturales de M\u00e9xico. Con motivo del D\u00eda de Muertos, la marca lanza una colecci\u00f3n especial que captura la esencia de esta celebraci\u00f3n. Esta iniciativa no solo resalta la belleza de la alfarer\u00eda, sino que tambi\u00e9n promueve la historia y la identidad de un pa\u00eds que se erige con orgullo ante el mundo.<\/p>\n<h4>Est\u00e9tica y Cultura: Un V\u00ednculo Indisoluble<\/h4>\n<p>Cada pieza de Clase Azul es un gui\u00f1o al pasado y una mirada hacia el futuro. Los dise\u00f1os, inspirados en el arte ind\u00edgena y en el folclore mexicano, no solo son objetos decorativos; son relatos que trascienden generaciones. La forma en que se integran colores vibrantes y texturas singulares refleja el esp\u00edritu de un pa\u00eds que vive y respira su herencia. En el contexto del D\u00eda de Muertos, estas piezas se convierten en altares que honran a aquellos que han partido, haciendo que cada encuentro con ellas sea un viaje emocional.<\/p>\n<h4>Colecci\u00f3n Especial: Un Must-Have para los Amantes de la Moda<\/h4>\n<p>Con un enfoque en la elegancia y la sofisticaci\u00f3n, la nueva colecci\u00f3n es un must-have para quienes buscan un toque aut\u00e9ntico en sus celebraciones. Cada pieza, desde las ic\u00f3nicas botellas de tequila hasta los adornos t\u00edpicos, puede ser el complemento ideal para cualquier atuendo festivo. La colaboraci\u00f3n tambi\u00e9n incluye ediciones limitadas que no solo aportan un elemento est\u00e9tico, sino que tambi\u00e9n son una inversi\u00f3n en arte.<\/p>\n<h4>La Clase Azul y el Compromiso Social<\/h4>\n<p>Adem\u00e1s de su singularidad est\u00e9tica, Clase Azul va m\u00e1s all\u00e1 al dejar una huella positiva en su comunidad. La marca destina un porcentaje de sus ventas a proyectos que apoyan a artesanos locales, fortaleciendo as\u00ed el tejido social y econ\u00f3mico del pa\u00eds. Este compromiso con el bienestar de la comunidad a\u00f1ade un valor adicional a cada compra, invitando a los consumidores a ser parte de este movimiento.<\/p>\n<h4>Una Celebraci\u00f3n Global<\/h4>\n<p>El D\u00eda de Muertos ha logrado trascender fronteras, convirti\u00e9ndose en un fen\u00f3meno cultural que atrae la atenci\u00f3n internacional. La fusi\u00f3n de la tradici\u00f3n con un enfoque contempor\u00e1neo ha generado un inter\u00e9s creciente en las colecciones de Clase Azul, con seguidores que abarcan una diversidad de culturas. A medida que m\u00e1s personas se involucran en esta celebraci\u00f3n, la marca se posiciona como embajadora de la rica herencia cultural mexicana.<\/p>\n<h4>Conclusi\u00f3n<\/h4>\n<p>La llegada del D\u00eda de Muertos invita a la reflexi\u00f3n y a la celebraci\u00f3n de la vida y la muerte a trav\u00e9s de la cultura. La Clase Azul representa esta dualidad de manera magistral, al ofrecer productos que son tanto hist\u00f3ricos como contempor\u00e1neos. Con su enfoque en el arte, la moda y la responsabilidad social, la marca no solo embellece las festividades, sino que tambi\u00e9n enriquece el entendimiento y la apreciaci\u00f3n de las tradiciones mexicanas en un mundo cada vez m\u00e1s globalizado. La combinaci\u00f3n de todas estas facetas no solo captura la atenci\u00f3n, sino que tambi\u00e9n respira vida en cada rinc\u00f3n donde se celebra.<\/p>\n<p><em> &#8221; Fuentes www.vogue.mx &#8221; <\/em><\/p>\n","protected":false},"excerpt":{"rendered":"<p>La Magia del D\u00eda de Muertos: Celebrando la Clase Azul Mexicana El D\u00eda de Muertos, una de las festividades m\u00e1s emblem\u00e1ticas de M\u00e9xico, se aproxima y despierta la creatividad de dise\u00f1adores y artistas que reinterpretan esta rica tradici\u00f3n. Este a\u00f1o, el enfoque se centra en la Clase Azul, una marca que ha fusionado el arte [&hellip;]<\/p>\n","protected":false},"author":14,"featured_media":1071193,"comment_status":"open","ping_status":"closed","sticky":false,"template":"","format":"standard","meta":{"om_disable_all_campaigns":false,"jnews-multi-image_gallery":[],"jnews_single_post":[],"jnews_primary_category":[],"jnews_social_meta":[],"footnotes":""},"categories":[144872],"tags":[27847,30632,2448,58158,662,5211,86673,769,54714,11405,2222],"class_list":["post-1071192","post","type-post","status-publish","format-standard","has-post-thumbnail","hentry","category-fashion","tag-arte-mexicano","tag-bebida","tag-celebracion","tag-clase-azul","tag-cultura","tag-dia-de-muertos","tag-edicion-limitada","tag-mexico","tag-recuerdos","tag-tequila","tag-tradicion"],"_links":{"self":[{"href":"https:\/\/dimensionturistica.com\/es\/wp-json\/wp\/v2\/posts\/1071192","targetHints":{"allow":["GET"]}}],"collection":[{"href":"https:\/\/dimensionturistica.com\/es\/wp-json\/wp\/v2\/posts"}],"about":[{"href":"https:\/\/dimensionturistica.com\/es\/wp-json\/wp\/v2\/types\/post"}],"author":[{"embeddable":true,"href":"https:\/\/dimensionturistica.com\/es\/wp-json\/wp\/v2\/users\/14"}],"replies":[{"embeddable":true,"href":"https:\/\/dimensionturistica.com\/es\/wp-json\/wp\/v2\/comments?post=1071192"}],"version-history":[{"count":1,"href":"https:\/\/dimensionturistica.com\/es\/wp-json\/wp\/v2\/posts\/1071192\/revisions"}],"predecessor-version":[{"id":1071194,"href":"https:\/\/dimensionturistica.com\/es\/wp-json\/wp\/v2\/posts\/1071192\/revisions\/1071194"}],"wp:featuredmedia":[{"embeddable":true,"href":"https:\/\/dimensionturistica.com\/es\/wp-json\/wp\/v2\/media\/1071193"}],"wp:attachment":[{"href":"https:\/\/dimensionturistica.com\/es\/wp-json\/wp\/v2\/media?parent=1071192"}],"wp:term":[{"taxonomy":"category","embeddable":true,"href":"https:\/\/dimensionturistica.com\/es\/wp-json\/wp\/v2\/categories?post=1071192"},{"taxonomy":"post_tag","embeddable":true,"href":"https:\/\/dimensionturistica.com\/es\/wp-json\/wp\/v2\/tags?post=1071192"}],"curies":[{"name":"wp","href":"https:\/\/api.w.org\/{rel}","templated":true}]}}