{"id":1071030,"date":"2025-11-07T19:32:22","date_gmt":"2025-11-07T19:32:22","guid":{"rendered":"https:\/\/dimensionturistica.com\/es\/?p=1071030"},"modified":"2025-11-07T19:32:22","modified_gmt":"2025-11-07T19:32:22","slug":"michelle-obama-la-companera-ideal-en-el-moderno-traje-de-chanel-de-matthieu-blazy","status":"publish","type":"post","link":"https:\/\/dimensionturistica.com\/es\/michelle-obama-la-companera-ideal-en-el-moderno-traje-de-chanel-de-matthieu-blazy\/","title":{"rendered":"Michelle Obama: La Compa\u00f1era Ideal en el Moderno Traje de Chanel de Matthieu Blazy"},"content":{"rendered":"<p><strong>La Elegancia Atemporal de Michelle Obama: Un \u00cdcono en un Traje de Chanel<\/strong><\/p>\n<p>En el vibrante mundo de la moda, algunas piezas trascienden lo ef\u00edmero y se convierten en s\u00edmbolos de estilo y legado. Un claro ejemplo de esto es el distinguido traje de Chanel que llev\u00f3 Michelle Obama, una figura emblem\u00e1tica que ha dejado una huella indeleble en la cultura contempor\u00e1nea. Este conjunto no solo representa dise\u00f1o, sino tambi\u00e9n poder y personalidad.<\/p>\n<p><strong>Un Homenaje a la Casa Chanel<\/strong><\/p>\n<p>El traje, confeccionado por uno de los m\u00e1s grandes referentes de la moda, representa no solo la est\u00e9tica cl\u00e1sica de Chanel, sino tambi\u00e9n la evoluci\u00f3n del rol de la mujer en la sociedad. La combinaci\u00f3n de elegancia y modernidad en este conjunto es un testimonio del talento que ha perdurado a lo largo de las d\u00e9cadas. La elecci\u00f3n de los colores y texturas refleja la versatilidad que caracteriza a la marca, mientras que el corte meticuloso resalta la figura y fuerza de quien lo porta.<\/p>\n<p><strong>M\u00e1s que Moda: Un Mensaje de Empoderamiento<\/strong><\/p>\n<p>Cada vez que Michelle Obama aparece en la esfera p\u00fablica, no solo muestra su estilo personal, sino que tambi\u00e9n env\u00eda un mensaje potente sobre la confianza y la fortaleza. La elecci\u00f3n de este traje es un recordatorio de que la moda puede ser un veh\u00edculo de comunicaci\u00f3n, capaz de inspirar a m\u00faltiples generaciones. Al optar por un dise\u00f1o de una casa tan ic\u00f3nica, Obama no solo se alinea con la tradici\u00f3n, sino que tambi\u00e9n se convierte en embajadora de un ideal: el de la mujer fuerte y segura de s\u00ed misma.<\/p>\n<p><strong>Detalles que Marcan la Diferencia<\/strong><\/p>\n<p>Los detalles minuciosos del traje son lo que lo elevan a otro nivel. Desde el delicado bordado hasta los sutiles acentos que adornan el conjunto, cada elemento ha sido pensado para capturar la atenci\u00f3n y destacar la elegancia inherente a la marca. Este nivel de atenci\u00f3n al detalle es lo que distingue a Chanel y lo que hace que pronto se reconozca a la portadora como una verdadera conocedora de la moda.<\/p>\n<p><strong>El Legado del Estilo<\/strong><\/p>\n<p>El impacto de Michelle Obama en la moda no se limita a un solo atuendo. A lo largo de su vida p\u00fablica, ha demostrado que el estilo va de la mano con la autenticidad. Su capacidad para fusionar lo cl\u00e1sico con lo contempor\u00e1neo es un rasgo que muchas buscan emular. As\u00ed, el traje de Chanel se convierte en una extensi\u00f3n de su esencia, promoviendo un estilo que no es solo atractivo, sino tambi\u00e9n representativo.<\/p>\n<p><strong>Una Inspiraci\u00f3n Perpetua<\/strong><\/p>\n<p>En un mundo donde las tendencias cambian a un ritmo acelerado, Michelle Obama permanece como un \u00edcono atemporal, recordando a todos que la verdadera moda no se limita a lo superficial. El traje de Chanel es solo una pieza m\u00e1s en su abundante armario, pero representa algo m\u00e1s grande: la intersecci\u00f3n entre la moda y el poder, entre la est\u00e9tica y el mensaje. <\/p>\n<p>Cada aparici\u00f3n p\u00fablica de Michelle Obama es una masterclass de estilo, y el traje de Chanel es un test\u00edculo a su legado en la moda contempor\u00e1nea. Celebremos esta mezcla de elegancia, poder y autenticidad, que contin\u00faa inspirando a innumerables admiradores alrededor del mundo. En el universo de la moda, hay lecciones que solo personas como Michelle pueden ense\u00f1ar: ser audaz, ser t\u00fa misma y nunca subestimar el poder de un buen traje.<\/p>\n<p><em> &#8221; Fuentes www.vogue.com &#8221; <\/em><\/p>\n","protected":false},"excerpt":{"rendered":"<p>La Elegancia Atemporal de Michelle Obama: Un \u00cdcono en un Traje de Chanel En el vibrante mundo de la moda, algunas piezas trascienden lo ef\u00edmero y se convierten en s\u00edmbolos de estilo y legado. Un claro ejemplo de esto es el distinguido traje de Chanel que llev\u00f3 Michelle Obama, una figura emblem\u00e1tica que ha dejado [&hellip;]<\/p>\n","protected":false},"author":14,"featured_media":1071031,"comment_status":"open","ping_status":"closed","sticky":false,"template":"","format":"standard","meta":{"om_disable_all_campaigns":false,"jnews-multi-image_gallery":[],"jnews_single_post":[],"jnews_primary_category":[],"jnews_social_meta":[],"footnotes":""},"categories":[144872],"tags":[198490,4664,198578,198691,166,221425,215995,208889,372,255793],"class_list":["post-1071030","post","type-post","status-publish","format-standard","has-post-thumbnail","hentry","category-fashion","tag-celebrity-fashion","tag-chanel","tag-designer-collaboration","tag-elegance","tag-fashion","tag-matthieu-blazy","tag-michelle-obama","tag-modern-fashion","tag-style","tag-suiting"],"_links":{"self":[{"href":"https:\/\/dimensionturistica.com\/es\/wp-json\/wp\/v2\/posts\/1071030","targetHints":{"allow":["GET"]}}],"collection":[{"href":"https:\/\/dimensionturistica.com\/es\/wp-json\/wp\/v2\/posts"}],"about":[{"href":"https:\/\/dimensionturistica.com\/es\/wp-json\/wp\/v2\/types\/post"}],"author":[{"embeddable":true,"href":"https:\/\/dimensionturistica.com\/es\/wp-json\/wp\/v2\/users\/14"}],"replies":[{"embeddable":true,"href":"https:\/\/dimensionturistica.com\/es\/wp-json\/wp\/v2\/comments?post=1071030"}],"version-history":[{"count":1,"href":"https:\/\/dimensionturistica.com\/es\/wp-json\/wp\/v2\/posts\/1071030\/revisions"}],"predecessor-version":[{"id":1071032,"href":"https:\/\/dimensionturistica.com\/es\/wp-json\/wp\/v2\/posts\/1071030\/revisions\/1071032"}],"wp:featuredmedia":[{"embeddable":true,"href":"https:\/\/dimensionturistica.com\/es\/wp-json\/wp\/v2\/media\/1071031"}],"wp:attachment":[{"href":"https:\/\/dimensionturistica.com\/es\/wp-json\/wp\/v2\/media?parent=1071030"}],"wp:term":[{"taxonomy":"category","embeddable":true,"href":"https:\/\/dimensionturistica.com\/es\/wp-json\/wp\/v2\/categories?post=1071030"},{"taxonomy":"post_tag","embeddable":true,"href":"https:\/\/dimensionturistica.com\/es\/wp-json\/wp\/v2\/tags?post=1071030"}],"curies":[{"name":"wp","href":"https:\/\/api.w.org\/{rel}","templated":true}]}}