{"id":1070932,"date":"2025-11-07T16:01:30","date_gmt":"2025-11-07T16:01:30","guid":{"rendered":"https:\/\/dimensionturistica.com\/es\/?p=1070932"},"modified":"2025-11-07T16:01:30","modified_gmt":"2025-11-07T16:01:30","slug":"el-sector-turistico-alcanzo-mas-de-tres-millones-de-empleos-tras-un-incremento-del-22-en-el-tercer-trimestre","status":"publish","type":"post","link":"https:\/\/dimensionturistica.com\/es\/el-sector-turistico-alcanzo-mas-de-tres-millones-de-empleos-tras-un-incremento-del-22-en-el-tercer-trimestre\/","title":{"rendered":"El sector tur\u00edstico alcanz\u00f3 m\u00e1s de tres millones de empleos tras un incremento del 2,2 % en el tercer trimestre."},"content":{"rendered":"<h3>El Renacer del Turismo: Oportunidades en el Tercer Trimestre<\/h3>\n<p>El turismo, uno de los sectores m\u00e1s golpeados por la pandemia, est\u00e1 experimentando un renacimiento inesperado. Los \u00faltimos datos del mercado laboral revelan que la recuperaci\u00f3n en este \u00e1mbito se est\u00e1 consolidando, impulsando no solo la econom\u00eda, sino tambi\u00e9n la creaci\u00f3n de empleos que prometen revitalizar ciudades y regiones.<\/p>\n<h4>Una Mirada a la Recuperaci\u00f3n<\/h4>\n<p>Durante el tercer trimestre del a\u00f1o, el sector tur\u00edstico ha mostrado se\u00f1ales robustas de reactivaci\u00f3n, lo que ha llevado a un aumento considerable en la oferta de empleo. Este fen\u00f3meno no es accidental; diversas iniciativas tanto gubernamentales como privadas han trabajado incansablemente para atraer nuevamente a los viajeros y facilitar sus experiencias. La confianza de los turistas est\u00e1 resurgiendo, y con ella, la necesidad de contar con personal calificado que garantice servicios de calidad.<\/p>\n<h4>Empleos en Auge<\/h4>\n<p>Este crecimiento del sector ha generado un incremento notable en la demanda de personal en \u00e1mbitos como la hosteler\u00eda, la restauraci\u00f3n y las actividades recreativas. Los empleadores est\u00e1n buscando j\u00f3venes entusiastas, pero tambi\u00e9n profesionales experimentados que puedan aportar un valor a\u00f1adido a sus equipos. Desde gu\u00edas tur\u00edsticos hasta especialistas en marketing digital, las oportunidades son variadas y lo suficientemente amplias como para abarcar diferentes perfiles laborales.<\/p>\n<h4>Impacto Econ\u00f3mico<\/h4>\n<p>El auge tur\u00edstico no solo se traduce en nuevos empleos. Tambi\u00e9n ha tenido un impacto positivo en la econom\u00eda local. Las comunidades que dependen del turismo est\u00e1n viendo c\u00f3mo se revitalizan sus mercados, restaurantes y comercios, lo que a su vez estimula un c\u00edrculo virtuoso de crecimiento econ\u00f3mico y desarrollo social. Este resurgir no solo beneficia a empresas ya establecidas, sino que promueve la creaci\u00f3n de nuevas startups que buscan innovar en la forma en que los visitantes experimentan sus destinos.<\/p>\n<h4>Innovaciones y Sostenibilidad<\/h4>\n<p>Pero no solo se trata de aumentar cifras. La sostenibilidad se ha vuelto una prioridad en la forma en que se encaminan las pol\u00edticas tur\u00edsticas. Los operadores est\u00e1n empezando a implementar pr\u00e1cticas responsables que atraen a un segmento de viajeros conscientes. La integraci\u00f3n de tecnolog\u00edas emergentes, como apps que facilitan la movilidad y la informaci\u00f3n, est\u00e1 redefiniendo la experiencia de viaje y posicionando a los destinos en un contexto m\u00e1s  sostenible.<\/p>\n<h4>Prepar\u00e1ndose para el Futuro<\/h4>\n<p>El futuro del turismo invita a la reflexi\u00f3n sobre c\u00f3mo se debe evolucionar en la capacitaci\u00f3n del personal y la atenci\u00f3n al cliente. Las instituciones educativas y empresas est\u00e1n trabajando juntas para dise\u00f1ar programas de formaci\u00f3n que respondan a las necesidades del sector. Con un enfoque en habilidades digitales y servicio al cliente, los trabajadores no solo ser\u00e1n parte del renacer tur\u00edstico, sino que tambi\u00e9n estar\u00e1n preparados para enfrentar los retos de un mercado en constante cambio.<\/p>\n<h4>Conclusi\u00f3n<\/h4>\n<p>El tercer trimestre ha demostrado ser un per\u00edodo clave para el turismo, marcando el inicio de una nueva era de oportunidades. Desde la creaci\u00f3n de empleo hasta la revitalizaci\u00f3n econ\u00f3mica y la innovaci\u00f3n sostenible, el futuro del sector parece prometedor. Viajeros y trabajadores se preparan para redescubrir y redefinir la manera de disfrutar y vivir las experiencias tur\u00edsticas, d\u00e1ndole un nuevo significado a la palabra \u201cexploraci\u00f3n\u201d. La invitaci\u00f3n est\u00e1 hecha: es momento de volver a enamorarse de los viajes.<\/p>\n<p><em> &#8221; Sources theobjective.com &#8221; <\/em><\/p>\n","protected":false},"excerpt":{"rendered":"<p>El Renacer del Turismo: Oportunidades en el Tercer Trimestre El turismo, uno de los sectores m\u00e1s golpeados por la pandemia, est\u00e1 experimentando un renacimiento inesperado. Los \u00faltimos datos del mercado laboral revelan que la recuperaci\u00f3n en este \u00e1mbito se est\u00e1 consolidando, impulsando no solo la econom\u00eda, sino tambi\u00e9n la creaci\u00f3n de empleos que prometen revitalizar [&hellip;]<\/p>\n","protected":false},"author":4,"featured_media":1070933,"comment_status":"open","ping_status":"closed","sticky":false,"template":"","format":"standard","meta":{"om_disable_all_campaigns":false,"jnews-multi-image_gallery":[],"jnews_single_post":[],"jnews_primary_category":[],"jnews_social_meta":[],"footnotes":""},"categories":[40],"tags":[569,111760,1547,255755,1771,1483,255756,6931,7315,715,751,2924,255757,30338,113538,69184,3166,544,2769],"class_list":["post-1070932","post","type-post","status-publish","format-standard","has-post-thumbnail","hentry","category-industria","tag-agencias-de-viajes","tag-andalucu00eda","tag-aumento","tag-autu00f3nomos","tag-baleares","tag-canarias","tag-cataluu00f1a","tag-comunidad-de-madrid","tag-crecimiento","tag-economia","tag-empleo","tag-estadisticas","tag-instituto-nacional-de-estadu00edstica-ine","tag-mercado-laboral","tag-tasa-de-paro","tag-tercer-trimestre","tag-trabajo","tag-turismo","tag-valencia"],"_links":{"self":[{"href":"https:\/\/dimensionturistica.com\/es\/wp-json\/wp\/v2\/posts\/1070932","targetHints":{"allow":["GET"]}}],"collection":[{"href":"https:\/\/dimensionturistica.com\/es\/wp-json\/wp\/v2\/posts"}],"about":[{"href":"https:\/\/dimensionturistica.com\/es\/wp-json\/wp\/v2\/types\/post"}],"author":[{"embeddable":true,"href":"https:\/\/dimensionturistica.com\/es\/wp-json\/wp\/v2\/users\/4"}],"replies":[{"embeddable":true,"href":"https:\/\/dimensionturistica.com\/es\/wp-json\/wp\/v2\/comments?post=1070932"}],"version-history":[{"count":1,"href":"https:\/\/dimensionturistica.com\/es\/wp-json\/wp\/v2\/posts\/1070932\/revisions"}],"predecessor-version":[{"id":1070934,"href":"https:\/\/dimensionturistica.com\/es\/wp-json\/wp\/v2\/posts\/1070932\/revisions\/1070934"}],"wp:featuredmedia":[{"embeddable":true,"href":"https:\/\/dimensionturistica.com\/es\/wp-json\/wp\/v2\/media\/1070933"}],"wp:attachment":[{"href":"https:\/\/dimensionturistica.com\/es\/wp-json\/wp\/v2\/media?parent=1070932"}],"wp:term":[{"taxonomy":"category","embeddable":true,"href":"https:\/\/dimensionturistica.com\/es\/wp-json\/wp\/v2\/categories?post=1070932"},{"taxonomy":"post_tag","embeddable":true,"href":"https:\/\/dimensionturistica.com\/es\/wp-json\/wp\/v2\/tags?post=1070932"}],"curies":[{"name":"wp","href":"https:\/\/api.w.org\/{rel}","templated":true}]}}