{"id":1070839,"date":"2025-11-07T13:11:55","date_gmt":"2025-11-07T13:11:55","guid":{"rendered":"https:\/\/dimensionturistica.com\/es\/?p=1070839"},"modified":"2025-11-07T13:11:55","modified_gmt":"2025-11-07T13:11:55","slug":"ceav-concede-reconocimientos-turisticos-a-fina-munoz-y-turespana-en-la-8a-cumbre-mundial-de-agencias-en-jaen","status":"publish","type":"post","link":"https:\/\/dimensionturistica.com\/es\/ceav-concede-reconocimientos-turisticos-a-fina-munoz-y-turespana-en-la-8a-cumbre-mundial-de-agencias-en-jaen\/","title":{"rendered":"CEAV concede reconocimientos tur\u00edsticos a Fina Mu\u00f1oz y Turespa\u00f1a en la 8\u00aa Cumbre Mundial de Agencias en Ja\u00e9n"},"content":{"rendered":"<h3>Reconocimiento a la Excelencia Tur\u00edstica en Ja\u00e9n<\/h3>\n<p>El turismo ha sido uno de los pilares fundamentales para la econom\u00eda de muchas regiones en todo el mundo, y Ja\u00e9n no es la excepci\u00f3n. La reciente entrega de distintivos tur\u00edsticos en esta provincia andaluza subraya la importancia de la calidad y la profesionalizaci\u00f3n en el sector. En un evento que reuni\u00f3 a destacadas figuras del \u00e1mbito tur\u00edstico, se celebr\u00f3 la cumbre mundial de agencias de viajes, un foro que no solo pone en valor la labor de los agentes de viajes, sino que tambi\u00e9n busca fortalecer las estrategias de promoci\u00f3n de destinos.<\/p>\n<p>Durante el evento, se reconoci\u00f3 a diferentes agencias que han destacado por su compromiso con la excelencia y por ofrecer un servicio sobresaliente. Este tipo de distinciones no solo celebran el trabajo bien hecho, tambi\u00e9n sirven como un faro para otros profesionales del sector, incentivando la mejora continua y la innovaci\u00f3n en los servicios tur\u00edsticos.<\/p>\n<p>Una de las grandes protagonistas de la jornada fue Fina Mu\u00f1oz, quien ha sido reconocida por su contribuci\u00f3n al desarrollo tur\u00edstico de Ja\u00e9n. La presencia de l\u00edderes del sector refuerza la idea de que en la colaboraci\u00f3n y el trabajo conjunto se encuentran las claves para el futuro del turismo. La provincia tiene un potencial enorme, con paisajes que van desde los olivos centenarios hasta parques naturales de indescriptible belleza.<\/p>\n<p>Adem\u00e1s, la celebraci\u00f3n de este evento en Ja\u00e9n pone de relieve su creciente ascenso como destino tur\u00edstico. Con una rica historia cultural y un patrimonio que abarca desde castillos y monumentos hasta una gastronom\u00eda \u00fanica, la regi\u00f3n es un tesoro por descubrir. Las distinciones entregadas no s\u00f3lo resaltan a las agencias, sino que tambi\u00e9n sirven para promocionar la diversidad y riqueza de la oferta tur\u00edstica jienense.<\/p>\n<p>En tiempos en que el turismo busca recuperarse y adaptarse a nuevas realidades, es imperativo que tanto profesionales como destinos trabajen en sinergia. La innovaci\u00f3n en la oferta de experiencias, atenci\u00f3n al cliente excepcional y la sostenibilidad son pilares que se deben considerar para atraer a un p\u00fablico cada vez m\u00e1s exigente.<\/p>\n<p>La cumbre mundial de agencias en Ja\u00e9n se presenta, entonces, como un punto de encuentro esencial. No solo se trata de celebrar los logros, sino tambi\u00e9n de intercambiar ideas y colaborar en la evoluci\u00f3n del sector. Con un enfoque renovado, los asistentes a este evento salieron motivados para seguir impulsando el turismo hacia horizontes a\u00fan m\u00e1s promisorios.<\/p>\n<p>Ja\u00e9n, con su autenticidad y hospitalidad, se erige como un destino ideal para quienes buscan no solo recorrer un lugar, sino conectar con su esencia. La entrega de estos distintivos representa el compromiso y la visi\u00f3n de un sector que no deja de reinventarse, contribuyendo as\u00ed al desarrollo y reconocimiento de la provincia en el \u00e1mbito tur\u00edstico global.<\/p>\n<p><em> &#8221; Sources www.europapress.es &#8221; <\/em><\/p>\n","protected":false},"excerpt":{"rendered":"<p>Reconocimiento a la Excelencia Tur\u00edstica en Ja\u00e9n El turismo ha sido uno de los pilares fundamentales para la econom\u00eda de muchas regiones en todo el mundo, y Ja\u00e9n no es la excepci\u00f3n. La reciente entrega de distintivos tur\u00edsticos en esta provincia andaluza subraya la importancia de la calidad y la profesionalizaci\u00f3n en el sector. En [&hellip;]<\/p>\n","protected":false},"author":4,"featured_media":1070840,"comment_status":"open","ping_status":"closed","sticky":false,"template":"","format":"standard","meta":{"om_disable_all_campaigns":false,"jnews-multi-image_gallery":[],"jnews_single_post":[],"jnews_primary_category":[],"jnews_social_meta":[],"footnotes":""},"categories":[40],"tags":[255724,1161,1230,222842,222841,19889,1693],"class_list":["post-1070839","post","type-post","status-publish","format-standard","has-post-thumbnail","hentry","category-industria","tag-8o-cumbre-mundial","tag-agencias","tag-ceav","tag-distintivos-turisticos","tag-fina-munoz","tag-jaen","tag-turespana"],"_links":{"self":[{"href":"https:\/\/dimensionturistica.com\/es\/wp-json\/wp\/v2\/posts\/1070839","targetHints":{"allow":["GET"]}}],"collection":[{"href":"https:\/\/dimensionturistica.com\/es\/wp-json\/wp\/v2\/posts"}],"about":[{"href":"https:\/\/dimensionturistica.com\/es\/wp-json\/wp\/v2\/types\/post"}],"author":[{"embeddable":true,"href":"https:\/\/dimensionturistica.com\/es\/wp-json\/wp\/v2\/users\/4"}],"replies":[{"embeddable":true,"href":"https:\/\/dimensionturistica.com\/es\/wp-json\/wp\/v2\/comments?post=1070839"}],"version-history":[{"count":1,"href":"https:\/\/dimensionturistica.com\/es\/wp-json\/wp\/v2\/posts\/1070839\/revisions"}],"predecessor-version":[{"id":1070841,"href":"https:\/\/dimensionturistica.com\/es\/wp-json\/wp\/v2\/posts\/1070839\/revisions\/1070841"}],"wp:featuredmedia":[{"embeddable":true,"href":"https:\/\/dimensionturistica.com\/es\/wp-json\/wp\/v2\/media\/1070840"}],"wp:attachment":[{"href":"https:\/\/dimensionturistica.com\/es\/wp-json\/wp\/v2\/media?parent=1070839"}],"wp:term":[{"taxonomy":"category","embeddable":true,"href":"https:\/\/dimensionturistica.com\/es\/wp-json\/wp\/v2\/categories?post=1070839"},{"taxonomy":"post_tag","embeddable":true,"href":"https:\/\/dimensionturistica.com\/es\/wp-json\/wp\/v2\/tags?post=1070839"}],"curies":[{"name":"wp","href":"https:\/\/api.w.org\/{rel}","templated":true}]}}