{"id":1070831,"date":"2025-11-07T12:50:06","date_gmt":"2025-11-07T12:50:06","guid":{"rendered":"https:\/\/dimensionturistica.com\/es\/?p=1070831"},"modified":"2025-11-07T12:50:06","modified_gmt":"2025-11-07T12:50:06","slug":"el-sector-turistico-representa-el-138-del-empleo-en-espana-durante-la-temporada-estival","status":"publish","type":"post","link":"https:\/\/dimensionturistica.com\/es\/el-sector-turistico-representa-el-138-del-empleo-en-espana-durante-la-temporada-estival\/","title":{"rendered":"El sector tur\u00edstico representa el 13,8% del empleo en Espa\u00f1a durante la temporada estival."},"content":{"rendered":"<h3>Un Verano de Oportunidades en el Sector Tur\u00edstico<\/h3>\n<p>El verano de este a\u00f1o ha dejado una huella significativa en el sector tur\u00edstico, marcando un crecimiento notable en la ocupaci\u00f3n laboral. Con m\u00e1s de tres millones de puestos de trabajo generados, la tendencia refleja no solo la recuperaci\u00f3n de esta industria golpeada por la pandemia, sino tambi\u00e9n un renovado entusiasmo por parte de viajeros y trabajadores por explorar nuevas oportunidades.<\/p>\n<h4>Un Panorama de Crecimiento<\/h4>\n<p>Los datos revelan un aumento del 22% en el n\u00famero de ocupados en comparaci\u00f3n con el a\u00f1o anterior, lo que subraya la reactivaci\u00f3n del turismo. Este fen\u00f3meno no es casualidad, sino el resultado de diversas iniciativas implementadas para revitalizar un sector que ha sido clave en la econom\u00eda. Las campa\u00f1as de promoci\u00f3n y la mejora en la conectividad a\u00e9rea han jugado un papel fundamental, facilitando que cada vez m\u00e1s personas opten por el turismo como una opci\u00f3n viable y atractiva.<\/p>\n<p>En este contexto, no solo se benefician los grandes destinos tur\u00edsticos, sino que tambi\u00e9n las localidades peque\u00f1as y medianas est\u00e1n viendo un resurgimiento. Las escapadas rurales y los destinos de naturaleza est\u00e1n ganando protagonismo, ganando el favor de los viajeros que buscan desconectar y disfrutar de entornos menos masificados.<\/p>\n<h4>La Diversificaci\u00f3n de la Oferta<\/h4>\n<p>Una de las claves del \u00e9xito reciente radica en la diversificaci\u00f3n de la oferta tur\u00edstica. Las actividades complementarias al turismo tradicional, como el enoturismo, el ecoturismo y los viajes wellness, han capturado la atenci\u00f3n de un p\u00fablico \u00e1vido de nuevas experiencias. Esta variedad no solo enriquece la propuesta, sino que tambi\u00e9n permite a los destinos alcanzar un impacto sostenible en sus econom\u00edas locales.<\/p>\n<p>Asimismo, este crecimiento tambi\u00e9n ha llevado a una transformaci\u00f3n en el perfil del empleo en el sector. Cada vez m\u00e1s, los trabajadores est\u00e1n siendo capacitados para satisfacer las demandas de un turista moderno, que busca experiencias personalizadas y un alto nivel de servicio. Las empresas est\u00e1n invirtiendo en formaci\u00f3n y desarrollo, lo que repercute positivamente tanto en la calidad del servicio como en la satisfacci\u00f3n del cliente.<\/p>\n<h4>El Retorno de los Viajeros<\/h4>\n<p>Las ganas de viajar han regresado con fuerza. La combinaci\u00f3n de la vacunaci\u00f3n masiva, la eliminaci\u00f3n de restricciones y un deseo latente de explorar el mundo est\u00e1 incentivando a muchos a planificar sus vacaciones. Las playas soleadas, las rutas gastron\u00f3micas y los festivales culturales est\u00e1n siendo el reclamo perfecto para atraer a un p\u00fablico diverso y entusiasta.<\/p>\n<p>Aunque el crecimiento es esperanzador, el sector debe seguir trabajando en la adaptaci\u00f3n a los nuevos tiempos. La sostenibilidad se est\u00e1 consolidando como una prioridad, y cada vez m\u00e1s viajeros manifiestan su inter\u00e9s por optar por opciones que respeten el medio ambiente. Los destinos que adopten pr\u00e1cticas responsables no solo aseguraran su continuidad, sino que tambi\u00e9n cautivar\u00e1n a un p\u00fablico m\u00e1s consciente y exigente.<\/p>\n<h4>Un Futuro Prometedor<\/h4>\n<p>Con m\u00e1s de tres millones de empleos creados y un ambiente optimista, el verano de este a\u00f1o ha sentado las bases para un futuro pr\u00f3spero en la industria tur\u00edstica. Sin embargo, el desaf\u00edo est\u00e1 en mantener este impulso. La adaptaci\u00f3n a las nuevas tendencias, la inversi\u00f3n en talento y la promoci\u00f3n de pr\u00e1cticas sostenibles ser\u00e1n esenciales para consolidar el crecimiento y ofrecer experiencias memorables a los viajeros.<\/p>\n<p>El viaje apenas comienza, y cada viajero tiene el poder de contribuir a este renacimiento. Ahora, m\u00e1s que nunca, es el momento ideal para explorar, descubrir y redescubrir todo lo que el mundo tiene por ofrecer. \u00a1Adelante, el verano y las oportunidades est\u00e1n a la vuelta de la esquina!<\/p>\n<p><em> &#8221; Sources www.hosteltur.com &#8221; <\/em><\/p>\n","protected":false},"excerpt":{"rendered":"<p>Un Verano de Oportunidades en el Sector Tur\u00edstico El verano de este a\u00f1o ha dejado una huella significativa en el sector tur\u00edstico, marcando un crecimiento notable en la ocupaci\u00f3n laboral. Con m\u00e1s de tres millones de puestos de trabajo generados, la tendencia refleja no solo la recuperaci\u00f3n de esta industria golpeada por la pandemia, sino [&hellip;]<\/p>\n","protected":false},"author":4,"featured_media":1070832,"comment_status":"open","ping_status":"closed","sticky":false,"template":"","format":"standard","meta":{"om_disable_all_campaigns":false,"jnews-multi-image_gallery":[],"jnews_single_post":[],"jnews_primary_category":[],"jnews_social_meta":[],"footnotes":""},"categories":[40],"tags":[569,2080,989,715,23678,751,4209,7339,770,2924,1296,4849,255720,3166,6774,1693,544,2873],"class_list":["post-1070831","post","type-post","status-publish","format-standard","has-post-thumbnail","hentry","category-industria","tag-agencias-de-viajes","tag-alojamientos","tag-desarrollo-economico","tag-economia","tag-economia-espanola","tag-empleo","tag-empleo-turistico","tag-epa","tag-espana","tag-estadisticas","tag-industria-turistica","tag-ine","tag-tasa-de-temporalidad","tag-trabajo","tag-transporte-de-pasajeros","tag-turespana","tag-turismo","tag-verano"],"_links":{"self":[{"href":"https:\/\/dimensionturistica.com\/es\/wp-json\/wp\/v2\/posts\/1070831","targetHints":{"allow":["GET"]}}],"collection":[{"href":"https:\/\/dimensionturistica.com\/es\/wp-json\/wp\/v2\/posts"}],"about":[{"href":"https:\/\/dimensionturistica.com\/es\/wp-json\/wp\/v2\/types\/post"}],"author":[{"embeddable":true,"href":"https:\/\/dimensionturistica.com\/es\/wp-json\/wp\/v2\/users\/4"}],"replies":[{"embeddable":true,"href":"https:\/\/dimensionturistica.com\/es\/wp-json\/wp\/v2\/comments?post=1070831"}],"version-history":[{"count":1,"href":"https:\/\/dimensionturistica.com\/es\/wp-json\/wp\/v2\/posts\/1070831\/revisions"}],"predecessor-version":[{"id":1070833,"href":"https:\/\/dimensionturistica.com\/es\/wp-json\/wp\/v2\/posts\/1070831\/revisions\/1070833"}],"wp:featuredmedia":[{"embeddable":true,"href":"https:\/\/dimensionturistica.com\/es\/wp-json\/wp\/v2\/media\/1070832"}],"wp:attachment":[{"href":"https:\/\/dimensionturistica.com\/es\/wp-json\/wp\/v2\/media?parent=1070831"}],"wp:term":[{"taxonomy":"category","embeddable":true,"href":"https:\/\/dimensionturistica.com\/es\/wp-json\/wp\/v2\/categories?post=1070831"},{"taxonomy":"post_tag","embeddable":true,"href":"https:\/\/dimensionturistica.com\/es\/wp-json\/wp\/v2\/tags?post=1070831"}],"curies":[{"name":"wp","href":"https:\/\/api.w.org\/{rel}","templated":true}]}}