{"id":1070502,"date":"2025-11-02T16:40:07","date_gmt":"2025-11-02T16:40:07","guid":{"rendered":"https:\/\/dimensionturistica.com\/es\/?p=1070502"},"modified":"2025-11-02T16:40:07","modified_gmt":"2025-11-02T16:40:07","slug":"un-grupo-de-jubilados-suecos-atrapados-en-mallorca-enfrenta-conflictos-con-su-agencia-de-viajes-y-la-aerolinea-es-indignante","status":"publish","type":"post","link":"https:\/\/dimensionturistica.com\/es\/un-grupo-de-jubilados-suecos-atrapados-en-mallorca-enfrenta-conflictos-con-su-agencia-de-viajes-y-la-aerolinea-es-indignante\/","title":{"rendered":"Un grupo de jubilados suecos atrapados en Mallorca enfrenta conflictos con su agencia de viajes y la aerol\u00ednea: &#8216;Es indignante&#8217;"},"content":{"rendered":"<h3>Enredos Tur\u00edsticos en Mallorca: Una Aventura Inesperada para Jubilados Suecos<\/h3>\n<p>Mallorca, una joya del Mediterr\u00e1neo, no solo es conocida por sus playas deslumbrantes y su vibrante vida nocturna, sino tambi\u00e9n por las historias que emergen de sus soleadas calles. Recientemente, un grupo de jubilados suecos se convirti\u00f3 en protagonistas de una experiencia memorable, aunque no de la manera que esperaban.<\/p>\n<p>Este grupo de viajeros lleg\u00f3 a la isla con la mente llena de planes: disfrutar del clima c\u00e1lido, explorar los paisajes siempre verdes y sumergirse en la rica cultura balear. Sin embargo, su viaje se torn\u00f3 en un enredo inesperado cuando comenzaron a enfrentarse a problemas con su agencia de viajes y la aerol\u00ednea encargada de su regreso a casa. La situaci\u00f3n no solo se convirti\u00f3 en un quebradero de cabeza, sino que tambi\u00e9n fue testigo del impacto que la log\u00edstica vacacional puede tener en los viajeros.<\/p>\n<p>Los jubilados, que hab\u00edan ahorrado durante a\u00f1os para disfrutar de unas vacaciones en el para\u00edso, se encontraron atrapados entre la promesa de d\u00edas soleados y las dificultades de los tr\u00e1mites burocr\u00e1ticos. Una serie de retrasos y fallos en la comunicaci\u00f3n con su agencia de viajes transform\u00f3 lo que deb\u00eda ser un retorno tranquilo a Suecia en una odisea llena de frustraciones. <\/p>\n<p>La comunidad local se moviliz\u00f3 r\u00e1pidamente, convirtiendo la situaci\u00f3n en un ejemplo de solidaridad y apoyo. Residentes y comerciantes de la isla no dudaron en ofrecer su ayuda, desde alojamiento temporal hasta recomendaciones sobre actividades locales que los jubilados podr\u00edan disfrutar mientras esperaban la resoluci\u00f3n de su situaci\u00f3n. Este gesto altruista revela la verdadera esencia de Mallorca: una comunidad dispuesta a ayudar a los que se encuentran en apuros.<\/p>\n<p>La historia tambi\u00e9n pone de relieve una preocupaci\u00f3n creciente en el mundo del turismo: la importancia de la elecci\u00f3n de la agencia de viajes y las aerol\u00edneas. La experiencia de estos jubilados suecos sirve como un recordatorio de que, aunque las vacaciones son un momento de descanso y diversi\u00f3n, no est\u00e1n exentas de imprevistos. Es fundamental investigar y elegir con cuidado proveedores de servicios tur\u00edsticos que ofrezcan un respaldo robusto y un buen servicio al cliente.<\/p>\n<p>A largo plazo, lo que comenz\u00f3 como un viaje so\u00f1ador se transformar\u00e1 en an\u00e9cdotas ricas en lecciones y experiencias que compartir\u00e1n entre amigos y familiares. En un mundo tan interconectado, las historias como la de estos jubilados nos recuerdan que, a veces, incluso las complicaciones m\u00e1s inesperadas pueden llevar a momentos de conexi\u00f3n, solidaridad y hasta risas.<\/p>\n<p>En definitiva, mientras Mallorca sigue siendo un destino de ensue\u00f1o, es crucial que tanto turistas como profesionales del sector mantengan una atenci\u00f3n especial a los detalles log\u00edsticos que pueden hacer toda la diferencia entre un viaje de placer y una experiencia ca\u00f3tica. As\u00ed, la pr\u00f3xima vez que pienses en escapar a esta maravilla del Mediterr\u00e1neo, recuerda que la planificaci\u00f3n es esencial, pero tambi\u00e9n lo es estar abierto a enfrentar lo inesperado con una sonrisa.<\/p>\n<p><em> &#8221; Fuentes www.20minutos.es &#8221; <\/em><\/p>\n","protected":false},"excerpt":{"rendered":"<p>Enredos Tur\u00edsticos en Mallorca: Una Aventura Inesperada para Jubilados Suecos Mallorca, una joya del Mediterr\u00e1neo, no solo es conocida por sus playas deslumbrantes y su vibrante vida nocturna, sino tambi\u00e9n por las historias que emergen de sus soleadas calles. Recientemente, un grupo de jubilados suecos se convirti\u00f3 en protagonistas de una experiencia memorable, aunque no [&hellip;]<\/p>\n","protected":false},"author":4,"featured_media":1070503,"comment_status":"open","ping_status":"closed","sticky":false,"template":"","format":"standard","meta":{"om_disable_all_campaigns":false,"jnews-multi-image_gallery":[],"jnews_single_post":[],"jnews_primary_category":[],"jnews_social_meta":[],"footnotes":""},"categories":[39],"tags":[1820,1181,1302,20262,4507,1772,8753,4963,4061,8629,35616,544,8192,545],"class_list":["post-1070502","post","type-post","status-publish","format-standard","has-post-thumbnail","hentry","category-viajes","tag-aerolinea","tag-agencia-de-viajes","tag-denuncia","tag-escandalo","tag-jubilados","tag-mallorca","tag-problemas","tag-quedan","tag-se","tag-suecia","tag-suecos","tag-turismo","tag-unos","tag-viajes"],"_links":{"self":[{"href":"https:\/\/dimensionturistica.com\/es\/wp-json\/wp\/v2\/posts\/1070502","targetHints":{"allow":["GET"]}}],"collection":[{"href":"https:\/\/dimensionturistica.com\/es\/wp-json\/wp\/v2\/posts"}],"about":[{"href":"https:\/\/dimensionturistica.com\/es\/wp-json\/wp\/v2\/types\/post"}],"author":[{"embeddable":true,"href":"https:\/\/dimensionturistica.com\/es\/wp-json\/wp\/v2\/users\/4"}],"replies":[{"embeddable":true,"href":"https:\/\/dimensionturistica.com\/es\/wp-json\/wp\/v2\/comments?post=1070502"}],"version-history":[{"count":1,"href":"https:\/\/dimensionturistica.com\/es\/wp-json\/wp\/v2\/posts\/1070502\/revisions"}],"predecessor-version":[{"id":1070504,"href":"https:\/\/dimensionturistica.com\/es\/wp-json\/wp\/v2\/posts\/1070502\/revisions\/1070504"}],"wp:featuredmedia":[{"embeddable":true,"href":"https:\/\/dimensionturistica.com\/es\/wp-json\/wp\/v2\/media\/1070503"}],"wp:attachment":[{"href":"https:\/\/dimensionturistica.com\/es\/wp-json\/wp\/v2\/media?parent=1070502"}],"wp:term":[{"taxonomy":"category","embeddable":true,"href":"https:\/\/dimensionturistica.com\/es\/wp-json\/wp\/v2\/categories?post=1070502"},{"taxonomy":"post_tag","embeddable":true,"href":"https:\/\/dimensionturistica.com\/es\/wp-json\/wp\/v2\/tags?post=1070502"}],"curies":[{"name":"wp","href":"https:\/\/api.w.org\/{rel}","templated":true}]}}