{"id":1070497,"date":"2025-11-02T16:36:57","date_gmt":"2025-11-02T16:36:57","guid":{"rendered":"https:\/\/dimensionturistica.com\/es\/?p=1070497"},"modified":"2025-11-02T16:36:57","modified_gmt":"2025-11-02T16:36:57","slug":"agencia-52-y-atma-presentan-su-nueva-campana","status":"publish","type":"post","link":"https:\/\/dimensionturistica.com\/es\/agencia-52-y-atma-presentan-su-nueva-campana\/","title":{"rendered":"Agencia 52 y ATMA presentan su nueva campa\u00f1a"},"content":{"rendered":"\n<figure class=\"wp-block-gallery has-nested-images columns-default is-cropped wp-block-gallery-1 is-layout-flex wp-block-gallery-is-layout-flex\">\n<figure class=\"wp-block-image size-large\"><img decoding=\"async\" width=\"500\" height=\"268\" data-id=\"1070498\" src=\"https:\/\/dimensionturistica.com\/es\/wp-content\/uploads\/2025\/11\/3JIM.jpg\" alt=\"\" class=\"wp-image-1070498\" srcset=\"https:\/\/dimensionturistica.com\/es\/wp-content\/uploads\/2025\/11\/3JIM.jpg 500w, https:\/\/dimensionturistica.com\/es\/wp-content\/uploads\/2025\/11\/3JIM-300x161.jpg 300w\" sizes=\"(max-width: 500px) 100vw, 500px\" \/><\/figure>\n<\/figure>\n\n\n\n<p>La agencia fundada y dirigida por Tony Waissmann desarroll\u00f3, junto a ATMA, la nueva campa\u00f1a para sus productos Cocinas a Gas y Microondas. Siguiendo con su concepto Amas tu casa, este fue parcialmente modificado para referirse, en este caso, a la cocina exclusivamente ya que ambos productos pertenecen a ese espacio.<\/p>\n\n\n\n<p>Jimena Alcibar, Gerente de M\u00e1rketing de ATMA coment\u00f3: &#8220;Estamos muy contentos con los resultados, ya que ambos transmiten el esp\u00edritu &#8216;foodie&#8217; y divertido de ATMA. Con Microondas fortalecemos nuestro liderazgo en la categor\u00eda, y con la campa\u00f1a de Cocinas a Gas, destacamos ese dise\u00f1o innovador que es clave para posicionar a ATMA en una categor\u00eda tan tradicional.&#8221;<\/p>\n\n\n\n<figure class=\"wp-block-gallery has-nested-images columns-default is-cropped wp-block-gallery-2 is-layout-flex wp-block-gallery-is-layout-flex\">\n<figure class=\"wp-block-image size-large\"><img decoding=\"async\" width=\"500\" height=\"284\" data-id=\"1070499\" src=\"https:\/\/dimensionturistica.com\/es\/wp-content\/uploads\/2025\/11\/4JIM.jpg\" alt=\"\" class=\"wp-image-1070499\" srcset=\"https:\/\/dimensionturistica.com\/es\/wp-content\/uploads\/2025\/11\/4JIM.jpg 500w, https:\/\/dimensionturistica.com\/es\/wp-content\/uploads\/2025\/11\/4JIM-300x170.jpg 300w\" sizes=\"(max-width: 500px) 100vw, 500px\" \/><\/figure>\n<\/figure>\n\n\n\n<p>Al respecto Tony Waissmann tambi\u00e9n dej\u00f3 algunas palabras: \u201cEstamos muy felices que 52 ya est\u00e9 trabajando con este tipo de marcas emblem\u00e1ticas y amadas por todos los Argentinos y tambi\u00e9n felices con las personas que llevan la marca adelante como Jimena Alcibar y todo su equipo con el que realmente fue un placer hacer este proyecto juntos. En este caso, apelamos al humor, tratamos de que ambos comerciales sean divertidos, simples y entretenidos. Dos productos muy distintos pero unidos bajo un mismo concepto. Con Newsan particularmente trabajo hace m\u00e1s de 20 a\u00f1os y he trabajado para casi todas sus marcas, es m\u00e1s, hace unos meses hicimos la campa\u00f1a \u201cPonele Philco\u201d para Pilas Philco que tamb\u00ed\u00e9n fue un gusto enorme, el resultado y, sobre todo, todo el proceso.<\/p>\n\n\n\n<figure class=\"wp-block-gallery has-nested-images columns-default is-cropped wp-block-gallery-3 is-layout-flex wp-block-gallery-is-layout-flex\">\n<figure class=\"wp-block-image size-large\"><img decoding=\"async\" width=\"500\" height=\"313\" data-id=\"1070500\" src=\"https:\/\/dimensionturistica.com\/es\/wp-content\/uploads\/2025\/11\/1JIM.jpg\" alt=\"\" class=\"wp-image-1070500\" srcset=\"https:\/\/dimensionturistica.com\/es\/wp-content\/uploads\/2025\/11\/1JIM.jpg 500w, https:\/\/dimensionturistica.com\/es\/wp-content\/uploads\/2025\/11\/1JIM-300x188.jpg 300w\" sizes=\"(max-width: 500px) 100vw, 500px\" \/><\/figure>\n<\/figure>\n\n\n\n<p>Ficha T\u00e9cnica:<\/p>\n\n\n\n<p>CLIENTE: ATMA<\/p>\n\n\n\n<p>PRODUCTOS: COCINAS A GAS \/ MICROONDAS<\/p>\n\n\n\n<p>AGENCIA: 52 Buenos Aires<\/p>\n\n\n\n<p>CCO &amp; FOUNDER: Tony Waissmann<\/p>\n\n\n\n<p>EQUIPO DE LA AGENCIA: 52 Buenos Aires<\/p>\n\n\n\n<p>PRODUCTORA: WALDEN STUDIO<\/p>\n\n\n\n<p>DIRECTOR: Mat\u00edas Pisani \/ Guido Cassini<\/p>\n\n\n\n<p>AUDIO Y M\u00daSICA: Twins Music<\/p>\n","protected":false},"excerpt":{"rendered":"<p>La agencia fundada y dirigida por Tony Waissmann desarroll\u00f3, junto a ATMA, la nueva campa\u00f1a para sus productos Cocinas a Gas y Microondas. Siguiendo con su concepto Amas tu casa, este fue parcialmente modificado para referirse, en este caso, a la cocina exclusivamente ya que ambos productos pertenecen a ese espacio. Jimena Alcibar, Gerente de [&hellip;]<\/p>\n","protected":false},"author":1,"featured_media":0,"comment_status":"open","ping_status":"closed","sticky":false,"template":"","format":"standard","meta":{"om_disable_all_campaigns":false,"jnews-multi-image_gallery":[],"jnews_single_post":[],"jnews_primary_category":[],"jnews_social_meta":[],"footnotes":""},"categories":[40],"tags":[],"class_list":["post-1070497","post","type-post","status-publish","format-standard","hentry","category-industria"],"_links":{"self":[{"href":"https:\/\/dimensionturistica.com\/es\/wp-json\/wp\/v2\/posts\/1070497","targetHints":{"allow":["GET"]}}],"collection":[{"href":"https:\/\/dimensionturistica.com\/es\/wp-json\/wp\/v2\/posts"}],"about":[{"href":"https:\/\/dimensionturistica.com\/es\/wp-json\/wp\/v2\/types\/post"}],"author":[{"embeddable":true,"href":"https:\/\/dimensionturistica.com\/es\/wp-json\/wp\/v2\/users\/1"}],"replies":[{"embeddable":true,"href":"https:\/\/dimensionturistica.com\/es\/wp-json\/wp\/v2\/comments?post=1070497"}],"version-history":[{"count":1,"href":"https:\/\/dimensionturistica.com\/es\/wp-json\/wp\/v2\/posts\/1070497\/revisions"}],"predecessor-version":[{"id":1070501,"href":"https:\/\/dimensionturistica.com\/es\/wp-json\/wp\/v2\/posts\/1070497\/revisions\/1070501"}],"wp:attachment":[{"href":"https:\/\/dimensionturistica.com\/es\/wp-json\/wp\/v2\/media?parent=1070497"}],"wp:term":[{"taxonomy":"category","embeddable":true,"href":"https:\/\/dimensionturistica.com\/es\/wp-json\/wp\/v2\/categories?post=1070497"},{"taxonomy":"post_tag","embeddable":true,"href":"https:\/\/dimensionturistica.com\/es\/wp-json\/wp\/v2\/tags?post=1070497"}],"curies":[{"name":"wp","href":"https:\/\/api.w.org\/{rel}","templated":true}]}}