{"id":1070482,"date":"2025-11-02T15:57:45","date_gmt":"2025-11-02T15:57:45","guid":{"rendered":"https:\/\/dimensionturistica.com\/es\/?p=1070482"},"modified":"2025-11-02T15:57:45","modified_gmt":"2025-11-02T15:57:45","slug":"pedalea-frente-al-pacifico-inicia-el-registro-para-el-gran-fondo-riviera-nayarit-2026","status":"publish","type":"post","link":"https:\/\/dimensionturistica.com\/es\/pedalea-frente-al-pacifico-inicia-el-registro-para-el-gran-fondo-riviera-nayarit-2026\/","title":{"rendered":"Pedalea frente al Pac\u00edfico: inicia el registro para el Gran Fondo Riviera Nayarit 2026"},"content":{"rendered":"\n<p><\/p>\n\n\n\n<figure class=\"wp-block-gallery has-nested-images columns-default is-cropped wp-block-gallery-1 is-layout-flex wp-block-gallery-is-layout-flex\">\n<figure class=\"wp-block-image size-large\"><img decoding=\"async\" width=\"500\" height=\"150\" data-id=\"1070483\" src=\"https:\/\/dimensionturistica.com\/es\/wp-content\/uploads\/2025\/11\/1NAYAR.jpg\" alt=\"\" class=\"wp-image-1070483\" srcset=\"https:\/\/dimensionturistica.com\/es\/wp-content\/uploads\/2025\/11\/1NAYAR.jpg 500w, https:\/\/dimensionturistica.com\/es\/wp-content\/uploads\/2025\/11\/1NAYAR-300x90.jpg 300w\" sizes=\"(max-width: 500px) 100vw, 500px\" \/><\/figure>\n<\/figure>\n\n\n\n<p>La cita ciclista m\u00e1s esperada de la Costa del Pac\u00edfico regresa para atraer los reflectores. El s\u00e1bado 18 de abril de 2026 no ser\u00e1 un d\u00eda cualquiera; ser\u00e1 el d\u00eda en que el Gran Fondo Riviera Nayarit 2026 desaf\u00ede a la comunidad global de ciclistas recreativos y de alto rendimiento a pedalear entre el mar, la selva y el asfalto en un escenario simplemente espectacular. As\u00ed que lleg\u00f3 el momento de inscribirse.<\/p>\n\n\n\n<p>El evento, con punto de salida y llegada en el vibrante Boulevard Nuevo Vallarta, ofrece la oportunidad de elegir qu\u00e9 tan lejos se quieren desafiar los l\u00edmites.<\/p>\n\n\n\n<p>90 km: Una ruta desafiante y hermosa para disfrutar del paisaje sin sacrificar la velocidad.<\/p>\n\n\n\n<figure class=\"wp-block-gallery has-nested-images columns-default is-cropped wp-block-gallery-2 is-layout-flex wp-block-gallery-is-layout-flex\">\n<figure class=\"wp-block-image size-large\"><img decoding=\"async\" width=\"500\" height=\"193\" data-id=\"1070484\" src=\"https:\/\/dimensionturistica.com\/es\/wp-content\/uploads\/2025\/11\/5NAAYA.jpg\" alt=\"\" class=\"wp-image-1070484\" srcset=\"https:\/\/dimensionturistica.com\/es\/wp-content\/uploads\/2025\/11\/5NAAYA.jpg 500w, https:\/\/dimensionturistica.com\/es\/wp-content\/uploads\/2025\/11\/5NAAYA-300x116.jpg 300w\" sizes=\"(max-width: 500px) 100vw, 500px\" \/><\/figure>\n<\/figure>\n\n\n\n<p>130 km: La distancia estelar para aquellos que buscan un reto de resistencia total.<\/p>\n\n\n\n<p>Razones principales para inscribirse en el Gran Fondo Riviera Nayarit 2026<\/p>\n\n\n\n<p>Fusi\u00f3n de paisajes y experiencia en ruta: Al participar en el evento, el ciclista est\u00e1 inmerso en un entorno donde se combinan m\u00faltiples ecosistemas. A lo largo del recorrido en Nayarit, el esfuerzo f\u00edsico se complementa con una transici\u00f3n visual constante. La densidad de la vegetaci\u00f3n selv\u00e1tica se abre para revelar la extensi\u00f3n del Oc\u00e9ano Pac\u00edfico, ofreciendo al competidor un paisaje din\u00e1mico que acompa\u00f1a el desaf\u00edo de la ruta.<\/p>\n\n\n\n<p>Programa extendido y celebraci\u00f3n post-carrera: El Gran Fondo es concebido como una experiencia que trasciende la competencia del d\u00eda. Una vez completado el recorrido, la jornada culmina en la Zona de Celebraci\u00f3n, ubicada en Playa Fibba. En este espacio se lleva a cabo la ceremonia de premiaci\u00f3n, acompa\u00f1ada de m\u00fasica en vivo y una oferta gastron\u00f3mica local, permitiendo al participante la recuperaci\u00f3n y el disfrute frente al Pac\u00edfico.<\/p>\n\n\n\n<figure class=\"wp-block-gallery has-nested-images columns-default is-cropped wp-block-gallery-3 is-layout-flex wp-block-gallery-is-layout-flex\">\n<figure class=\"wp-block-image size-large\"><img decoding=\"async\" width=\"500\" height=\"332\" data-id=\"1070485\" src=\"https:\/\/dimensionturistica.com\/es\/wp-content\/uploads\/2025\/11\/1NAYA.jpg\" alt=\"\" class=\"wp-image-1070485\" srcset=\"https:\/\/dimensionturistica.com\/es\/wp-content\/uploads\/2025\/11\/1NAYA.jpg 500w, https:\/\/dimensionturistica.com\/es\/wp-content\/uploads\/2025\/11\/1NAYA-300x199.jpg 300w\" sizes=\"(max-width: 500px) 100vw, 500px\" \/><\/figure>\n<\/figure>\n\n\n\n<p>Log\u00edstica y facilidades para competidores: La accesibilidad es un factor destacado del evento. La sede, ubicada en Bah\u00eda de Banderas, se encuentra a tan solo 30 minutos del Aeropuerto Internacional de Puerto Vallarta (PVR), lo que simplifica la llegada para competidores nacionales e internacionales. Adicionalmente, se estableci\u00f3 una alianza estrat\u00e9gica con Marival Resorts para ofrecer opciones de hospedaje oficial y tarifas preferenciales, optimizando la comodidad y descanso de los atletas.<\/p>\n\n\n\n<p>Sabino Creaciones, organizadores de este gran encuentro deportivo y recreativo, indicaron que las Inscripciones ya est\u00e1n abiertas en rbcgranfondo.com\/event\/nayarit y &nbsp;sigue la cuenta instagram.com\/granfondowhistlernayarit<\/p>\n","protected":false},"excerpt":{"rendered":"<p>La cita ciclista m\u00e1s esperada de la Costa del Pac\u00edfico regresa para atraer los reflectores. El s\u00e1bado 18 de abril de 2026 no ser\u00e1 un d\u00eda cualquiera; ser\u00e1 el d\u00eda en que el Gran Fondo Riviera Nayarit 2026 desaf\u00ede a la comunidad global de ciclistas recreativos y de alto rendimiento a pedalear entre el mar, [&hellip;]<\/p>\n","protected":false},"author":1,"featured_media":0,"comment_status":"open","ping_status":"closed","sticky":false,"template":"","format":"standard","meta":{"om_disable_all_campaigns":false,"jnews-multi-image_gallery":[],"jnews_single_post":[],"jnews_primary_category":[],"jnews_social_meta":[],"footnotes":""},"categories":[39],"tags":[],"class_list":["post-1070482","post","type-post","status-publish","format-standard","hentry","category-viajes"],"_links":{"self":[{"href":"https:\/\/dimensionturistica.com\/es\/wp-json\/wp\/v2\/posts\/1070482","targetHints":{"allow":["GET"]}}],"collection":[{"href":"https:\/\/dimensionturistica.com\/es\/wp-json\/wp\/v2\/posts"}],"about":[{"href":"https:\/\/dimensionturistica.com\/es\/wp-json\/wp\/v2\/types\/post"}],"author":[{"embeddable":true,"href":"https:\/\/dimensionturistica.com\/es\/wp-json\/wp\/v2\/users\/1"}],"replies":[{"embeddable":true,"href":"https:\/\/dimensionturistica.com\/es\/wp-json\/wp\/v2\/comments?post=1070482"}],"version-history":[{"count":1,"href":"https:\/\/dimensionturistica.com\/es\/wp-json\/wp\/v2\/posts\/1070482\/revisions"}],"predecessor-version":[{"id":1070486,"href":"https:\/\/dimensionturistica.com\/es\/wp-json\/wp\/v2\/posts\/1070482\/revisions\/1070486"}],"wp:attachment":[{"href":"https:\/\/dimensionturistica.com\/es\/wp-json\/wp\/v2\/media?parent=1070482"}],"wp:term":[{"taxonomy":"category","embeddable":true,"href":"https:\/\/dimensionturistica.com\/es\/wp-json\/wp\/v2\/categories?post=1070482"},{"taxonomy":"post_tag","embeddable":true,"href":"https:\/\/dimensionturistica.com\/es\/wp-json\/wp\/v2\/tags?post=1070482"}],"curies":[{"name":"wp","href":"https:\/\/api.w.org\/{rel}","templated":true}]}}