{"id":1070376,"date":"2025-11-02T07:18:12","date_gmt":"2025-11-02T07:18:12","guid":{"rendered":"https:\/\/dimensionturistica.com\/es\/?p=1070376"},"modified":"2025-11-02T07:18:12","modified_gmt":"2025-11-02T07:18:12","slug":"jubilados-varados-en-mallorca-luchan-contra-la-agencia-de-viajes-y-la-compania-aerea","status":"publish","type":"post","link":"https:\/\/dimensionturistica.com\/es\/jubilados-varados-en-mallorca-luchan-contra-la-agencia-de-viajes-y-la-compania-aerea\/","title":{"rendered":"Jubilados varados en Mallorca luchan contra la agencia de viajes y la compa\u00f1\u00eda a\u00e9rea."},"content":{"rendered":"<p><strong>Aventura Inesperada en Mallorca: Un Viaje que Se Torn\u00f3 \u00c9pico<\/strong><\/p>\n<p>Mallorca, la joya del Mediterr\u00e1neo, siempre ha sido un destino que atrapa a los viajeros con su belleza natural y su rica cultura. Sin embargo, en ocasiones, lo que deber\u00eda ser una escapada relajante se convierte en una aventura llena de contratiempos y desaf\u00edos. Este fue el caso de un grupo de jubilados que, en busca de sol y tranquilas playas, se encontraron envueltos en una experiencia que nunca habr\u00edan imaginado.<\/p>\n<p>El incidente comenz\u00f3 como cualquier otro viaje: la emoci\u00f3n de explorar una nueva ciudad, degustar la gastronom\u00eda local y disfrutar de la c\u00e1lida hospitalidad de la isla. Sin embargo, cuando lleg\u00f3 el momento de regresar a casa, los planes se desmoronaron. Debido a una serie de problemas log\u00edsticos con la agencia de viajes y la aerol\u00ednea, estos turistas experimentaron una odisea que los mantuvo atrapados en la isla por m\u00e1s tiempo del esperado.<\/p>\n<p>Lo que hace que esta historia resuene m\u00e1s all\u00e1 de la simple an\u00e9cdota de unos viajeros atrapados es el esp\u00edritu indomable de estos jubilados. En lugar de sucumbir al des\u00e1nimo, decidieron aprovechar al m\u00e1ximo su tiempo en la isla. Con una sonrisa en los labios y la determinaci\u00f3n de convertir un contratiempo en una nueva oportunidad, comenzaron a explorar rincones de Mallorca que quiz\u00e1s no habr\u00edan descubierto durante unas vacaciones t\u00edpicas.<\/p>\n<p>El encanto de las tranquilas calas escondidas, el deleite al probar la famosa ensaimada en una cafeter\u00eda local, y las conversaciones con los mallorquines, llenas de historias y tradiciones, se convirtieron en el verdadero tesoro de su viaje. As\u00ed, lo que comenz\u00f3 como un descontento se transform\u00f3 en un emocionante relato de resiliencia, adaptabilidad y descubrimiento.<\/p>\n<p>Este caso nos recuerda que, en el mundo del turismo, las cosas no siempre salen como se planean. Sin embargo, lo vital es c\u00f3mo respondemos ante esos momentos inesperados. La actitud positiva de estos viajeros demuestra que, a veces, lo m\u00e1s memorable de un viaje no son los lugares visitados, sino las lecciones aprendidas y las conexiones forjadas en el camino.<\/p>\n<p>Si bien es fundamental que las agencias de viajes y las aerol\u00edneas mantengan altos est\u00e1ndares de servicio y atenci\u00f3n al cliente, es igual de importante que los viajeros sean conscientes de que siempre podr\u00edan surgir imprevistos. Mantener una mentalidad abierta y flexible puede transformar un desaf\u00edo en una oportunidad para crecer y aprender.<\/p>\n<p>Mallorca, con su magia indiscutible, sigue siendo un destino ideal para cualquier viajero. Ya sea que busques la serenidad de sus playas o la vibrante vida de sus pueblos, la isla siempre promete experiencias inolvidables. Pero como demuestra esta historia, el verdadero viaje a menudo se encuentra en la forma en que navegamos por lo inesperado. Al final, cada aventura \u2014incluso las m\u00e1s complicadas\u2014 tiene el potencial de convertirse en una hermosa historia que contar.<\/p>\n<p><em> &#8221; Sources www.huffingtonpost.es &#8221; <\/em><\/p>\n","protected":false},"excerpt":{"rendered":"<p>Aventura Inesperada en Mallorca: Un Viaje que Se Torn\u00f3 \u00c9pico Mallorca, la joya del Mediterr\u00e1neo, siempre ha sido un destino que atrapa a los viajeros con su belleza natural y su rica cultura. Sin embargo, en ocasiones, lo que deber\u00eda ser una escapada relajante se convierte en una aventura llena de contratiempos y desaf\u00edos. Este [&hellip;]<\/p>\n","protected":false},"author":4,"featured_media":1070377,"comment_status":"open","ping_status":"closed","sticky":false,"template":"","format":"standard","meta":{"om_disable_all_campaigns":false,"jnews-multi-image_gallery":[],"jnews_single_post":[],"jnews_primary_category":[],"jnews_social_meta":[],"footnotes":""},"categories":[40],"tags":[1820,803,1181,569,21556,7425,145407,3637,4507,1772,52731,172182,544,1861,740],"class_list":["post-1070376","post","type-post","status-publish","format-standard","has-post-thumbnail","hentry","category-industria","tag-aerolinea","tag-aerolineas","tag-agencia-de-viajes","tag-agencias-de-viajes","tag-atrapados","tag-conflicto","tag-derechos-de-los-consumidores","tag-escapada","tag-jubilados","tag-mallorca","tag-munich","tag-problemas-de-viaje","tag-turismo","tag-vacaciones","tag-vuelos"],"_links":{"self":[{"href":"https:\/\/dimensionturistica.com\/es\/wp-json\/wp\/v2\/posts\/1070376","targetHints":{"allow":["GET"]}}],"collection":[{"href":"https:\/\/dimensionturistica.com\/es\/wp-json\/wp\/v2\/posts"}],"about":[{"href":"https:\/\/dimensionturistica.com\/es\/wp-json\/wp\/v2\/types\/post"}],"author":[{"embeddable":true,"href":"https:\/\/dimensionturistica.com\/es\/wp-json\/wp\/v2\/users\/4"}],"replies":[{"embeddable":true,"href":"https:\/\/dimensionturistica.com\/es\/wp-json\/wp\/v2\/comments?post=1070376"}],"version-history":[{"count":1,"href":"https:\/\/dimensionturistica.com\/es\/wp-json\/wp\/v2\/posts\/1070376\/revisions"}],"predecessor-version":[{"id":1070378,"href":"https:\/\/dimensionturistica.com\/es\/wp-json\/wp\/v2\/posts\/1070376\/revisions\/1070378"}],"wp:featuredmedia":[{"embeddable":true,"href":"https:\/\/dimensionturistica.com\/es\/wp-json\/wp\/v2\/media\/1070377"}],"wp:attachment":[{"href":"https:\/\/dimensionturistica.com\/es\/wp-json\/wp\/v2\/media?parent=1070376"}],"wp:term":[{"taxonomy":"category","embeddable":true,"href":"https:\/\/dimensionturistica.com\/es\/wp-json\/wp\/v2\/categories?post=1070376"},{"taxonomy":"post_tag","embeddable":true,"href":"https:\/\/dimensionturistica.com\/es\/wp-json\/wp\/v2\/tags?post=1070376"}],"curies":[{"name":"wp","href":"https:\/\/api.w.org\/{rel}","templated":true}]}}