{"id":1070305,"date":"2025-11-02T01:19:49","date_gmt":"2025-11-02T01:19:49","guid":{"rendered":"https:\/\/dimensionturistica.com\/es\/?p=1070305"},"modified":"2025-11-02T01:19:49","modified_gmt":"2025-11-02T01:19:49","slug":"asi-fue-la-celebracion-de-dia-de-muertos-en-la-gala-vogue-colombia-2025","status":"publish","type":"post","link":"https:\/\/dimensionturistica.com\/es\/asi-fue-la-celebracion-de-dia-de-muertos-en-la-gala-vogue-colombia-2025\/","title":{"rendered":"As\u00ed fue la Celebraci\u00f3n de D\u00eda de Muertos en la Gala Vogue Colombia 2025"},"content":{"rendered":"<h3>La Gala Vogue Colombia: Un Tributo Deslumbrante al D\u00eda de Muertos<\/h3>\n<p>En la vibrante y colorida escena de Colombia, la Gala Vogue se ha establecido como uno de los eventos m\u00e1s esperados del a\u00f1o. En la reciente edici\u00f3n dedicada al D\u00eda de Muertos, la celebraci\u00f3n fue un claro reflejo de la riqueza cultural y la diversidad est\u00e9tica que caracteriza a Latinoam\u00e9rica. Este encuentro no solo reuni\u00f3 a las figuras m\u00e1s influyentes del mundo de la moda, sino que tambi\u00e9n rindi\u00f3 homenaje a una de las tradiciones m\u00e1s emblem\u00e1ticas de la regi\u00f3n.<\/p>\n<h4>Un Escenario de Elegancia y Tradici\u00f3n<\/h4>\n<p>La gala tuvo lugar en un ic\u00f3nico espacio, que fusion\u00f3 la modernidad con elementos tradicionales, creando una atm\u00f3sfera m\u00e1gica. Los asistentes se sumergieron en una experiencia multisensorial, donde cada rinc\u00f3n estaba decorado con altares y ofrendas, repletas de flores de cempas\u00fachil, papel picado y velas, evocando un sentido de comuni\u00f3n con quienes han partido. <\/p>\n<h4>La Moda como Narrativa Cultural<\/h4>\n<p>Lo que verdaderamente destac\u00f3 en esta gala fue la interpretaci\u00f3n de la moda como un medio para contar historias. Dise\u00f1adores y celebridades se unieron para crear looks que capturaron la esencia del D\u00eda de Muertos. Desde vestidos que evocaban la calavera de la tradici\u00f3n mexicana, hasta trajes con patrones que simbolizaban la dualidad de la vida y la muerte. Cada atuendo fue un lienzo que celebr\u00f3 la herencia cultural, destacando la importancia de la imagen como reflejo de la identidad.<\/p>\n<h4>Un Impacto Visual Inigualable<\/h4>\n<p>Las apariciones de las celebridades fueron dignas de un desfile de alta costura. Los colores vibrantes y la atenci\u00f3n al detalle en los accesorios transformaron la alfombra roja en un aut\u00e9ntico festival visual. Modelos y figuras de renombre caminaron con confianza, portando obras de arte que no s\u00f3lo embellec\u00edan, sino que tambi\u00e9n contaban historias de amor, perdida y recuerdo. Este enfoque permiti\u00f3 que los asistentes se convirtieran no solo en espectadores, sino en participantes de una narrativa compartida.<\/p>\n<h4>Innovaci\u00f3n y Creatividad en el Hogar<\/h4>\n<p>El evento tambi\u00e9n sirvi\u00f3 como plataforma para nuevos talentos, quienes presentaron propuestas innovadoras que abrieron di\u00e1logos sobre la sostenibilidad y la inclusi\u00f3n en la industria de la moda. La gala fue un punto de encuentro para propuestas que pujan por un futuro donde la moda no solo sea est\u00e9tica, sino tambi\u00e9n socialmente responsable.<\/p>\n<h4>La Influencia de la Red<\/h4>\n<p>El impacto de la gala no se limit\u00f3 al evento en s\u00ed; las redes sociales vibraron con contenido en tiempo real. Desde desfiles exclusivos hasta entrevistas con los asistentes, el hashtag del evento se convirti\u00f3 en tendencia, ampliando el alcance de la celebraci\u00f3n m\u00e1s all\u00e1 de las fronteras colombianas. La moda, aqu\u00ed, demostr\u00f3 ser un lenguaje universal capaz de conectar culturas y generar conversaci\u00f3n.<\/p>\n<h3>Reflexiones Finales<\/h3>\n<p>La Gala Vogue Colombia, en su homenaje al D\u00eda de Muertos, ha dejado una huella imborrable en el panorama de la moda y la cultura. Representa un claro recordatorio de que la moda puede ser mucho m\u00e1s que ropa; puede ser un puente entre generaciones, emociones y tradiciones. Un evento que contin\u00faa inspirando y evolucionando, reafirmando la importancia de conectar lo personal con lo cultural, y lo ef\u00edmero con lo eterno. <\/p>\n<p>As\u00ed, lo que presenciamos no fue solo una gala, sino una celebraci\u00f3n del arte de vivir y recordar, uniendo a todos aquellos que comparten un amor por la moda y la cultura en una noche m\u00e1gica.<\/p>\n<p><em> &#8221; Fuentes www.vogue.mx &#8221; <\/em><\/p>\n","protected":false},"excerpt":{"rendered":"<p>La Gala Vogue Colombia: Un Tributo Deslumbrante al D\u00eda de Muertos En la vibrante y colorida escena de Colombia, la Gala Vogue se ha establecido como uno de los eventos m\u00e1s esperados del a\u00f1o. En la reciente edici\u00f3n dedicada al D\u00eda de Muertos, la celebraci\u00f3n fue un claro reflejo de la riqueza cultural y la [&hellip;]<\/p>\n","protected":false},"author":14,"featured_media":1070306,"comment_status":"open","ping_status":"closed","sticky":false,"template":"","format":"standard","meta":{"om_disable_all_campaigns":false,"jnews-multi-image_gallery":[],"jnews_single_post":[],"jnews_primary_category":[],"jnews_social_meta":[],"footnotes":""},"categories":[144872],"tags":[27305,2185,2448,771,662,5211,3743,7758,724,250518,659,3250,230200],"class_list":["post-1070305","post","type-post","status-publish","format-standard","has-post-thumbnail","hentry","category-fashion","tag-27305","tag-arte","tag-celebracion","tag-colombia","tag-cultura","tag-dia-de-muertos","tag-diseno","tag-estilo","tag-eventos","tag-gala-vogue","tag-moda","tag-tradiciones","tag-vogue-gala-de-dia-de-muertos"],"_links":{"self":[{"href":"https:\/\/dimensionturistica.com\/es\/wp-json\/wp\/v2\/posts\/1070305","targetHints":{"allow":["GET"]}}],"collection":[{"href":"https:\/\/dimensionturistica.com\/es\/wp-json\/wp\/v2\/posts"}],"about":[{"href":"https:\/\/dimensionturistica.com\/es\/wp-json\/wp\/v2\/types\/post"}],"author":[{"embeddable":true,"href":"https:\/\/dimensionturistica.com\/es\/wp-json\/wp\/v2\/users\/14"}],"replies":[{"embeddable":true,"href":"https:\/\/dimensionturistica.com\/es\/wp-json\/wp\/v2\/comments?post=1070305"}],"version-history":[{"count":1,"href":"https:\/\/dimensionturistica.com\/es\/wp-json\/wp\/v2\/posts\/1070305\/revisions"}],"predecessor-version":[{"id":1070307,"href":"https:\/\/dimensionturistica.com\/es\/wp-json\/wp\/v2\/posts\/1070305\/revisions\/1070307"}],"wp:featuredmedia":[{"embeddable":true,"href":"https:\/\/dimensionturistica.com\/es\/wp-json\/wp\/v2\/media\/1070306"}],"wp:attachment":[{"href":"https:\/\/dimensionturistica.com\/es\/wp-json\/wp\/v2\/media?parent=1070305"}],"wp:term":[{"taxonomy":"category","embeddable":true,"href":"https:\/\/dimensionturistica.com\/es\/wp-json\/wp\/v2\/categories?post=1070305"},{"taxonomy":"post_tag","embeddable":true,"href":"https:\/\/dimensionturistica.com\/es\/wp-json\/wp\/v2\/tags?post=1070305"}],"curies":[{"name":"wp","href":"https:\/\/api.w.org\/{rel}","templated":true}]}}