{"id":1070261,"date":"2025-11-01T20:39:08","date_gmt":"2025-11-01T20:39:08","guid":{"rendered":"https:\/\/dimensionturistica.com\/es\/?p=1070261"},"modified":"2025-11-01T20:39:08","modified_gmt":"2025-11-01T20:39:08","slug":"marcas-de-belleza-los-looks-mas-impactantes-de-la-semana-2","status":"publish","type":"post","link":"https:\/\/dimensionturistica.com\/es\/marcas-de-belleza-los-looks-mas-impactantes-de-la-semana-2\/","title":{"rendered":"Marcas de Belleza: Los Looks M\u00e1s Impactantes de la Semana"},"content":{"rendered":"<h3>La Revoluci\u00f3n del Maquillaje de Oto\u00f1o: Tendencias que Capturan Miradas<\/h3>\n<p>El oto\u00f1o ha llegado con una explosi\u00f3n de creatividad en el mundo del maquillaje, llevando las tendencias de belleza a nuevos niveles de sofisticaci\u00f3n y originalidad. Esta semana, las pasarelas y las calles han resplandecido con incre\u00edbles looks que est\u00e1n marcando la pauta para la temporada. Desde tonos audaces hasta exploraciones art\u00edsticas, hemos visto una variedad de estilos que merecen toda nuestra atenci\u00f3n.<\/p>\n<h4>Colores Vibrantes y Matices C\u00e1lidos<\/h4>\n<p>Una de las tendencias m\u00e1s destacadas de esta semana es el uso de colores vibrantes. Los tonos c\u00e1lidos, como el terracota y el burdeos, se han adue\u00f1ado de los labios y las mejillas, aportando un aire oto\u00f1al inconfundible. Las marcas de maquillaje est\u00e1n experimentando con f\u00f3rmulas que ofrecen una cobertura intensa y durable, haciendo que la aplicaci\u00f3n sea un placer.<\/p>\n<h4>La Reinventada Mirada Ahumada<\/h4>\n<p>La mirada ahumada, un cl\u00e1sico atemporal, ha sido reinterpretada con un enfoque moderno. Este oto\u00f1o, el look se eleva con la inclusi\u00f3n de destellos met\u00e1licos y sombras en tonos no convencionales. Desde el verde esmeralda hasta el azul profundo, los ojos se convierten en el centro de atenci\u00f3n, brindando un efecto dram\u00e1tico que desaf\u00eda las normas tradicionales.<\/p>\n<h4>Delicadeza en el Piel<\/h4>\n<p>La piel resplandeciente sigue siendo un must en el maquillaje de temporada. Sin embargo, esta semana, la tendencia se ha inclinado hacia un acabado m\u00e1s natural y luminoso. Las bases ligeras y los iluminadores sut\u00edles permiten que la belleza aut\u00e9ntica brille, mientras que los productos multifuncionales est\u00e1n ganando popularidad por su versatilidad y facilidad de uso.<\/p>\n<h4>Accesorios de Belleza: M\u00e1s All\u00e1 del Maquillaje<\/h4>\n<p>No se trata solo de lo que se aplica sobre la piel. Esta temporada, los accesorios de belleza est\u00e1n tomando un papel protag\u00f3nico. Desde brochas dise\u00f1adas para una aplicaci\u00f3n perfecta hasta rizadores de pesta\u00f1as que garantizan un efecto impresionante, los detalles marcan la diferencia. Los consumidores buscan herramientas que no solo sean funcionales, sino tambi\u00e9n est\u00e9ticamente atractivas.<\/p>\n<h4>La Diversidad en las Texturas<\/h4>\n<p>La variedad en las texturas ha cobrado un nuevo significado. Esta semana ha sido testigo de la fusi\u00f3n de cremosos y l\u00edquidos con acabados mates y brillantes. La conversi\u00f3n de productos en texturas in\u00e9ditas ofrece una nueva experiencia al usuario, elevando la aplicaci\u00f3n del maquillaje a un arte interactivo que todos quieren experimentar.<\/p>\n<h4>El Encanto de lo Sutil<\/h4>\n<p>Por \u00faltimo, la tendencia del &#8220;menos es m\u00e1s&#8221; sigue latente. Looks frescos y minimalistas que destacan rasgos naturales se han convertido en una opci\u00f3n popular. El uso de tonos nude y maquillaje sutil brinda una elegancia casual que es perfecta para cualquier ocasi\u00f3n, demostrando que el verdadero estilo reside en la confianza.<\/p>\n<h3>Conclusi\u00f3n<\/h3>\n<p>El maquillaje de esta semana refleja una visi\u00f3n din\u00e1mica y en constante evoluci\u00f3n de lo que significa la belleza en la actualidad. Cada tendencia expone la creatividad del mundo del dise\u00f1o, invitando a todos a explorar y experimentar con sus propias interpretaciones. No hay l\u00edmites, y el oto\u00f1o est\u00e1 aqu\u00ed para recordarnos que, en el juego del maquillaje, los \u00fanicos par\u00e1metros son los de nuestra propia imaginaci\u00f3n.<\/p>\n<p><em> &#8221; Fuentes www.vogue.com &#8221; <\/em><\/p>\n","protected":false},"excerpt":{"rendered":"<p>La Revoluci\u00f3n del Maquillaje de Oto\u00f1o: Tendencias que Capturan Miradas El oto\u00f1o ha llegado con una explosi\u00f3n de creatividad en el mundo del maquillaje, llevando las tendencias de belleza a nuevos niveles de sofisticaci\u00f3n y originalidad. Esta semana, las pasarelas y las calles han resplandecido con incre\u00edbles looks que est\u00e1n marcando la pauta para la [&hellip;]<\/p>\n","protected":false},"author":14,"featured_media":1070262,"comment_status":"open","ping_status":"closed","sticky":false,"template":"","format":"standard","meta":{"om_disable_all_campaigns":false,"jnews-multi-image_gallery":[],"jnews_single_post":[],"jnews_primary_category":[],"jnews_social_meta":[],"footnotes":""},"categories":[144872],"tags":[208639,72867,200773,204028,200440,199483,166,198593,120189,217117,372,373,205534],"class_list":["post-1070261","post","type-post","status-publish","format-standard","has-post-thumbnail","hentry","category-fashion","tag-_votingservice_app","tag-beauty","tag-beauty-inspiration","tag-beauty-marks","tag-beauty-trends","tag-celebrity-looks","tag-fashion","tag-makeup","tag-skincare","tag-storytypenews-trending","tag-style","tag-web","tag-weekly-highlights"],"_links":{"self":[{"href":"https:\/\/dimensionturistica.com\/es\/wp-json\/wp\/v2\/posts\/1070261","targetHints":{"allow":["GET"]}}],"collection":[{"href":"https:\/\/dimensionturistica.com\/es\/wp-json\/wp\/v2\/posts"}],"about":[{"href":"https:\/\/dimensionturistica.com\/es\/wp-json\/wp\/v2\/types\/post"}],"author":[{"embeddable":true,"href":"https:\/\/dimensionturistica.com\/es\/wp-json\/wp\/v2\/users\/14"}],"replies":[{"embeddable":true,"href":"https:\/\/dimensionturistica.com\/es\/wp-json\/wp\/v2\/comments?post=1070261"}],"version-history":[{"count":1,"href":"https:\/\/dimensionturistica.com\/es\/wp-json\/wp\/v2\/posts\/1070261\/revisions"}],"predecessor-version":[{"id":1070263,"href":"https:\/\/dimensionturistica.com\/es\/wp-json\/wp\/v2\/posts\/1070261\/revisions\/1070263"}],"wp:featuredmedia":[{"embeddable":true,"href":"https:\/\/dimensionturistica.com\/es\/wp-json\/wp\/v2\/media\/1070262"}],"wp:attachment":[{"href":"https:\/\/dimensionturistica.com\/es\/wp-json\/wp\/v2\/media?parent=1070261"}],"wp:term":[{"taxonomy":"category","embeddable":true,"href":"https:\/\/dimensionturistica.com\/es\/wp-json\/wp\/v2\/categories?post=1070261"},{"taxonomy":"post_tag","embeddable":true,"href":"https:\/\/dimensionturistica.com\/es\/wp-json\/wp\/v2\/tags?post=1070261"}],"curies":[{"name":"wp","href":"https:\/\/api.w.org\/{rel}","templated":true}]}}