{"id":1070218,"date":"2025-11-01T17:54:27","date_gmt":"2025-11-01T17:54:27","guid":{"rendered":"https:\/\/dimensionturistica.com\/es\/?p=1070218"},"modified":"2025-11-01T17:54:27","modified_gmt":"2025-11-01T17:54:27","slug":"ponant-anuncia-el-nombramiento-de-benoit-etienne-domenget-como-presidente-del-grupo","status":"publish","type":"post","link":"https:\/\/dimensionturistica.com\/es\/ponant-anuncia-el-nombramiento-de-benoit-etienne-domenget-como-presidente-del-grupo\/","title":{"rendered":"PONANT anuncia el nombramiento de\u00a0Beno\u00eet-Etienne Domenget como Presidente del Grupo"},"content":{"rendered":"\n<figure class=\"wp-block-gallery has-nested-images columns-default is-cropped wp-block-gallery-1 is-layout-flex wp-block-gallery-is-layout-flex\">\n<figure class=\"wp-block-image size-large\"><img decoding=\"async\" width=\"474\" height=\"98\" data-id=\"1070219\" src=\"https:\/\/dimensionturistica.com\/es\/wp-content\/uploads\/2025\/11\/5POIN.jpg\" alt=\"\" class=\"wp-image-1070219\" srcset=\"https:\/\/dimensionturistica.com\/es\/wp-content\/uploads\/2025\/11\/5POIN.jpg 474w, https:\/\/dimensionturistica.com\/es\/wp-content\/uploads\/2025\/11\/5POIN-300x62.jpg 300w\" sizes=\"(max-width: 474px) 100vw, 474px\" \/><\/figure>\n<\/figure>\n\n\n\n<p>Beno\u00eet-Etienne Domenget ha sido nombrado Presidente del Grupo, con efecto a partir del 3 de noviembre de 2025. Sucede a&nbsp;Herv\u00e9 Gastinel, quien deja el Grupo para emprender nuevos proyectos profesionales.<\/p>\n\n\n\n<p>Con 25 a\u00f1os de experiencia en hosteler\u00eda, lujo, viajes y turismo, Beno\u00eet-Etienne Domenget tendr\u00e1 la misi\u00f3n de impulsar a\u00fan m\u00e1s&nbsp;el desarrollo internacional del Grupo y consolidar su sello distintivo de excelencia en la hosteler\u00eda,&nbsp;respetando la singular experiencia mar\u00edtima de PONANT y los m\u00e1s altos est\u00e1ndares medioambientales del sector.<\/p>\n\n\n\n<p>Fran\u00e7ois-Henri Pinault declar\u00f3: \u00abMe complace dar la bienvenida a Beno\u00eet-\u00c9tienne Domenget. Su amplia y diversa experiencia&nbsp;y su conocimiento en \u00e1reas estrat\u00e9gicas para nuestra compa\u00f1\u00eda le proporcionar\u00e1n todos los recursos necesarios para convertir a PONANT en un actor a\u00fan m\u00e1s fuerte e innovador en el sector de los cruceros de lujo y responsables. Contar\u00e1 con un equipo de gran talento\u00bb. A\u00f1adi\u00f3: \u00abAgradecemos sinceramente a Herv\u00e9 Gastinel su firme compromiso con el Grupo. Bajo su liderazgo, la flota ha crecido de 12 a 20 barcos, y PONANT ha diversificado con \u00e9xito sus actividades, en particular mediante la entrada en cruceros fluviales y nuevos formatos como el Spirit of Ponant\u00bb.<\/p>\n\n\n\n<p>Acerca de Benoit-\u00cbtienne Domenget<\/p>\n\n\n\n<figure class=\"wp-block-gallery has-nested-images columns-default is-cropped wp-block-gallery-2 is-layout-flex wp-block-gallery-is-layout-flex\">\n<figure class=\"wp-block-image size-large\"><img decoding=\"async\" width=\"500\" height=\"750\" data-id=\"1070220\" src=\"https:\/\/dimensionturistica.com\/es\/wp-content\/uploads\/2025\/11\/1POIN.jpg\" alt=\"\" class=\"wp-image-1070220\" srcset=\"https:\/\/dimensionturistica.com\/es\/wp-content\/uploads\/2025\/11\/1POIN.jpg 500w, https:\/\/dimensionturistica.com\/es\/wp-content\/uploads\/2025\/11\/1POIN-200x300.jpg 200w\" sizes=\"(max-width: 500px) 100vw, 500px\" \/><\/figure>\n<\/figure>\n\n\n\n<p>Graduado de HEC Par\u00eds, Beno\u00eet-\u00c9tienne Domenget comenz\u00f3 su carrera en el Grupo Accor, desempe\u00f1ando diversos cargos operativos antes de ser nombrado Vicepresidente Senior de Desarrollo para Europa, Oriente Medio y \u00c1frica. Posteriormente dirigi\u00f3 la filial suiza de Accor y gestion\u00f3 el negocio de hoteles de bajo coste en la regi\u00f3n DACH, supervisando m\u00e1s de cien propiedades.<\/p>\n\n\n\n<p>Luego se uni\u00f3 a Michel Reybier Hospitality, un grupo propietario de prestigiosos hoteles, vi\u00f1edos y centros de bienestar, antes de ser nombrado en 2017 CEO de Sommet Education (Glion, Les Roches, \u00c9cole Ducasse, Indian School of Hospitality e Invictus Education). Bajo su liderazgo, y especialmente gracias a una s\u00f3lida expansi\u00f3n internacional, Sommet Education se ha consolidado como la red l\u00edder mundial en formaci\u00f3n en gesti\u00f3n hotelera y de lujo.<\/p>\n","protected":false},"excerpt":{"rendered":"<p>Beno\u00eet-Etienne Domenget ha sido nombrado Presidente del Grupo, con efecto a partir del 3 de noviembre de 2025. Sucede a&nbsp;Herv\u00e9 Gastinel, quien deja el Grupo para emprender nuevos proyectos profesionales. Con 25 a\u00f1os de experiencia en hosteler\u00eda, lujo, viajes y turismo, Beno\u00eet-Etienne Domenget tendr\u00e1 la misi\u00f3n de impulsar a\u00fan m\u00e1s&nbsp;el desarrollo internacional del Grupo y [&hellip;]<\/p>\n","protected":false},"author":1,"featured_media":0,"comment_status":"open","ping_status":"closed","sticky":false,"template":"","format":"standard","meta":{"om_disable_all_campaigns":false,"jnews-multi-image_gallery":[],"jnews_single_post":[],"jnews_primary_category":[],"jnews_social_meta":[],"footnotes":""},"categories":[40],"tags":[],"class_list":["post-1070218","post","type-post","status-publish","format-standard","hentry","category-industria"],"_links":{"self":[{"href":"https:\/\/dimensionturistica.com\/es\/wp-json\/wp\/v2\/posts\/1070218","targetHints":{"allow":["GET"]}}],"collection":[{"href":"https:\/\/dimensionturistica.com\/es\/wp-json\/wp\/v2\/posts"}],"about":[{"href":"https:\/\/dimensionturistica.com\/es\/wp-json\/wp\/v2\/types\/post"}],"author":[{"embeddable":true,"href":"https:\/\/dimensionturistica.com\/es\/wp-json\/wp\/v2\/users\/1"}],"replies":[{"embeddable":true,"href":"https:\/\/dimensionturistica.com\/es\/wp-json\/wp\/v2\/comments?post=1070218"}],"version-history":[{"count":1,"href":"https:\/\/dimensionturistica.com\/es\/wp-json\/wp\/v2\/posts\/1070218\/revisions"}],"predecessor-version":[{"id":1070221,"href":"https:\/\/dimensionturistica.com\/es\/wp-json\/wp\/v2\/posts\/1070218\/revisions\/1070221"}],"wp:attachment":[{"href":"https:\/\/dimensionturistica.com\/es\/wp-json\/wp\/v2\/media?parent=1070218"}],"wp:term":[{"taxonomy":"category","embeddable":true,"href":"https:\/\/dimensionturistica.com\/es\/wp-json\/wp\/v2\/categories?post=1070218"},{"taxonomy":"post_tag","embeddable":true,"href":"https:\/\/dimensionturistica.com\/es\/wp-json\/wp\/v2\/tags?post=1070218"}],"curies":[{"name":"wp","href":"https:\/\/api.w.org\/{rel}","templated":true}]}}