{"id":1070208,"date":"2025-11-01T17:37:58","date_gmt":"2025-11-01T17:37:58","guid":{"rendered":"https:\/\/dimensionturistica.com\/es\/?p=1070208"},"modified":"2025-11-01T17:37:58","modified_gmt":"2025-11-01T17:37:58","slug":"con-un-alcance-de-mas-de-315-millones-de-personas-octubre-rosa-busca-hacer-visible-la-importancia-de-la-deteccion-oportuna","status":"publish","type":"post","link":"https:\/\/dimensionturistica.com\/es\/con-un-alcance-de-mas-de-315-millones-de-personas-octubre-rosa-busca-hacer-visible-la-importancia-de-la-deteccion-oportuna\/","title":{"rendered":"Con un alcance de m\u00e1s de 315 millones de personas, \u201cOctubre Rosa\u201d busca hacer visible la importancia de la detecci\u00f3n oportuna."},"content":{"rendered":"\n<figure class=\"wp-block-gallery has-nested-images columns-default is-cropped wp-block-gallery-1 is-layout-flex wp-block-gallery-is-layout-flex\">\n<figure class=\"wp-block-image size-large\"><img decoding=\"async\" width=\"500\" height=\"125\" data-id=\"1070209\" src=\"https:\/\/dimensionturistica.com\/es\/wp-content\/uploads\/2025\/11\/5CANCER.jpg\" alt=\"\" class=\"wp-image-1070209\" srcset=\"https:\/\/dimensionturistica.com\/es\/wp-content\/uploads\/2025\/11\/5CANCER.jpg 500w, https:\/\/dimensionturistica.com\/es\/wp-content\/uploads\/2025\/11\/5CANCER-300x75.jpg 300w\" sizes=\"(max-width: 500px) 100vw, 500px\" \/><\/figure>\n<\/figure>\n\n\n\n<p>Grupo Vallas reafirma su compromiso con las causas sociales al sumar esfuerzos entre todas sus unidades de negocio: VIAVERDE, BioBox y EcoVallas para impulsar la campa\u00f1a \u201cOctubre Rosa\u201d, una iniciativa que busca generar conciencia sobre la importancia de la detecci\u00f3n temprana del c\u00e1ncer de mama.<\/p>\n\n\n\n<p>En M\u00e9xico, el c\u00e1ncer de mama representa un desaf\u00edo importante para la salud de las mujeres. Con aproximadamente 27 mil nuevos casos detectados en 2022, y seg\u00fan la Organizaci\u00f3n Mundial de la Salud, una de cada 12 mujeres enfrentar\u00e1 esta enfermedad a lo largo de su vida. Ante este panorama, la detecci\u00f3n oportuna es esencial para reducir riesgos y salvar vidas.<\/p>\n\n\n\n<figure class=\"wp-block-gallery has-nested-images columns-default is-cropped wp-block-gallery-2 is-layout-flex wp-block-gallery-is-layout-flex\">\n<figure class=\"wp-block-image size-large\"><img decoding=\"async\" width=\"500\" height=\"333\" data-id=\"1070210\" src=\"https:\/\/dimensionturistica.com\/es\/wp-content\/uploads\/2025\/11\/3CANCER.jpg\" alt=\"\" class=\"wp-image-1070210\" srcset=\"https:\/\/dimensionturistica.com\/es\/wp-content\/uploads\/2025\/11\/3CANCER.jpg 500w, https:\/\/dimensionturistica.com\/es\/wp-content\/uploads\/2025\/11\/3CANCER-300x200.jpg 300w\" sizes=\"(max-width: 500px) 100vw, 500px\" \/><\/figure>\n<\/figure>\n\n\n\n<p>Durante todo octubre, la iniciativa estar\u00e1 presente en todas las unidades de negocio de Grupo Vallas, proyectando mensajes claros y contundentes con el objetivo de reforzar la cultura de la detecci\u00f3n. A trav\u00e9s de esta red de pantallas, \u201cOctubre Rosa\u201d alcanzar\u00e1 un promedio mensual de m\u00e1s de 219 millones de impactos vehiculares y m\u00e1s de 315 millones de impactos en personas, amplificando significativamente el mensaje de detecci\u00f3n temprana y autocuidado.<\/p>\n\n\n\n<p>\u201cEn VIAVERDE tenemos la visi\u00f3n de transformar las ciudades en espacios m\u00e1s verdes y saludables, donde el bienestar de las comunidades sea siempre una prioridad. Con \u201cOctubre Rosa\u201d buscamos recordar a miles de personas la importancia de cuidar su salud y actuar a tiempo, porque la detecci\u00f3n temprana salva vidas. Este es un llamado no solo a ver nuestras ciudades de otra manera, sino tambi\u00e9n a vivir con mayor responsabilidad hacia nosotros mismos y hacia quienes nos rodean\u201d, se\u00f1al\u00f3 Fernando Ortiz Monasterio, CEO de VIAVERDE.<\/p>\n\n\n\n<figure class=\"wp-block-gallery has-nested-images columns-default is-cropped wp-block-gallery-3 is-layout-flex wp-block-gallery-is-layout-flex\">\n<figure class=\"wp-block-image size-large\"><img decoding=\"async\" width=\"500\" height=\"750\" data-id=\"1070211\" src=\"https:\/\/dimensionturistica.com\/es\/wp-content\/uploads\/2025\/11\/4CANCER.jpg\" alt=\"\" class=\"wp-image-1070211\" srcset=\"https:\/\/dimensionturistica.com\/es\/wp-content\/uploads\/2025\/11\/4CANCER.jpg 500w, https:\/\/dimensionturistica.com\/es\/wp-content\/uploads\/2025\/11\/4CANCER-200x300.jpg 200w\" sizes=\"(max-width: 500px) 100vw, 500px\" \/><\/figure>\n<\/figure>\n\n\n\n<p>La campa\u00f1a se desarrolla en colaboraci\u00f3n con aliados comprometidos con la salud y el bienestar, entre ellos Fundaci\u00f3n Instituto Natura y Avon, Fundaci\u00f3n CIMA y Hospitales MAC. Cada uno de ellos aporta su experiencia en la promoci\u00f3n de la detecci\u00f3n y la educaci\u00f3n en salud, sumando legitimidad y alcance a la iniciativa.<\/p>\n\n\n\n<p>\u201cEstamos felices de formar parte de esta campa\u00f1a de colaboraci\u00f3n que nos ayuda a llevar el mensaje de autocuidado a m\u00e1s personas, record\u00e1ndonos que hay mucho que s\u00ed podemos hacer para detectar el c\u00e1ncer de mama en etapas tempranas y as\u00ed, cambiar la historia de lo que la enfermedad significar\u00e1 en nuestras vidas y las de los que amamos.\u201d se\u00f1al\u00f3 Eliza Puente, Directora General de Fundaci\u00f3n CIMA.<\/p>\n\n\n\n<figure class=\"wp-block-gallery has-nested-images columns-default is-cropped wp-block-gallery-4 is-layout-flex wp-block-gallery-is-layout-flex\">\n<figure class=\"wp-block-image size-large\"><img decoding=\"async\" width=\"500\" height=\"750\" data-id=\"1070212\" src=\"https:\/\/dimensionturistica.com\/es\/wp-content\/uploads\/2025\/11\/9CANCER.jpg\" alt=\"\" class=\"wp-image-1070212\" srcset=\"https:\/\/dimensionturistica.com\/es\/wp-content\/uploads\/2025\/11\/9CANCER.jpg 500w, https:\/\/dimensionturistica.com\/es\/wp-content\/uploads\/2025\/11\/9CANCER-200x300.jpg 200w\" sizes=\"(max-width: 500px) 100vw, 500px\" \/><\/figure>\n<\/figure>\n\n\n\n<p>Con esta campa\u00f1a, Grupo Vallas refuerza su compromiso de generar un impacto positivo no solo en el entorno urbano, sino tambi\u00e9n en la comunidad, acercando mensajes de detecci\u00f3n &nbsp;y bienestar de manera visual, directa y masiva.<\/p>\n","protected":false},"excerpt":{"rendered":"<p>Grupo Vallas reafirma su compromiso con las causas sociales al sumar esfuerzos entre todas sus unidades de negocio: VIAVERDE, BioBox y EcoVallas para impulsar la campa\u00f1a \u201cOctubre Rosa\u201d, una iniciativa que busca generar conciencia sobre la importancia de la detecci\u00f3n temprana del c\u00e1ncer de mama. En M\u00e9xico, el c\u00e1ncer de mama representa un desaf\u00edo importante [&hellip;]<\/p>\n","protected":false},"author":1,"featured_media":0,"comment_status":"open","ping_status":"closed","sticky":false,"template":"","format":"standard","meta":{"om_disable_all_campaigns":false,"jnews-multi-image_gallery":[],"jnews_single_post":[],"jnews_primary_category":[],"jnews_social_meta":[],"footnotes":""},"categories":[40],"tags":[],"class_list":["post-1070208","post","type-post","status-publish","format-standard","hentry","category-industria"],"_links":{"self":[{"href":"https:\/\/dimensionturistica.com\/es\/wp-json\/wp\/v2\/posts\/1070208","targetHints":{"allow":["GET"]}}],"collection":[{"href":"https:\/\/dimensionturistica.com\/es\/wp-json\/wp\/v2\/posts"}],"about":[{"href":"https:\/\/dimensionturistica.com\/es\/wp-json\/wp\/v2\/types\/post"}],"author":[{"embeddable":true,"href":"https:\/\/dimensionturistica.com\/es\/wp-json\/wp\/v2\/users\/1"}],"replies":[{"embeddable":true,"href":"https:\/\/dimensionturistica.com\/es\/wp-json\/wp\/v2\/comments?post=1070208"}],"version-history":[{"count":1,"href":"https:\/\/dimensionturistica.com\/es\/wp-json\/wp\/v2\/posts\/1070208\/revisions"}],"predecessor-version":[{"id":1070213,"href":"https:\/\/dimensionturistica.com\/es\/wp-json\/wp\/v2\/posts\/1070208\/revisions\/1070213"}],"wp:attachment":[{"href":"https:\/\/dimensionturistica.com\/es\/wp-json\/wp\/v2\/media?parent=1070208"}],"wp:term":[{"taxonomy":"category","embeddable":true,"href":"https:\/\/dimensionturistica.com\/es\/wp-json\/wp\/v2\/categories?post=1070208"},{"taxonomy":"post_tag","embeddable":true,"href":"https:\/\/dimensionturistica.com\/es\/wp-json\/wp\/v2\/tags?post=1070208"}],"curies":[{"name":"wp","href":"https:\/\/api.w.org\/{rel}","templated":true}]}}