{"id":1070149,"date":"2025-11-01T16:01:50","date_gmt":"2025-11-01T16:01:50","guid":{"rendered":"https:\/\/dimensionturistica.com\/es\/?p=1070149"},"modified":"2025-11-01T16:01:50","modified_gmt":"2025-11-01T16:01:50","slug":"pase-refrenda-su-compromiso-con-fucam-con-donativo-por-7-anos-consecutivos","status":"publish","type":"post","link":"https:\/\/dimensionturistica.com\/es\/pase-refrenda-su-compromiso-con-fucam-con-donativo-por-7-anos-consecutivos\/","title":{"rendered":"PASE refrenda su compromiso con FUCAM con donativo por 7 a\u00f1os consecutivos"},"content":{"rendered":"\n<figure class=\"wp-block-gallery has-nested-images columns-default is-cropped wp-block-gallery-1 is-layout-flex wp-block-gallery-is-layout-flex\">\n<figure class=\"wp-block-image size-large\"><img decoding=\"async\" width=\"500\" height=\"223\" data-id=\"1070151\" src=\"https:\/\/dimensionturistica.com\/es\/wp-content\/uploads\/2025\/11\/1PASE.jpg\" alt=\"\" class=\"wp-image-1070151\" srcset=\"https:\/\/dimensionturistica.com\/es\/wp-content\/uploads\/2025\/11\/1PASE.jpg 500w, https:\/\/dimensionturistica.com\/es\/wp-content\/uploads\/2025\/11\/1PASE-300x134.jpg 300w\" sizes=\"(max-width: 500px) 100vw, 500px\" \/><\/figure>\n<\/figure>\n\n\n\n<p>En el Mes de Sensibilizaci\u00f3n sobre el C\u00e1ncer de Mama, PASE refrenda su compromiso con FUCAM (Fundaci\u00f3n de C\u00e1ncer de Mama A.C.), que se encuentra celebrando su 25 aniversario.<\/p>\n\n\n\n<p>Por s\u00e9ptimo a\u00f1o consecutivo, PASE anunci\u00f3 que destinar\u00e1 un porcentaje de las ventas de la edici\u00f3n especial de su Tag Rosa a FUCAM, el cual estar\u00e1 disponible en versi\u00f3n port\u00e1til y calcoman\u00eda. Este apoyo tiene el objetivo de continuar colaborando en la detecci\u00f3n oportuna y tratamiento de dicha enfermedad.<\/p>\n\n\n\n<figure class=\"wp-block-gallery has-nested-images columns-default is-cropped wp-block-gallery-2 is-layout-flex wp-block-gallery-is-layout-flex\">\n<figure class=\"wp-block-image size-large\"><img decoding=\"async\" width=\"500\" height=\"291\" data-id=\"1070154\" src=\"https:\/\/dimensionturistica.com\/es\/wp-content\/uploads\/2025\/11\/88PASE.jpg\" alt=\"\" class=\"wp-image-1070154\" srcset=\"https:\/\/dimensionturistica.com\/es\/wp-content\/uploads\/2025\/11\/88PASE.jpg 500w, https:\/\/dimensionturistica.com\/es\/wp-content\/uploads\/2025\/11\/88PASE-300x175.jpg 300w\" sizes=\"(max-width: 500px) 100vw, 500px\" \/><\/figure>\n<\/figure>\n\n\n\n<p>\u201cLa lucha contra el c\u00e1ncer de mama requiere un compromiso sostenido. Para nosotros, apoyar a FUCAM significa invertir directamente en la salud y el futuro de miles de familias mexicanas. Ver el impacto que esta alianza tiene en la vida de las mujeres es lo que nos motiva a continuar trabajando\u201d, dijo Alexis Res\u00e9ndiz, Director General de PASE.<\/p>\n\n\n\n<p>Desde el inicio de su alianza en 2019, PASE ha destinado m\u00e1s de un mill\u00f3n de pesos acumulados a FUCAM, un fondo que se ha transformado en apoyo directo para miles de mujeres. Estos recursos han sido fundamentales para financiar reconstrucciones mamarias, biopsias, pruebas BRCA (pruebas gen\u00e9ticas para detectar un mayor riesgo de padecer c\u00e1ncer de mama), inmobiliario, mastograf\u00edas y otros tratamientos.<\/p>\n\n\n\n<p>&nbsp;PASE acompa\u00f1\u00f3 a FUCAM en las instalaciones de su unidad m\u00e9dica en Oaxaca, que tiene 9 a\u00f1os trabajando para facilitar los servicios de salud mamaria a mujeres en situaci\u00f3n de vulnerabilidad del sur del pa\u00eds. En el lugar, estuvo presente el Dr. Fernando Guisa Hohenstein, fundador de FUCAM, quien emiti\u00f3 un mensaje de agradecimiento.<\/p>\n\n\n\n<p>\u201cA todo el personal que trabaja en FUCAM, le pido una sola cosa: que trate a las pacientes con cari\u00f1o, con amor; por ello, siempre van a encontrar un ambiente lindo. \u2018Hagamos del c\u00e1ncer de mama la enfermedad del pasado\u2019, ese es nuestro lema\u201d, expres\u00f3 el Dr. Guisa.<\/p>\n\n\n\n<p>Llevando el mensaje a la pista<\/p>\n\n\n\n<figure class=\"wp-block-gallery has-nested-images columns-default is-cropped wp-block-gallery-3 is-layout-flex wp-block-gallery-is-layout-flex\">\n<figure class=\"wp-block-image size-large\"><img decoding=\"async\" width=\"500\" height=\"428\" data-id=\"1070155\" src=\"https:\/\/dimensionturistica.com\/es\/wp-content\/uploads\/2025\/11\/9PAE.jpg\" alt=\"\" class=\"wp-image-1070155\" srcset=\"https:\/\/dimensionturistica.com\/es\/wp-content\/uploads\/2025\/11\/9PAE.jpg 500w, https:\/\/dimensionturistica.com\/es\/wp-content\/uploads\/2025\/11\/9PAE-300x257.jpg 300w\" sizes=\"(max-width: 500px) 100vw, 500px\" \/><\/figure>\n<\/figure>\n\n\n\n<p>Para continuar sumando esfuerzos a favor de la causa, PASE apoy\u00f3 al piloto Lalo de la Cajiga en su ruta hacia la Carrera Panamericana 2025, que se llev\u00f3 a cabo este 12 de octubre. Este a\u00f1o, De la Cajiga don\u00f3 24 mastograf\u00edas a las beneficiarias de FUCAM Oaxaca y corri\u00f3 en un veh\u00edculo de color rosa acompa\u00f1ado de un Tag Rosa, con el objetivo de generar conciencia y recordar a las mujeres la necesidad de la autoexploraci\u00f3n y las revisiones m\u00e9dicas peri\u00f3dicas.<\/p>\n\n\n\n<p>\u201cQuiero agradecer al Dr. Fernando Guisa por abrirme las puertas de FUCAM, porque crey\u00f3 en mi proyecto. Vamos a correr con el coraz\u00f3n, no busco aplausos, no busco trofeos, lo hago por las mujeres\u201d, dijo Lalo de la Cajiga.<\/p>\n\n\n\n<figure class=\"wp-block-gallery has-nested-images columns-default is-cropped wp-block-gallery-4 is-layout-flex wp-block-gallery-is-layout-flex\">\n<figure class=\"wp-block-image size-large\"><img decoding=\"async\" width=\"500\" height=\"333\" data-id=\"1070156\" src=\"https:\/\/dimensionturistica.com\/es\/wp-content\/uploads\/2025\/11\/4PASE.jpg\" alt=\"\" class=\"wp-image-1070156\" srcset=\"https:\/\/dimensionturistica.com\/es\/wp-content\/uploads\/2025\/11\/4PASE.jpg 500w, https:\/\/dimensionturistica.com\/es\/wp-content\/uploads\/2025\/11\/4PASE-300x200.jpg 300w\" sizes=\"(max-width: 500px) 100vw, 500px\" \/><\/figure>\n<\/figure>\n\n\n\n<p>De acuerdo con la Organizaci\u00f3n Panamericana de la Salud (OPS), el c\u00e1ncer de mama es el tipo de c\u00e1ncer m\u00e1s frecuente y la principal causa de muerte por c\u00e1ncer en mujeres en el mundo. Adem\u00e1s, en 2022, se registraron m\u00e1s de 220 mil nuevos diagn\u00f3sticos y casi 60 mil muertes por esta enfermedad en Am\u00e9rica Latina y el Caribe.<\/p>\n\n\n\n<figure class=\"wp-block-gallery has-nested-images columns-default is-cropped wp-block-gallery-5 is-layout-flex wp-block-gallery-is-layout-flex\">\n<figure class=\"wp-block-image size-large\"><img decoding=\"async\" width=\"500\" height=\"311\" data-id=\"1070157\" src=\"https:\/\/dimensionturistica.com\/es\/wp-content\/uploads\/2025\/11\/6PASE.jpg\" alt=\"\" class=\"wp-image-1070157\" srcset=\"https:\/\/dimensionturistica.com\/es\/wp-content\/uploads\/2025\/11\/6PASE.jpg 500w, https:\/\/dimensionturistica.com\/es\/wp-content\/uploads\/2025\/11\/6PASE-300x187.jpg 300w\" sizes=\"(max-width: 500px) 100vw, 500px\" \/><\/figure>\n<\/figure>\n\n\n\n<p>En 2024, se contabilizaron 8,451 defunciones causadas por c\u00e1ncer de mama en M\u00e9xico; de estas, el 99.2% ocurri\u00f3 en mujeres, seg\u00fan el Instituto Nacional de Estad\u00edstica y Geograf\u00eda (INEGI)[1]. Ante estas cifras, iniciativas como las de FUCAM y sus aliados son m\u00e1s cruciales que nunca.<\/p>\n","protected":false},"excerpt":{"rendered":"<p>En el Mes de Sensibilizaci\u00f3n sobre el C\u00e1ncer de Mama, PASE refrenda su compromiso con FUCAM (Fundaci\u00f3n de C\u00e1ncer de Mama A.C.), que se encuentra celebrando su 25 aniversario. Por s\u00e9ptimo a\u00f1o consecutivo, PASE anunci\u00f3 que destinar\u00e1 un porcentaje de las ventas de la edici\u00f3n especial de su Tag Rosa a FUCAM, el cual estar\u00e1 [&hellip;]<\/p>\n","protected":false},"author":1,"featured_media":0,"comment_status":"open","ping_status":"closed","sticky":false,"template":"","format":"standard","meta":{"om_disable_all_campaigns":false,"jnews-multi-image_gallery":[],"jnews_single_post":[],"jnews_primary_category":[],"jnews_social_meta":[],"footnotes":""},"categories":[40],"tags":[],"class_list":["post-1070149","post","type-post","status-publish","format-standard","hentry","category-industria"],"_links":{"self":[{"href":"https:\/\/dimensionturistica.com\/es\/wp-json\/wp\/v2\/posts\/1070149","targetHints":{"allow":["GET"]}}],"collection":[{"href":"https:\/\/dimensionturistica.com\/es\/wp-json\/wp\/v2\/posts"}],"about":[{"href":"https:\/\/dimensionturistica.com\/es\/wp-json\/wp\/v2\/types\/post"}],"author":[{"embeddable":true,"href":"https:\/\/dimensionturistica.com\/es\/wp-json\/wp\/v2\/users\/1"}],"replies":[{"embeddable":true,"href":"https:\/\/dimensionturistica.com\/es\/wp-json\/wp\/v2\/comments?post=1070149"}],"version-history":[{"count":1,"href":"https:\/\/dimensionturistica.com\/es\/wp-json\/wp\/v2\/posts\/1070149\/revisions"}],"predecessor-version":[{"id":1070158,"href":"https:\/\/dimensionturistica.com\/es\/wp-json\/wp\/v2\/posts\/1070149\/revisions\/1070158"}],"wp:attachment":[{"href":"https:\/\/dimensionturistica.com\/es\/wp-json\/wp\/v2\/media?parent=1070149"}],"wp:term":[{"taxonomy":"category","embeddable":true,"href":"https:\/\/dimensionturistica.com\/es\/wp-json\/wp\/v2\/categories?post=1070149"},{"taxonomy":"post_tag","embeddable":true,"href":"https:\/\/dimensionturistica.com\/es\/wp-json\/wp\/v2\/tags?post=1070149"}],"curies":[{"name":"wp","href":"https:\/\/api.w.org\/{rel}","templated":true}]}}