{"id":1070118,"date":"2025-11-01T15:08:47","date_gmt":"2025-11-01T15:08:47","guid":{"rendered":"https:\/\/dimensionturistica.com\/es\/?p=1070118"},"modified":"2025-11-01T15:08:47","modified_gmt":"2025-11-01T15:08:47","slug":"belleza-consciente-para-la-cuenta-regresiva-el-tratamiento-anual-que-prepara-rostro-y-cuerpo-para-brillar-en-las-fiestas-y-siempre","status":"publish","type":"post","link":"https:\/\/dimensionturistica.com\/es\/belleza-consciente-para-la-cuenta-regresiva-el-tratamiento-anual-que-prepara-rostro-y-cuerpo-para-brillar-en-las-fiestas-y-siempre\/","title":{"rendered":"Belleza consciente para la cuenta regresiva: el tratamiento anual que prepara\u00a0rostro y cuerpo para brillar en las fiestas (y siempre)"},"content":{"rendered":"\n<p><\/p>\n\n\n\n<figure class=\"wp-block-gallery has-nested-images columns-default is-cropped wp-block-gallery-1 is-layout-flex wp-block-gallery-is-layout-flex\"><\/figure>\n\n\n\n<figure class=\"wp-block-gallery has-nested-images columns-default is-cropped wp-block-gallery-2 is-layout-flex wp-block-gallery-is-layout-flex\">\n<figure class=\"wp-block-image size-large\"><img decoding=\"async\" width=\"451\" height=\"180\" data-id=\"1070121\" src=\"https:\/\/dimensionturistica.com\/es\/wp-content\/uploads\/2025\/11\/2CIRU.jpg\" alt=\"\" class=\"wp-image-1070121\" srcset=\"https:\/\/dimensionturistica.com\/es\/wp-content\/uploads\/2025\/11\/2CIRU.jpg 451w, https:\/\/dimensionturistica.com\/es\/wp-content\/uploads\/2025\/11\/2CIRU-300x120.jpg 300w\" sizes=\"(max-width: 451px) 100vw, 451px\" \/><\/figure>\n<\/figure>\n\n\n\n<p>La segunda mitad del a\u00f1o siempre invita a planear con anticipaci\u00f3n c\u00f3mo queremos<\/p>\n\n\n\n<p>cerrar el ciclo: con energ\u00eda renovada, con la piel luminosa y el cuerpo en equilibrio, listos<\/p>\n\n\n\n<p>para las celebraciones que se acercan.<\/p>\n\n\n\n<p>Pensando en ese futuro cercano que nos conduce a la temporada de fiestas, el Dr.<\/p>\n\n\n\n<p>Bernardo Goldzweig Hans, director m\u00e9dico de Cl\u00ednica BGH Medicina Est\u00e9tica, comparte<\/p>\n\n\n\n<p>cu\u00e1les son los tratamientos anuales que, de manera sutil y natural, pueden marcar una<\/p>\n\n\n\n<figure class=\"wp-block-gallery has-nested-images columns-default is-cropped wp-block-gallery-3 is-layout-flex wp-block-gallery-is-layout-flex\">\n<figure class=\"wp-block-image size-large\"><img decoding=\"async\" width=\"960\" height=\"440\" data-id=\"1070124\" src=\"https:\/\/dimensionturistica.com\/es\/wp-content\/uploads\/2025\/11\/2af7bf_1fafca3150d54612ac36a2157deb4372mv2.jpg\" alt=\"\" class=\"wp-image-1070124\" srcset=\"https:\/\/dimensionturistica.com\/es\/wp-content\/uploads\/2025\/11\/2af7bf_1fafca3150d54612ac36a2157deb4372mv2.jpg 960w, https:\/\/dimensionturistica.com\/es\/wp-content\/uploads\/2025\/11\/2af7bf_1fafca3150d54612ac36a2157deb4372mv2-300x138.jpg 300w, https:\/\/dimensionturistica.com\/es\/wp-content\/uploads\/2025\/11\/2af7bf_1fafca3150d54612ac36a2157deb4372mv2-768x352.jpg 768w, https:\/\/dimensionturistica.com\/es\/wp-content\/uploads\/2025\/11\/2af7bf_1fafca3150d54612ac36a2157deb4372mv2-750x344.jpg 750w\" sizes=\"(max-width: 960px) 100vw, 960px\" \/><\/figure>\n<\/figure>\n\n\n\n<p>diferencia en el rostro y en el cuerpo, tanto si se aplican por s\u00ed solos como si se combinan<\/p>\n\n\n\n<p>entre s\u00ed.<\/p>\n\n\n\n<p>Para saber c\u00f3mo elegir el mejor tratamiento anual de medicina est\u00e9tica, el Dr. Goldzweig<\/p>\n\n\n\n<p>se\u00f1ala que es fundamental considerar varios aspectos: \u201cNo existe una soluci\u00f3n universal,<\/p>\n\n\n\n<p>porque cada piel y cada cuerpo tienen necesidades distintas. Para elegir bien, es<\/p>\n\n\n\n<p>importante definir los objetivos est\u00e9ticos, tomar en cuenta la edad, el estilo de vida, la<\/p>\n\n\n\n<p>cantidad de da\u00f1o acumulado, entre otros factores. Lo m\u00e1s recomendable es una<\/p>\n\n\n\n<p>valoraci\u00f3n m\u00e9dica integral que permita dise\u00f1ar un plan personalizado, con soluciones<\/p>\n\n\n\n<p>m\u00ednimamente o no invasivas que se complementen entre s\u00ed para obtener resultados<\/p>\n\n\n\n<p>naturales, elegantes y duraderos\u201d.<\/p>\n\n\n\n<p>Para el cuidado facial, el Dr. Bernardo explica que tecnolog\u00edas como Morpheus8, basada<\/p>\n\n\n\n<p>en microneedling y radiofrecuencia fraccionada, permiten estimular de forma profunda<\/p>\n\n\n\n<p>la producci\u00f3n de col\u00e1geno y tensar la piel. Ya sea en el rostro, cuello, brazos, rodillas o<\/p>\n\n\n\n<p>cuerpo, brinda un efecto de firmeza progresivo y natural que se mantiene en el tiempo.<\/p>\n\n\n\n<p>A esto se suma Lumecca, luz pulsada intensa que corrige desde la primera sesi\u00f3n<\/p>\n\n\n\n<p>manchas y enrojecimientos, unificando el tono y devolviendo claridad al cutis. Ambas<\/p>\n\n\n\n<p>opciones por separado ofrecen resultados visibles y elegantes, pero en conjunto, logran<\/p>\n\n\n\n<p>un rostro m\u00e1s revitalizado, ideal para quienes desean despedir el a\u00f1o con frescura y<\/p>\n\n\n\n<p>determinaci\u00f3n.<\/p>\n\n\n\n<figure class=\"wp-block-gallery has-nested-images columns-default is-cropped wp-block-gallery-4 is-layout-flex wp-block-gallery-is-layout-flex\">\n<figure class=\"wp-block-image size-large\"><img decoding=\"async\" width=\"500\" height=\"333\" data-id=\"1070126\" src=\"https:\/\/dimensionturistica.com\/es\/wp-content\/uploads\/2025\/11\/1CIRU.jpg\" alt=\"\" class=\"wp-image-1070126\" srcset=\"https:\/\/dimensionturistica.com\/es\/wp-content\/uploads\/2025\/11\/1CIRU.jpg 500w, https:\/\/dimensionturistica.com\/es\/wp-content\/uploads\/2025\/11\/1CIRU-300x200.jpg 300w\" sizes=\"(max-width: 500px) 100vw, 500px\" \/><figcaption class=\"wp-element-caption\">Pretty woman enjoying radiofrequency lifting procedure for her face skin rejuvenation at cosmetology. RF lifting<\/figcaption><\/figure>\n<\/figure>\n\n\n\n<p>En cuanto al cuerpo, el Dr. BGH recomienda tecnolog\u00edas como Venus Legacy,<\/p>\n\n\n\n<p>radiofrecuencia multipolar, ideal para el tensado de la piel y remodelaci\u00f3n corporal<\/p>\n\n\n\n<p>(como la definici\u00f3n del contorno de la cintura, reducci\u00f3n de flacidez en brazos, piernas e<\/p>\n\n\n\n<p>inclusive en el rostro).<\/p>\n\n\n\n<p>Para el tema de m\u00fasculos, el doctor Bernardo recomienda un tratamiento basado en<\/p>\n\n\n\n<p>energ\u00eda electromagn\u00e9tica focalizada de alta intensidad, para provocar hasta 20 mil<\/p>\n\n\n\n<p>contracciones musculares profundas en abdomen, brazos, gl\u00fateos o piernas, como<\/p>\n\n\n\n<p>resultado: un cuerpo m\u00e1s tonificado y m\u00fasculos m\u00e1s fuertes. Ambas opciones ofrecen<\/p>\n\n\n\n<p>beneficios visibles por separado, pero en combinaci\u00f3n alcanzan un resultado integral de<\/p>\n\n\n\n<p>firmeza y escultura superior.<\/p>\n\n\n\n<p>\u201cLa clave est\u00e1 en anticiparse, definiendo objetivos. Planear con tiempo los procedimientos<\/p>\n\n\n\n<p>que acompa\u00f1en el estilo de vida de cada persona permite que los resultados se<\/p>\n\n\n\n<p>consoliden justo para las fiestas de fin de a\u00f1o, cuando todos buscamos celebrar lo m\u00e1s<\/p>\n\n\n\n<p>aut\u00e9ntico de nosotros mismos\u201d, se\u00f1ala.<\/p>\n\n\n\n<figure class=\"wp-block-gallery has-nested-images columns-default is-cropped wp-block-gallery-5 is-layout-flex wp-block-gallery-is-layout-flex\">\n<figure class=\"wp-block-image size-large\"><img decoding=\"async\" width=\"1024\" height=\"783\" data-id=\"1070127\" src=\"https:\/\/dimensionturistica.com\/es\/wp-content\/uploads\/2025\/11\/Figura-1024x783.jpeg\" alt=\"\" class=\"wp-image-1070127\" srcset=\"https:\/\/dimensionturistica.com\/es\/wp-content\/uploads\/2025\/11\/Figura-1024x783.jpeg 1024w, https:\/\/dimensionturistica.com\/es\/wp-content\/uploads\/2025\/11\/Figura-300x229.jpeg 300w, https:\/\/dimensionturistica.com\/es\/wp-content\/uploads\/2025\/11\/Figura-768x587.jpeg 768w, https:\/\/dimensionturistica.com\/es\/wp-content\/uploads\/2025\/11\/Figura-1536x1174.jpeg 1536w, https:\/\/dimensionturistica.com\/es\/wp-content\/uploads\/2025\/11\/Figura-2048x1565.jpeg 2048w, https:\/\/dimensionturistica.com\/es\/wp-content\/uploads\/2025\/11\/Figura-750x573.jpeg 750w, https:\/\/dimensionturistica.com\/es\/wp-content\/uploads\/2025\/11\/Figura-1140x871.jpeg 1140w\" sizes=\"(max-width: 1024px) 100vw, 1024px\" \/><figcaption class=\"wp-element-caption\">sweaty women body, naked Women&#8217;s press, ABS<\/figcaption><\/figure>\n<\/figure>\n\n\n\n<p>La invitaci\u00f3n propone no esperar al \u00faltimo momento para disfrutar del #EfectoBGH, sino<\/p>\n\n\n\n<p>considerar desde ahora el tratamiento anual que mejor se adapte a cada necesidad, como<\/p>\n\n\n\n<p>un gesto de autocuidado que no solo embellece, sino que tambi\u00e9n acompa\u00f1a de manera<\/p>\n\n\n\n<p>arm\u00f3nica el paso del tiempo.<\/p>\n\n\n\n<p>M\u00e1s informaci\u00f3n:<\/p>\n\n\n\n<p>IG: @doctorbgh \/ FB: @bghmedicinaestetica \/ www.bghmed.com.mx<\/p>\n\n\n\n<p>W. +52 55 1804 9688<\/p>\n\n\n\n<p>Cl\u00ednica BGH M\u00e9dicina Est\u00e9tica Anti-Envejecimiento.<\/p>\n\n\n\n<p>Monte Athos 155 Piso 1 Lom\u00e1s de Chapultepec, Miguel Hidalgo, CDM<\/p>\n","protected":false},"excerpt":{"rendered":"<p>La segunda mitad del a\u00f1o siempre invita a planear con anticipaci\u00f3n c\u00f3mo queremos cerrar el ciclo: con energ\u00eda renovada, con la piel luminosa y el cuerpo en equilibrio, listos para las celebraciones que se acercan. Pensando en ese futuro cercano que nos conduce a la temporada de fiestas, el Dr. Bernardo Goldzweig Hans, director m\u00e9dico [&hellip;]<\/p>\n","protected":false},"author":1,"featured_media":0,"comment_status":"open","ping_status":"closed","sticky":false,"template":"","format":"standard","meta":{"om_disable_all_campaigns":false,"jnews-multi-image_gallery":[],"jnews_single_post":[],"jnews_primary_category":[],"jnews_social_meta":[],"footnotes":""},"categories":[144872],"tags":[],"class_list":["post-1070118","post","type-post","status-publish","format-standard","hentry","category-fashion"],"_links":{"self":[{"href":"https:\/\/dimensionturistica.com\/es\/wp-json\/wp\/v2\/posts\/1070118","targetHints":{"allow":["GET"]}}],"collection":[{"href":"https:\/\/dimensionturistica.com\/es\/wp-json\/wp\/v2\/posts"}],"about":[{"href":"https:\/\/dimensionturistica.com\/es\/wp-json\/wp\/v2\/types\/post"}],"author":[{"embeddable":true,"href":"https:\/\/dimensionturistica.com\/es\/wp-json\/wp\/v2\/users\/1"}],"replies":[{"embeddable":true,"href":"https:\/\/dimensionturistica.com\/es\/wp-json\/wp\/v2\/comments?post=1070118"}],"version-history":[{"count":1,"href":"https:\/\/dimensionturistica.com\/es\/wp-json\/wp\/v2\/posts\/1070118\/revisions"}],"predecessor-version":[{"id":1070128,"href":"https:\/\/dimensionturistica.com\/es\/wp-json\/wp\/v2\/posts\/1070118\/revisions\/1070128"}],"wp:attachment":[{"href":"https:\/\/dimensionturistica.com\/es\/wp-json\/wp\/v2\/media?parent=1070118"}],"wp:term":[{"taxonomy":"category","embeddable":true,"href":"https:\/\/dimensionturistica.com\/es\/wp-json\/wp\/v2\/categories?post=1070118"},{"taxonomy":"post_tag","embeddable":true,"href":"https:\/\/dimensionturistica.com\/es\/wp-json\/wp\/v2\/tags?post=1070118"}],"curies":[{"name":"wp","href":"https:\/\/api.w.org\/{rel}","templated":true}]}}