{"id":1070114,"date":"2025-11-01T14:55:41","date_gmt":"2025-11-01T14:55:41","guid":{"rendered":"https:\/\/dimensionturistica.com\/es\/?p=1070114"},"modified":"2025-11-01T14:55:41","modified_gmt":"2025-11-01T14:55:41","slug":"yalitza-aparicio-brilla-en-los-trajes-mas-sofisticados-para-el-dia-de-muertos-2025","status":"publish","type":"post","link":"https:\/\/dimensionturistica.com\/es\/yalitza-aparicio-brilla-en-los-trajes-mas-sofisticados-para-el-dia-de-muertos-2025\/","title":{"rendered":"Yalitza Aparicio brilla en los trajes m\u00e1s sofisticados para el D\u00eda de Muertos 2025"},"content":{"rendered":"<h3>Yalitza Aparicio: Un Tributo al D\u00eda de Muertos a Trav\u00e9s de la Moda<\/h3>\n<p>El D\u00eda de Muertos es una de las festividades m\u00e1s emblem\u00e1ticas de M\u00e9xico, un momento donde la cultura y la tradici\u00f3n se entrelazan en una celebraci\u00f3n que rinde homenaje a aquellos que han partido. Este a\u00f1o, la destacada actriz Yalitza Aparicio se ha convertido en un \u00edcono de esta conmemoraci\u00f3n, utilizando la moda como veh\u00edculo para preservar y difundir la rica herencia cultural del pa\u00eds.<\/p>\n<h4>Estilo que Resuena con la Tradici\u00f3n<\/h4>\n<p>Yalitza ha capturado la atenci\u00f3n mundial no solo por su talento actoral, sino tambi\u00e9n por su enfoque est\u00e9tico \u00fanico que abraza la herencia ind\u00edgena. En una reciente serie de looks dedicados al D\u00eda de Muertos, Aparicio se ha vestido con trajes que resuenan con los colores vibrantes y la simbolog\u00eda de esta celebraci\u00f3n. Cada atuendo es un homenaje a la riqueza cultural de M\u00e9xico, incorporando bordados tradicionales y textiles aut\u00f3ctonos que evocan un profundo respeto por las ra\u00edces.<\/p>\n<h4>Elementos que Cautivan<\/h4>\n<p>Los dise\u00f1os elegidos por Yalitza son una fusi\u00f3n de modernidad y tradici\u00f3n. Los patrones vistosos capturan tanto la esencia festiva como la solemnidad del d\u00eda. Incorporando calaveras y flores, elementos ic\u00f3nicos de la festividad, su elecci\u00f3n est\u00e9tica refleja un di\u00e1logo entre lo contempor\u00e1neo y lo ancestral. Este enfoque no solo rinde tributo a sus propias ra\u00edces, sino que tambi\u00e9n invita a una reflexi\u00f3n sobre la identidad cultural en el contexto global actual.<\/p>\n<h4>Protagonismo de Autores Locales<\/h4>\n<p>Otro aspecto notable de la selecci\u00f3n de atuendos de Yalitza es su apoyo a dise\u00f1adores y artesanos locales. Al optar por piezas creadas por manos mexicanas, fomenta la sostenibilidad y ayuda a mantener vivas las tradiciones que podr\u00edan perderse con el tiempo. Este acto consciente no solo pone en el centro de atenci\u00f3n el talento nacional, sino que tambi\u00e9n subraya la importancia de valorar y promover la moda como un puente entre la cultura y la econom\u00eda.<\/p>\n<h4>Impacto Visual y Cultural<\/h4>\n<p>La presencia de Yalitza Aparicio en el mundo de la moda no se limita a sus elecciones estil\u00edsticas; su impacto trasciende las pasarelas. Al compartir sus looks en redes sociales, inspira a una nueva generaci\u00f3n a abrazar su identidad cultural y a celebrar sus ra\u00edces con orgullo. Las im\u00e1genes cautivadoras, llenas de color y significado, han resonado en plataformas digitales, creando un fen\u00f3meno viral que impulsa un di\u00e1logo sobre la importancia de la diversidad en la moda.<\/p>\n<h4>La Moda como Veh\u00edculo de Cambio<\/h4>\n<p>En un mundo donde la moda se convierte a menudo en un bien transitorio, Yalitza ha demostrado que puede ser un medio poderoso para contar historias y promover el respeto por la cultura. Al combinar estilo y significado, se establece como un referente que elogia las tradiciones culturales, impulsando as\u00ed una conversaci\u00f3n m\u00e1s amplia sobre la representaci\u00f3n y la apreciaci\u00f3n de la herencia en la moda actual.<\/p>\n<h3>Celebra La Vida a Trav\u00e9s del Estilo<\/h3>\n<p>El D\u00eda de Muertos es una celebraci\u00f3n que invita a reflexionar sobre la vida y la muerte. Este a\u00f1o, la interpretaci\u00f3n de Yalitza Aparicio a trav\u00e9s de la moda se posiciona como una brillante manifestaci\u00f3n de c\u00f3mo la vestimenta puede ser un homenaje a los ancestros mientras se celebra la est\u00e9tica contempor\u00e1nea. A medida que la comunidad se une para conmemorar a sus seres queridos, la influencia de Aparicio seguir\u00e1 resonando, marcando un camino hacia una moda m\u00e1s inclusiva y culturalmente rica. <\/p>\n<h4>\u00danete al homenaje<\/h4>\n<p>La invitaci\u00f3n est\u00e1 abierta: permite que la moda no sea solo una forma de expresi\u00f3n, sino tambi\u00e9n un medio de celebraci\u00f3n y conexi\u00f3n con la cultura que nos envuelve. En este D\u00eda de Muertos, deja que cada prenda cuente una historia y que cada elecci\u00f3n de estilo honre lo que somos y lo que hemos heredado.<\/p>\n<p><em> &#8221; Fuentes www.vogue.mx &#8221; <\/em><\/p>\n","protected":false},"excerpt":{"rendered":"<p>Yalitza Aparicio: Un Tributo al D\u00eda de Muertos a Trav\u00e9s de la Moda El D\u00eda de Muertos es una de las festividades m\u00e1s emblem\u00e1ticas de M\u00e9xico, un momento donde la cultura y la tradici\u00f3n se entrelazan en una celebraci\u00f3n que rinde homenaje a aquellos que han partido. Este a\u00f1o, la destacada actriz Yalitza Aparicio se [&hellip;]<\/p>\n","protected":false},"author":14,"featured_media":1070115,"comment_status":"open","ping_status":"closed","sticky":false,"template":"","format":"standard","meta":{"om_disable_all_campaigns":false,"jnews-multi-image_gallery":[],"jnews_single_post":[],"jnews_primary_category":[],"jnews_social_meta":[],"footnotes":""},"categories":[144872],"tags":[10387,177549,5211,254359,7758,20607,659,2222,217524,21357],"class_list":["post-1070114","post","type-post","status-publish","format-standard","has-post-thumbnail","hentry","category-fashion","tag-celebraciones","tag-cultura-mexicana","tag-dia-de-muertos","tag-dia-de-muertos-2025","tag-estilo","tag-inspiracion","tag-moda","tag-tradicion","tag-vestidos-elegantes","tag-yalitza-aparicio"],"_links":{"self":[{"href":"https:\/\/dimensionturistica.com\/es\/wp-json\/wp\/v2\/posts\/1070114","targetHints":{"allow":["GET"]}}],"collection":[{"href":"https:\/\/dimensionturistica.com\/es\/wp-json\/wp\/v2\/posts"}],"about":[{"href":"https:\/\/dimensionturistica.com\/es\/wp-json\/wp\/v2\/types\/post"}],"author":[{"embeddable":true,"href":"https:\/\/dimensionturistica.com\/es\/wp-json\/wp\/v2\/users\/14"}],"replies":[{"embeddable":true,"href":"https:\/\/dimensionturistica.com\/es\/wp-json\/wp\/v2\/comments?post=1070114"}],"version-history":[{"count":1,"href":"https:\/\/dimensionturistica.com\/es\/wp-json\/wp\/v2\/posts\/1070114\/revisions"}],"predecessor-version":[{"id":1070116,"href":"https:\/\/dimensionturistica.com\/es\/wp-json\/wp\/v2\/posts\/1070114\/revisions\/1070116"}],"wp:featuredmedia":[{"embeddable":true,"href":"https:\/\/dimensionturistica.com\/es\/wp-json\/wp\/v2\/media\/1070115"}],"wp:attachment":[{"href":"https:\/\/dimensionturistica.com\/es\/wp-json\/wp\/v2\/media?parent=1070114"}],"wp:term":[{"taxonomy":"category","embeddable":true,"href":"https:\/\/dimensionturistica.com\/es\/wp-json\/wp\/v2\/categories?post=1070114"},{"taxonomy":"post_tag","embeddable":true,"href":"https:\/\/dimensionturistica.com\/es\/wp-json\/wp\/v2\/tags?post=1070114"}],"curies":[{"name":"wp","href":"https:\/\/api.w.org\/{rel}","templated":true}]}}