{"id":1070092,"date":"2025-11-01T14:10:09","date_gmt":"2025-11-01T14:10:09","guid":{"rendered":"https:\/\/dimensionturistica.com\/es\/?p=1070092"},"modified":"2025-11-01T14:10:09","modified_gmt":"2025-11-01T14:10:09","slug":"ado-impulsa-la-modernizacion-del-transporte-en-chiapas-con-la-transicion-de-occ","status":"publish","type":"post","link":"https:\/\/dimensionturistica.com\/es\/ado-impulsa-la-modernizacion-del-transporte-en-chiapas-con-la-transicion-de-occ\/","title":{"rendered":"ADO impulsa la modernizaci\u00f3n del transporte en Chiapas con la transici\u00f3n de OCC"},"content":{"rendered":"\n<figure class=\"wp-block-gallery has-nested-images columns-default is-cropped wp-block-gallery-1 is-layout-flex wp-block-gallery-is-layout-flex\">\n<figure class=\"wp-block-image size-large\"><img decoding=\"async\" width=\"500\" height=\"281\" data-id=\"1070093\" src=\"https:\/\/dimensionturistica.com\/es\/wp-content\/uploads\/2025\/11\/66ADO.jpg\" alt=\"\" class=\"wp-image-1070093\" srcset=\"https:\/\/dimensionturistica.com\/es\/wp-content\/uploads\/2025\/11\/66ADO.jpg 500w, https:\/\/dimensionturistica.com\/es\/wp-content\/uploads\/2025\/11\/66ADO-300x169.jpg 300w\" sizes=\"(max-width: 500px) 100vw, 500px\" \/><\/figure>\n<\/figure>\n\n\n\n<p>ADO, empresa l\u00edder en transporte terrestre de pasajeros, da un paso decisivo en su estrategia de modernizaci\u00f3n con el inicio del proceso de transici\u00f3n de la marca OCC hacia ADO en el estado de Chiapas. Esta evoluci\u00f3n, que comenz\u00f3 el 17 de octubre con las primeras corridas desde Comit\u00e1n, San Crist\u00f3bal de las Casas y Tuxtla Guti\u00e9rrez con destino a la Ciudad de M\u00e9xico, se implementar\u00e1 de manera gradual hasta cubrir toda la regi\u00f3n hacia finales del a\u00f1o.<\/p>\n\n\n\n<p>Para los pasajeros chiapanecos, esta transici\u00f3n representa una mejora tangible en la experiencia de viaje, gracias a la incorporaci\u00f3n de modernas unidades Irizar i8 Mercedes \u2013 Benz, dise\u00f1adas para ofrecer mayor comodidad, tecnolog\u00eda y seguridad.<\/p>\n\n\n\n<figure class=\"wp-block-gallery has-nested-images columns-default is-cropped wp-block-gallery-2 is-layout-flex wp-block-gallery-is-layout-flex\">\n<figure class=\"wp-block-image size-large\"><img decoding=\"async\" width=\"500\" height=\"251\" data-id=\"1070094\" src=\"https:\/\/dimensionturistica.com\/es\/wp-content\/uploads\/2025\/11\/1TUXTLA.jpg\" alt=\"\" class=\"wp-image-1070094\" srcset=\"https:\/\/dimensionturistica.com\/es\/wp-content\/uploads\/2025\/11\/1TUXTLA.jpg 500w, https:\/\/dimensionturistica.com\/es\/wp-content\/uploads\/2025\/11\/1TUXTLA-300x151.jpg 300w, https:\/\/dimensionturistica.com\/es\/wp-content\/uploads\/2025\/11\/1TUXTLA-360x180.jpg 360w\" sizes=\"(max-width: 500px) 100vw, 500px\" \/><\/figure>\n<\/figure>\n\n\n\n<p>\u201cEste paso representa una nueva etapa en la historia del transporte en Chiapas. Con ADO, fortalecemos nuestro servicio con tecnolog\u00eda de punta, confort y atenci\u00f3n de primera, manteniendo el compromiso que durante a\u00f1os nos ha caracterizado con los usuarios de la regi\u00f3n\u201d. Afirm\u00f3 Arturo Garc\u00eda Miranda, Gerente General de la Regi\u00f3n Chiapas de ADO.<\/p>\n\n\n\n<p>Cada autob\u00fas cuenta con 48 asientos reclinables de alta ergonom\u00eda, sistema de entretenimiento con seis pantallas, audio individual, servicio sanitario y aire acondicionado de \u00faltima generaci\u00f3n, garantizando trayectos m\u00e1s c\u00f3modos, tranquilos y seguros.<\/p>\n\n\n\n<figure class=\"wp-block-gallery has-nested-images columns-default is-cropped wp-block-gallery-3 is-layout-flex wp-block-gallery-is-layout-flex\">\n<figure class=\"wp-block-image size-large\"><img decoding=\"async\" width=\"500\" height=\"253\" data-id=\"1070095\" src=\"https:\/\/dimensionturistica.com\/es\/wp-content\/uploads\/2025\/11\/8ADO.jpg\" alt=\"\" class=\"wp-image-1070095\" srcset=\"https:\/\/dimensionturistica.com\/es\/wp-content\/uploads\/2025\/11\/8ADO.jpg 500w, https:\/\/dimensionturistica.com\/es\/wp-content\/uploads\/2025\/11\/8ADO-300x152.jpg 300w\" sizes=\"(max-width: 500px) 100vw, 500px\" \/><\/figure>\n<\/figure>\n\n\n\n<p>Actualmente, la marca OCC transporta en Chiapas a m\u00e1s de un mill\u00f3n de pasajeros anualmente. Con la llegada de ADO, la compa\u00f1\u00eda mantendr\u00e1 la cobertura de los principales mercados locales y for\u00e1neos, conectando destinos clave como Ciudad de M\u00e9xico, Canc\u00fan, el Puerto de Veracruz, M\u00e9rida, Villahermosa y Coatzacoalcos, e impulsando as\u00ed la movilidad, el turismo y el desarrollo econ\u00f3mico del sureste mexicano.<\/p>\n\n\n\n<p>Con esta iniciativa, ADO reafirma su liderazgo en el transporte de pasajeros y su compromiso con la movilidad moderna y confortable, consolidando su presencia en una de las regiones m\u00e1s importantes del pa\u00eds.<\/p>\n\n\n\n<p><\/p>\n","protected":false},"excerpt":{"rendered":"<p>ADO, empresa l\u00edder en transporte terrestre de pasajeros, da un paso decisivo en su estrategia de modernizaci\u00f3n con el inicio del proceso de transici\u00f3n de la marca OCC hacia ADO en el estado de Chiapas. Esta evoluci\u00f3n, que comenz\u00f3 el 17 de octubre con las primeras corridas desde Comit\u00e1n, San Crist\u00f3bal de las Casas y [&hellip;]<\/p>\n","protected":false},"author":1,"featured_media":0,"comment_status":"open","ping_status":"closed","sticky":false,"template":"","format":"standard","meta":{"om_disable_all_campaigns":false,"jnews-multi-image_gallery":[],"jnews_single_post":{"format":"standard"},"jnews_primary_category":[],"jnews_social_meta":[],"footnotes":""},"categories":[39],"tags":[],"class_list":["post-1070092","post","type-post","status-publish","format-standard","hentry","category-viajes"],"_links":{"self":[{"href":"https:\/\/dimensionturistica.com\/es\/wp-json\/wp\/v2\/posts\/1070092","targetHints":{"allow":["GET"]}}],"collection":[{"href":"https:\/\/dimensionturistica.com\/es\/wp-json\/wp\/v2\/posts"}],"about":[{"href":"https:\/\/dimensionturistica.com\/es\/wp-json\/wp\/v2\/types\/post"}],"author":[{"embeddable":true,"href":"https:\/\/dimensionturistica.com\/es\/wp-json\/wp\/v2\/users\/1"}],"replies":[{"embeddable":true,"href":"https:\/\/dimensionturistica.com\/es\/wp-json\/wp\/v2\/comments?post=1070092"}],"version-history":[{"count":1,"href":"https:\/\/dimensionturistica.com\/es\/wp-json\/wp\/v2\/posts\/1070092\/revisions"}],"predecessor-version":[{"id":1070096,"href":"https:\/\/dimensionturistica.com\/es\/wp-json\/wp\/v2\/posts\/1070092\/revisions\/1070096"}],"wp:attachment":[{"href":"https:\/\/dimensionturistica.com\/es\/wp-json\/wp\/v2\/media?parent=1070092"}],"wp:term":[{"taxonomy":"category","embeddable":true,"href":"https:\/\/dimensionturistica.com\/es\/wp-json\/wp\/v2\/categories?post=1070092"},{"taxonomy":"post_tag","embeddable":true,"href":"https:\/\/dimensionturistica.com\/es\/wp-json\/wp\/v2\/tags?post=1070092"}],"curies":[{"name":"wp","href":"https:\/\/api.w.org\/{rel}","templated":true}]}}