{"id":1070086,"date":"2025-11-01T13:51:54","date_gmt":"2025-11-01T13:51:54","guid":{"rendered":"https:\/\/dimensionturistica.com\/es\/?p=1070086"},"modified":"2025-11-01T13:51:54","modified_gmt":"2025-11-01T13:51:54","slug":"celebracion-del-dia-de-muertos-en-patzcuaro-la-tradicion-resplandece-en-michoacan","status":"publish","type":"post","link":"https:\/\/dimensionturistica.com\/es\/celebracion-del-dia-de-muertos-en-patzcuaro-la-tradicion-resplandece-en-michoacan\/","title":{"rendered":"Celebraci\u00f3n del D\u00eda de Muertos en P\u00e1tzcuaro: La tradici\u00f3n resplandece en Michoac\u00e1n"},"content":{"rendered":"<p><strong>La Magia del D\u00eda de Muertos en P\u00e1tzcuaro: Un Viaje a Trav\u00e9s de la Tradici\u00f3n y la Moda<\/strong><\/p>\n<p>Cada a\u00f1o, en la pintoresca ciudad de P\u00e1tzcuaro, Michoac\u00e1n, se da vida a una de las celebraciones m\u00e1s emblem\u00e1ticas y coloridas de M\u00e9xico: el D\u00eda de Muertos. Esta festividad, reconocida por la UNESCO como Patrimonio Cultural Inmaterial de la Humanidad, es un viaje que trasciende lo ef\u00edmero, conectando a los vivos con los que ya no est\u00e1n y, curiosamente, combina la belleza de la tradici\u00f3n con un sentido de estilo cautivador.<\/p>\n<p><strong>Artesan\u00eda y Estilo: Un Encuentro Cultural<\/strong><\/p>\n<p>P\u00e1tzcuaro se convierte, durante esta \u00e9poca, en un escaparate de artesan\u00edas t\u00edpicas que adornan los altares en honor a los difuntos. Los habitantes de la regi\u00f3n, profundamente enraizados en sus costumbres, aprovechan esta ocasi\u00f3n para mostrar su talento en la elaboraci\u00f3n de calaveras de az\u00facar, flores de cempas\u00fachil y papel picado. Cada pieza es un reflejo de la identidad cultural, un verdadero arte que se envuelve en color y simbolismo.<\/p>\n<p>La moda tambi\u00e9n juega un papel crucial en estas celebraciones, ya que los trajes t\u00edpicos de la regi\u00f3n son un desfile de texturas y patrones. Los huipiles, vestidos bordados a mano, y las prendas coloridas se hacen visibles en cada rinc\u00f3n, aportando un aire festivo y vibrante. Este a\u00f1o, las reinterpretaciones modernas de estos atuendos tradicionales est\u00e1n capturando la atenci\u00f3n de dise\u00f1adores y fashionistas, convirtiendo la vestimenta en una reivindicaci\u00f3n cultural que se vive a diario.<\/p>\n<p><strong>El Ritual del Altares: Una Pasarela de Recuerdos<\/strong><\/p>\n<p>La construcci\u00f3n de los altares es un ritual que va m\u00e1s all\u00e1 de lo espiritual; es una verdadera exhibici\u00f3n de moda ef\u00edmera. Cada elemento colocado tiene su significado. Las veladoras que iluminan el camino hacia el m\u00e1s all\u00e1, las fotograf\u00edas de los seres queridos y, por supuesto, la ofrenda de alimentos que refleja la gastronom\u00eda local, son parte de un pasillo que rinde homenaje a la memoria.<\/p>\n<p>Los asistentes, ataviados con prendas que celebran su herencia cultural, se convierten en los verdaderos protagonistas de esta pasarela templo. La diversidad de estilos se mezcla, desde las faldas largas y coloridas hasta los tocados florales, creando una sinfon\u00eda visual que atrae la mirada de todos.<\/p>\n<p><strong>Un Llamado a Capturar Momentos<\/strong><\/p>\n<p>Cruzarse en las calles de P\u00e1tzcuaro durante el D\u00eda de Muertos es una oportunidad \u00fanica para los amantes de la fotograf\u00eda. Los paisajes nocturnos iluminados por las velas, las risas y los recuerdos compartidos son momentos que no solo se viven, sino que se inmortalizan. Las redes sociales est\u00e1n llenas de im\u00e1genes que capturan esta fusi\u00f3n entre cultura y moda, invitando a que m\u00e1s personas se unan a la celebraci\u00f3n.<\/p>\n<p><strong>Vivo Color y Tradici\u00f3n: Un Estilo que Perdura<\/strong><\/p>\n<p>La influencia del D\u00eda de Muertos se siente m\u00e1s all\u00e1 de las fronteras de Michoac\u00e1n. Designer como Carolina Herrera y Frida Kahlo se han inspirado en lo que esta celebraci\u00f3n representa, generando colecciones que homenajean la cultura mexicana. Este intercambio entre la tradici\u00f3n y el mundo de la moda provoca un di\u00e1logo enriquecedor que invita a reflexionar sobre la identidad y la herencia cultural, convirti\u00e9ndose as\u00ed en una fuente de inspiraci\u00f3n inagotable.<\/p>\n<p>El D\u00eda de Muertos en P\u00e1tzcuaro es, sin duda, un fen\u00f3meno que combina la nostalgia con la celebraci\u00f3n, capturando la atenci\u00f3n de todos aquellos que buscan una profunda conexi\u00f3n con sus ra\u00edces. La magia de esta festividad no solo se encuentra en los altares, sino en cada coraz\u00f3n que decide honrar a sus seres queridos y expresar su identidad a trav\u00e9s de cada prenda, cada detalle y cada recuerdo.<\/p>\n<p><em> &#8221; Fuentes www.vogue.mx &#8221; <\/em><\/p>\n","protected":false},"excerpt":{"rendered":"<p>La Magia del D\u00eda de Muertos en P\u00e1tzcuaro: Un Viaje a Trav\u00e9s de la Tradici\u00f3n y la Moda Cada a\u00f1o, en la pintoresca ciudad de P\u00e1tzcuaro, Michoac\u00e1n, se da vida a una de las celebraciones m\u00e1s emblem\u00e1ticas y coloridas de M\u00e9xico: el D\u00eda de Muertos. Esta festividad, reconocida por la UNESCO como Patrimonio Cultural Inmaterial [&hellip;]<\/p>\n","protected":false},"author":14,"featured_media":1070087,"comment_status":"open","ping_status":"closed","sticky":false,"template":"","format":"standard","meta":{"om_disable_all_campaigns":false,"jnews-multi-image_gallery":[],"jnews_single_post":[],"jnews_primary_category":[],"jnews_social_meta":[],"footnotes":""},"categories":[144872],"tags":[2448,9812,662,5211,5690,6037,16311,54714,2222,7401],"class_list":["post-1070086","post","type-post","status-publish","format-standard","has-post-thumbnail","hentry","category-fashion","tag-celebracion","tag-costumbres","tag-cultura","tag-dia-de-muertos","tag-festividad","tag-michoacan","tag-patzcuaro","tag-recuerdos","tag-tradicion","tag-vidas"],"_links":{"self":[{"href":"https:\/\/dimensionturistica.com\/es\/wp-json\/wp\/v2\/posts\/1070086","targetHints":{"allow":["GET"]}}],"collection":[{"href":"https:\/\/dimensionturistica.com\/es\/wp-json\/wp\/v2\/posts"}],"about":[{"href":"https:\/\/dimensionturistica.com\/es\/wp-json\/wp\/v2\/types\/post"}],"author":[{"embeddable":true,"href":"https:\/\/dimensionturistica.com\/es\/wp-json\/wp\/v2\/users\/14"}],"replies":[{"embeddable":true,"href":"https:\/\/dimensionturistica.com\/es\/wp-json\/wp\/v2\/comments?post=1070086"}],"version-history":[{"count":1,"href":"https:\/\/dimensionturistica.com\/es\/wp-json\/wp\/v2\/posts\/1070086\/revisions"}],"predecessor-version":[{"id":1070088,"href":"https:\/\/dimensionturistica.com\/es\/wp-json\/wp\/v2\/posts\/1070086\/revisions\/1070088"}],"wp:featuredmedia":[{"embeddable":true,"href":"https:\/\/dimensionturistica.com\/es\/wp-json\/wp\/v2\/media\/1070087"}],"wp:attachment":[{"href":"https:\/\/dimensionturistica.com\/es\/wp-json\/wp\/v2\/media?parent=1070086"}],"wp:term":[{"taxonomy":"category","embeddable":true,"href":"https:\/\/dimensionturistica.com\/es\/wp-json\/wp\/v2\/categories?post=1070086"},{"taxonomy":"post_tag","embeddable":true,"href":"https:\/\/dimensionturistica.com\/es\/wp-json\/wp\/v2\/tags?post=1070086"}],"curies":[{"name":"wp","href":"https:\/\/api.w.org\/{rel}","templated":true}]}}