{"id":1069983,"date":"2025-11-01T07:57:23","date_gmt":"2025-11-01T07:57:23","guid":{"rendered":"https:\/\/dimensionturistica.com\/es\/?p=1069983"},"modified":"2025-11-01T07:57:23","modified_gmt":"2025-11-01T07:57:23","slug":"exploraciones-personalizadas-para-conocer-el-mundo","status":"publish","type":"post","link":"https:\/\/dimensionturistica.com\/es\/exploraciones-personalizadas-para-conocer-el-mundo\/","title":{"rendered":"Exploraciones Personalizadas para Conocer el Mundo"},"content":{"rendered":"<h3>Descubre el Mundo a Tu Manera: Viajes a Medida para Una Experiencia \u00danica<\/h3>\n<p>En un mundo donde las opciones de viaje parecen interminables, cada vez m\u00e1s viajeros buscan experiencias personalizadas que se alineen con sus intereses y deseos. La tendencia de los viajes a medida se ha convertido en una f\u00f3rmula ganadora para aquellos que desean explorar el mundo de una forma \u00fanica y aut\u00e9ntica, adapt\u00e1ndose a su estilo de vida y preferencias.<\/p>\n<p>Imagina un viaje que no solo respete tus tiempos y ritmos, sino que est\u00e9 confeccionado totalmente a tu medida. Desde los destinos m\u00e1s emblem\u00e1ticos hasta los m\u00e1s ocultos, los viajes a medida te permiten hacer del itinerario un lienzo en blanco, donde cada experiencia es un trazo personal.<\/p>\n<h4>La Magia de la Personalizaci\u00f3n<\/h4>\n<p>La personalizaci\u00f3n en los viajes va m\u00e1s all\u00e1 de simplemente elegir un destino. Se trata de entender las pasiones y los intereses del viajero. Ya sea que te apasione la gastronom\u00eda, las artes, la naturaleza o la aventura, un viaje a medida se puede dise\u00f1ar con actividades espec\u00edficas que resalten tus gustos. Esto no solo enriquece la experiencia, sino que tambi\u00e9n permite un nivel de conexi\u00f3n m\u00e1s profundo con cada lugar visitado.<\/p>\n<p>Las agencias especializadas son claves en este proceso, ya que tienen la capacidad de ofrecer un servicio detallado desde el momento de la planificaci\u00f3n. Su conocimiento sobre las culturas, tradiciones y peculiaridades de cada destino se traduce en sugerencias acertadas que transforman las expectativas en realidades inolvidables.<\/p>\n<h4>Detr\u00e1s de Cada Destino<\/h4>\n<p>Cada viaje personalizado suele incluir una variedad de experiencias \u00fanicas que suelen escapar a las rutas tur\u00edsticas convencionales. Imagina degustar un plato t\u00edpico en la casa de una familia en un peque\u00f1o pueblo italiano o participar en un taller de cer\u00e1mica en una comunidad artesanal en Jap\u00f3n. Estas interacciones son las que dan vida a un viaje y crean memorias que perduran mucho despu\u00e9s de haber regresado a casa.<\/p>\n<p>Adem\u00e1s, muchos viajeros buscan vivir experiencias que contribuyan al bienestar de las comunidades locales. Optar por tours que promuevan el turismo responsable se ha convertido en una prioridad para quienes desean dejar una huella positiva en los lugares que visitan.<\/p>\n<h4>El Viaje como Reflejo de la Identidad<\/h4>\n<p>Un viaje a medida tambi\u00e9n tiene el poder de reflejar la identidad del viajero. No hay dos personas iguales y, por tanto, no deber\u00eda haber dos viajes iguales. La posibilidad de combinar actividades que van desde la aventura extrema hasta el descanso en una playa paradis\u00edaca permite que cada individuo encuentre su propio equilibrio durante las vacaciones.<\/p>\n<p>Las opciones son pr\u00e1cticamente infinitas: un safari en \u00c1frica, un retiro de yoga en Bali, una traves\u00eda en barco por las islas griegas, o incluso una ruta gastron\u00f3mica por las ciudades m\u00e1s emblem\u00e1ticas de Am\u00e9rica Latina. Cada itinerario se construye para encajar con la narrativa personal del viajero, haciendo del acto de viajar algo profundamente significativo.<\/p>\n<h4>Sostenibilidad en el Viaje<\/h4>\n<p>En el contexto actual, la sostenibilidad se ha convertido en un componente esencial de los viajes. Optar por itinerarios que respeten el medio ambiente y apoyen a las econom\u00edas locales no solo es beneficioso para el planeta, sino que tambi\u00e9n enriquece la experiencia del viajero. Al participar en actividades que preservan la cultura y los recursos naturales, cada aventura se transforma en una forma de contribuir al bien com\u00fan.<\/p>\n<h4>Conclusi\u00f3n<\/h4>\n<p>La era de los viajes a medida ha llegado para quedarse, ofreciendo una alternativa flexible y enriquecedora a los itinerarios est\u00e1ndar. Aprovechar la oportunidad de explorar el mundo con un enfoque m\u00e1s personal puede cambiar la forma en que vemos los destinos y, sobre todo, a nosotros mismos. En un viaje donde cada detalle est\u00e1 pensado exclusivamente para ti, no solo descubrir\u00e1s nuevos lugares, sino que tambi\u00e9n te reencontrar\u00e1s de manera \u00fanica con tus propias pasiones y aspiraciones. As\u00ed que, \u00bfest\u00e1s listo para crear tu propia aventura?<\/p>\n<p><em> &#8221; Sources lamarina.eldiario.es &#8221; <\/em><\/p>\n","protected":false},"excerpt":{"rendered":"<p>Descubre el Mundo a Tu Manera: Viajes a Medida para Una Experiencia \u00danica En un mundo donde las opciones de viaje parecen interminables, cada vez m\u00e1s viajeros buscan experiencias personalizadas que se alineen con sus intereses y deseos. La tendencia de los viajes a medida se ha convertido en una f\u00f3rmula ganadora para aquellos que [&hellip;]<\/p>\n","protected":false},"author":4,"featured_media":1069984,"comment_status":"open","ping_status":"closed","sticky":false,"template":"","format":"standard","meta":{"om_disable_all_campaigns":false,"jnews-multi-image_gallery":[],"jnews_single_post":[],"jnews_primary_category":[],"jnews_social_meta":[],"footnotes":""},"categories":[40],"tags":[233691,707,871,869,854,880,23120,862,844,843,855,850,849,874,875,863,662,840,5952,837,703,883,882,704,881,868,870,3959,56308,872,873,857,865,547,846,856,858,860,861,838,839,853,797,879,705,836,848,866,867,773,847,841,842,831,11141,877,546,859,878,736,719,876,852,851,864,544,706,545,64201,716,845],"class_list":["post-1069983","post","type-post","status-publish","format-standard","has-post-thumbnail","hentry","category-industria","tag-a-medida","tag-actualidad","tag-agenda","tag-agenda-cultural","tag-altea","tag-audios","tag-aventuras","tag-benidorm","tag-benisa","tag-benissa","tag-callossa-den-sarria","tag-calp","tag-calpe","tag-cartelera","tag-cine","tag-costa-blanca","tag-cultura","tag-denia","tag-descubrir","tag-diari","tag-diario","tag-diario-denia","tag-diario-marina-alta","tag-digital","tag-el-tiempo","tag-entrevistas","tag-espectaculos","tag-experiencias","tag-exploracion","tag-festival","tag-festivales","tag-finestrat","tag-informacio","tag-informacion","tag-javea","tag-lalfas-del-pi","tag-la-nucia","tag-la-vila","tag-la-vila-joiosa","tag-marina","tag-marina-alta","tag-moraira","tag-mundo","tag-noticia","tag-noticias","tag-noticies","tag-ondara","tag-online","tag-opinio","tag-opinion","tag-pedreguer","tag-pego","tag-pego-y-les-valls","tag-periodico","tag-personalizacion","tag-poesia","tag-politica","tag-polop","tag-programacion","tag-reportajes","tag-servicios","tag-teatro","tag-teulada","tag-teulada-y-moraira","tag-turisme","tag-turismo","tag-ultima-hora","tag-viajes","tag-viajes-unicos","tag-videos","tag-xabia"],"_links":{"self":[{"href":"https:\/\/dimensionturistica.com\/es\/wp-json\/wp\/v2\/posts\/1069983","targetHints":{"allow":["GET"]}}],"collection":[{"href":"https:\/\/dimensionturistica.com\/es\/wp-json\/wp\/v2\/posts"}],"about":[{"href":"https:\/\/dimensionturistica.com\/es\/wp-json\/wp\/v2\/types\/post"}],"author":[{"embeddable":true,"href":"https:\/\/dimensionturistica.com\/es\/wp-json\/wp\/v2\/users\/4"}],"replies":[{"embeddable":true,"href":"https:\/\/dimensionturistica.com\/es\/wp-json\/wp\/v2\/comments?post=1069983"}],"version-history":[{"count":1,"href":"https:\/\/dimensionturistica.com\/es\/wp-json\/wp\/v2\/posts\/1069983\/revisions"}],"predecessor-version":[{"id":1069985,"href":"https:\/\/dimensionturistica.com\/es\/wp-json\/wp\/v2\/posts\/1069983\/revisions\/1069985"}],"wp:featuredmedia":[{"embeddable":true,"href":"https:\/\/dimensionturistica.com\/es\/wp-json\/wp\/v2\/media\/1069984"}],"wp:attachment":[{"href":"https:\/\/dimensionturistica.com\/es\/wp-json\/wp\/v2\/media?parent=1069983"}],"wp:term":[{"taxonomy":"category","embeddable":true,"href":"https:\/\/dimensionturistica.com\/es\/wp-json\/wp\/v2\/categories?post=1069983"},{"taxonomy":"post_tag","embeddable":true,"href":"https:\/\/dimensionturistica.com\/es\/wp-json\/wp\/v2\/tags?post=1069983"}],"curies":[{"name":"wp","href":"https:\/\/api.w.org\/{rel}","templated":true}]}}