{"id":1069902,"date":"2025-11-01T03:20:20","date_gmt":"2025-11-01T03:20:20","guid":{"rendered":"https:\/\/dimensionturistica.com\/es\/?p=1069902"},"modified":"2025-11-01T03:20:20","modified_gmt":"2025-11-01T03:20:20","slug":"el-trasfondo-de-la-coleccion-que-malva-mostro-en-la-gala-de-dia-de-muertos-2025-en-bogota","status":"publish","type":"post","link":"https:\/\/dimensionturistica.com\/es\/el-trasfondo-de-la-coleccion-que-malva-mostro-en-la-gala-de-dia-de-muertos-2025-en-bogota\/","title":{"rendered":"El trasfondo de la colecci\u00f3n que Malva mostr\u00f3 en la Gala de D\u00eda de Muertos 2025 en Bogot\u00e1."},"content":{"rendered":"<h3>La Fusi\u00f3n de Tradici\u00f3n y Modernidad: La Gala Vogue Colombia y su Deslumbrante Colecci\u00f3n Malva<\/h3>\n<p>La Gala Vogue Colombia ha vuelto a brillar, esta vez con un homenaje excepcional al D\u00eda de Muertos, donde el arte, la moda y la cultura convergen en una celebraci\u00f3n llena de color y significado. Este evento, que se ha convertido en un pilar de la moda colombiana, llev\u00f3 a las pasarelas una colecci\u00f3n que no solo destaca la creatividad de los dise\u00f1adores locales, sino que tambi\u00e9n rinde tributo a una de las tradiciones m\u00e1s emblem\u00e1ticas de Latinoam\u00e9rica.<\/p>\n<h4>Un Escenario de Emoci\u00f3n y Estilo<\/h4>\n<p>El evento se desarroll\u00f3 en un marco espectacular, donde la atm\u00f3sfera vibrante fue complementada por piezas llenas de simbolismo que narraron historias a trav\u00e9s de texturas y dise\u00f1os. La colecci\u00f3n Malva es un reflejo de la riqueza cultural colombiana, donde cada atuendo se convierte en un lienzo que celebra la vida y la memoria. Con matices que evocan tanto la festividad como la solemnidad del D\u00eda de Muertos, esta colecci\u00f3n ha capturado la atenci\u00f3n de aquellos que buscan un look moderno sin perder el respeto a la tradici\u00f3n.<\/p>\n<h4>Dise\u00f1o con Prop\u00f3sito<\/h4>\n<p>Los dise\u00f1adores que participaron en la gala han demostrado una notable habilidad para entrelazar elementos tradicionales con t\u00e9cnicas contempor\u00e1neas. Inspirados por la iconograf\u00eda del D\u00eda de Muertos, los trajes exhiben bordados intricados y patrones que reverberan con la herencia cultural. Vestidos fluidos, trajes de sastre reinventados y accesorios llamativos se adue\u00f1aron de la pasarela, creando una experiencia visual que no solo se observa, sino que se siente.<\/p>\n<h4>La Importancia de la Inclusividad<\/h4>\n<p>Una de las claves del \u00e9xito de este evento es su enfoque en la inclusi\u00f3n y la diversidad. La Gala Vogue Colombia ha dado espacio a modelos de diferentes or\u00edgenes y caracter\u00edsticas, reflejando una realidad en la que todos pueden verse representados. Este compromiso de fomentar la diversidad no solo impacta la moda, sino tambi\u00e9n la percepci\u00f3n colectiva sobre la belleza y el estilo, vibrando con las voces de la nueva generaci\u00f3n.<\/p>\n<h4>Un Impacto Social Imperecedero<\/h4>\n<p>La Gala no solo se limita a ser un espect\u00e1culo de moda; tambi\u00e9n busca generar conciencia sobre la importancia de preservar las tradiciones. A trav\u00e9s de su tem\u00e1tica, promueve la discusi\u00f3n sobre el valor de la memoria cultural, invitando a los asistentes y espectadores a reflexionar sobre sus propias ra\u00edces y a celebrar la identidad. En un mundo donde la globalizaci\u00f3n tiende a diluir las particularidades culturales, este tipo de iniciativas se posicionan como un faro que ilumina la riqueza del patrimonio latinoamericano.<\/p>\n<h4>La Celebraci\u00f3n de la Vida y la Muerte<\/h4>\n<p>El D\u00eda de Muertos es, sin duda, uno de los homenajes m\u00e1s hermosos que la cultura puede ofrecer. En esta gala, la muerte se reinterpret\u00f3 como una celebraci\u00f3n llena de color, amor y alegr\u00eda. La colecci\u00f3n Malva sirvi\u00f3 como un recordatorio de que honrar a los que han partido no significa solo tristeza, sino una oportunidad de conectar y revivir memorias a trav\u00e9s de la moda.<\/p>\n<p>La Gala Vogue Colombia, con su colecci\u00f3n Malva y su presentaci\u00f3n sublime, contin\u00faa siendo una fuente de inspiraci\u00f3n y un catalizador de cambio dentro de la industria de la moda. Sin duda, marca un hito en la representaci\u00f3n cultural, la creatividad y la innovaci\u00f3n, dejando una huella indeleble en la historia de la moda en el pa\u00eds. Sin lugar a dudas, la combinaci\u00f3n de tradici\u00f3n y modernidad es la clave para seguir sorprendi\u00e9ndonos en futuros eventos.<\/p>\n<p><em> &#8221; Fuentes www.vogue.mx &#8221; <\/em><\/p>\n","protected":false},"excerpt":{"rendered":"<p>La Fusi\u00f3n de Tradici\u00f3n y Modernidad: La Gala Vogue Colombia y su Deslumbrante Colecci\u00f3n Malva La Gala Vogue Colombia ha vuelto a brillar, esta vez con un homenaje excepcional al D\u00eda de Muertos, donde el arte, la moda y la cultura convergen en una celebraci\u00f3n llena de color y significado. Este evento, que se ha [&hellip;]<\/p>\n","protected":false},"author":14,"featured_media":1069903,"comment_status":"open","ping_status":"closed","sticky":false,"template":"","format":"standard","meta":{"om_disable_all_campaigns":false,"jnews-multi-image_gallery":[],"jnews_single_post":[],"jnews_primary_category":[],"jnews_social_meta":[],"footnotes":""},"categories":[144872],"tags":[27305,1839,17674,771,662,5211,3743,255438,182277,659,31385,230200],"class_list":["post-1069902","post","type-post","status-publish","format-standard","has-post-thumbnail","hentry","category-fashion","tag-27305","tag-bogota","tag-coleccion","tag-colombia","tag-cultura","tag-dia-de-muertos","tag-diseno","tag-gala-vogue-colombia","tag-malva","tag-moda","tag-significado","tag-vogue-gala-de-dia-de-muertos"],"_links":{"self":[{"href":"https:\/\/dimensionturistica.com\/es\/wp-json\/wp\/v2\/posts\/1069902","targetHints":{"allow":["GET"]}}],"collection":[{"href":"https:\/\/dimensionturistica.com\/es\/wp-json\/wp\/v2\/posts"}],"about":[{"href":"https:\/\/dimensionturistica.com\/es\/wp-json\/wp\/v2\/types\/post"}],"author":[{"embeddable":true,"href":"https:\/\/dimensionturistica.com\/es\/wp-json\/wp\/v2\/users\/14"}],"replies":[{"embeddable":true,"href":"https:\/\/dimensionturistica.com\/es\/wp-json\/wp\/v2\/comments?post=1069902"}],"version-history":[{"count":1,"href":"https:\/\/dimensionturistica.com\/es\/wp-json\/wp\/v2\/posts\/1069902\/revisions"}],"predecessor-version":[{"id":1069904,"href":"https:\/\/dimensionturistica.com\/es\/wp-json\/wp\/v2\/posts\/1069902\/revisions\/1069904"}],"wp:featuredmedia":[{"embeddable":true,"href":"https:\/\/dimensionturistica.com\/es\/wp-json\/wp\/v2\/media\/1069903"}],"wp:attachment":[{"href":"https:\/\/dimensionturistica.com\/es\/wp-json\/wp\/v2\/media?parent=1069902"}],"wp:term":[{"taxonomy":"category","embeddable":true,"href":"https:\/\/dimensionturistica.com\/es\/wp-json\/wp\/v2\/categories?post=1069902"},{"taxonomy":"post_tag","embeddable":true,"href":"https:\/\/dimensionturistica.com\/es\/wp-json\/wp\/v2\/tags?post=1069902"}],"curies":[{"name":"wp","href":"https:\/\/api.w.org\/{rel}","templated":true}]}}