{"id":1069716,"date":"2025-10-31T19:57:54","date_gmt":"2025-10-31T19:57:54","guid":{"rendered":"https:\/\/dimensionturistica.com\/es\/?p=1069716"},"modified":"2025-10-31T19:57:54","modified_gmt":"2025-10-31T19:57:54","slug":"il-becco-da-la-bienvenida-al-chef-mario-arredondo-como-nuevo-lider-culinario","status":"publish","type":"post","link":"https:\/\/dimensionturistica.com\/es\/il-becco-da-la-bienvenida-al-chef-mario-arredondo-como-nuevo-lider-culinario\/","title":{"rendered":"Il Becco da la bienvenida al chef Mario Arredondo como nuevo l\u00edder culinario"},"content":{"rendered":"\n<p><\/p>\n\n\n\n<figure class=\"wp-block-gallery has-nested-images columns-default is-cropped wp-block-gallery-1 is-layout-flex wp-block-gallery-is-layout-flex\">\n<figure class=\"wp-block-image size-large\"><img decoding=\"async\" width=\"300\" height=\"216\" data-id=\"1069717\" src=\"https:\/\/dimensionturistica.com\/es\/wp-content\/uploads\/2025\/10\/1FOUR-1.jpg\" alt=\"\" class=\"wp-image-1069717\" srcset=\"https:\/\/dimensionturistica.com\/es\/wp-content\/uploads\/2025\/10\/1FOUR-1.jpg 300w, https:\/\/dimensionturistica.com\/es\/wp-content\/uploads\/2025\/10\/1FOUR-1-120x86.jpg 120w\" sizes=\"(max-width: 300px) 100vw, 300px\" \/><\/figure>\n<\/figure>\n\n\n\n<p>Il Becco, el reconocido restaurante italiano de Four Seasons Hotel Ciudad de M\u00e9xico, inicia una nueva etapa bajo la direcci\u00f3n del chef Mario Arredondo, quien llega tras una exitosa trayectoria en Four Seasons Orlando. Su incorporaci\u00f3n marca un nuevo cap\u00edtulo en la historia de Il Becco, reforzando su lugar como referente de la cocina italiana en M\u00e9xico.<\/p>\n\n\n\n<p>Una trayectoria internacional con visi\u00f3n italiana<\/p>\n\n\n\n<figure class=\"wp-block-gallery has-nested-images columns-default is-cropped wp-block-gallery-2 is-layout-flex wp-block-gallery-is-layout-flex\">\n<figure class=\"wp-block-image size-large\"><img decoding=\"async\" width=\"500\" height=\"333\" data-id=\"1069718\" src=\"https:\/\/dimensionturistica.com\/es\/wp-content\/uploads\/2025\/10\/2FOUR.jpg\" alt=\"\" class=\"wp-image-1069718\" srcset=\"https:\/\/dimensionturistica.com\/es\/wp-content\/uploads\/2025\/10\/2FOUR.jpg 500w, https:\/\/dimensionturistica.com\/es\/wp-content\/uploads\/2025\/10\/2FOUR-300x200.jpg 300w\" sizes=\"(max-width: 500px) 100vw, 500px\" \/><\/figure>\n<\/figure>\n\n\n\n<p>Para Arredondo, su llegada a Il Becco representa \u201cuna culminaci\u00f3n y un nuevo comienzo\u201d. Tras una s\u00f3lida experiencia internacional, el chef busca llevar la propuesta del restaurante a un nivel que combine respeto por la tradici\u00f3n con apertura a la innovaci\u00f3n.<\/p>\n\n\n\n<p>\u201cDentro de la cocina me inspira la posibilidad de sorprender al comensal con combinaciones honestas pero inesperadas. Fuera de ella, los viajes, el arte y las conversaciones genuinas despiertan nuevas ideas\u201d, comparte.<\/p>\n\n\n\n<p>Su filosof\u00eda se centra en que el ingrediente sea siempre el protagonista: \u201cel respeto por su origen y temporada es el primer paso para crear un gran plato\u201d.<\/p>\n\n\n\n<figure class=\"wp-block-gallery has-nested-images columns-default is-cropped wp-block-gallery-3 is-layout-flex wp-block-gallery-is-layout-flex\">\n<figure class=\"wp-block-image size-large\"><img decoding=\"async\" width=\"480\" height=\"320\" data-id=\"1069719\" src=\"https:\/\/dimensionturistica.com\/es\/wp-content\/uploads\/2025\/10\/3FOUR-1.jpg\" alt=\"\" class=\"wp-image-1069719\" srcset=\"https:\/\/dimensionturistica.com\/es\/wp-content\/uploads\/2025\/10\/3FOUR-1.jpg 480w, https:\/\/dimensionturistica.com\/es\/wp-content\/uploads\/2025\/10\/3FOUR-1-300x200.jpg 300w\" sizes=\"(max-width: 480px) 100vw, 480px\" \/><\/figure>\n<\/figure>\n\n\n\n<p>Visi\u00f3n para Il Becco y el comensal<\/p>\n\n\n\n<p>El nuevo chef busca que cada experiencia en Il Becco sea un viaje sensorial hacia Italia:<\/p>\n\n\n\n<p>\u201cQuiero que el comensal sienta que est\u00e1 viviendo Italia a trav\u00e9s de cada bocado, con sabores que transmiten historia, territorio y emoci\u00f3n.\u201d<\/p>\n\n\n\n<p>Para lograrlo, asegura que nunca faltar\u00e1n tres pilares en su cocina: disciplina, trabajo en equipo y profundo respeto por el producto. Si tuviera que describir su propuesta, en una palabra, esa ser\u00eda \u201cfineza\u201d.<\/p>\n\n\n\n<figure class=\"wp-block-gallery has-nested-images columns-default is-cropped wp-block-gallery-4 is-layout-flex wp-block-gallery-is-layout-flex\">\n<figure class=\"wp-block-image size-large\"><img decoding=\"async\" width=\"500\" height=\"750\" data-id=\"1069720\" src=\"https:\/\/dimensionturistica.com\/es\/wp-content\/uploads\/2025\/10\/7FOUR.jpg\" alt=\"\" class=\"wp-image-1069720\" srcset=\"https:\/\/dimensionturistica.com\/es\/wp-content\/uploads\/2025\/10\/7FOUR.jpg 500w, https:\/\/dimensionturistica.com\/es\/wp-content\/uploads\/2025\/10\/7FOUR-200x300.jpg 200w\" sizes=\"(max-width: 500px) 100vw, 500px\" \/><\/figure>\n<\/figure>\n\n\n\n<p>El encanto de la cocina italiana<\/p>\n\n\n\n<p>Para Arredondo, lo que hace \u00fanica a la cocina italiana es su pureza: \u201cLa cocina italiana no esconde al ingrediente, lo celebra. Su sencillez aparente esconde una profundidad de t\u00e9cnica y cultura que me fascina.\u201d<\/p>\n\n\n\n<p>Esta visi\u00f3n ser\u00e1 la gu\u00eda de su propuesta en Il Becco, respetando lo esencial y elevando lo aut\u00e9ntico.<\/p>\n\n\n\n<p>Il Becco &#8211; Four Seasons Hotel Ciudad de M\u00e9xico<\/p>\n\n\n\n<p>Frescura y respeto por la tierra<\/p>\n\n\n\n<figure class=\"wp-block-gallery has-nested-images columns-default is-cropped wp-block-gallery-5 is-layout-flex wp-block-gallery-is-layout-flex\">\n<figure class=\"wp-block-image size-large\"><img decoding=\"async\" width=\"480\" height=\"720\" data-id=\"1069721\" src=\"https:\/\/dimensionturistica.com\/es\/wp-content\/uploads\/2025\/10\/11FOUR.jpg\" alt=\"\" class=\"wp-image-1069721\" srcset=\"https:\/\/dimensionturistica.com\/es\/wp-content\/uploads\/2025\/10\/11FOUR.jpg 480w, https:\/\/dimensionturistica.com\/es\/wp-content\/uploads\/2025\/10\/11FOUR-200x300.jpg 200w\" sizes=\"(max-width: 480px) 100vw, 480px\" \/><\/figure>\n<\/figure>\n\n\n\n<p>La cocina de Il Becco se enriquece con alimentos frescos obtenidos a trav\u00e9s de su alianza con Arca Tierra, una iniciativa que conecta a restaurantes con agricultores regenerativos. Para Arredondo, estas colaboraciones son esenciales porque aseguran ingredientes de temporada, cultivados de manera responsable y con una relaci\u00f3n directa con quienes los producen.<\/p>\n\n\n\n<p>Arca Tierra &#8211; Xochimilco, Ciudad de M\u00e9xico<\/p>\n\n\n\n<p>\u201cCada plato cuenta una historia que empieza en la tierra. Trabajar con quienes la cuidan para las pr\u00f3ximas generaciones es un lujo real. Conocer a los productores cambia la forma de cocinar; no es solo un producto, es el resultado de su esfuerzo y pasi\u00f3n\u201d, se\u00f1ala.<\/p>\n\n\n\n<figure class=\"wp-block-gallery has-nested-images columns-default is-cropped wp-block-gallery-6 is-layout-flex wp-block-gallery-is-layout-flex\">\n<figure class=\"wp-block-image size-large\"><img decoding=\"async\" width=\"500\" height=\"625\" data-id=\"1069722\" src=\"https:\/\/dimensionturistica.com\/es\/wp-content\/uploads\/2025\/10\/5FOUR.jpg\" alt=\"\" class=\"wp-image-1069722\" srcset=\"https:\/\/dimensionturistica.com\/es\/wp-content\/uploads\/2025\/10\/5FOUR.jpg 500w, https:\/\/dimensionturistica.com\/es\/wp-content\/uploads\/2025\/10\/5FOUR-240x300.jpg 240w\" sizes=\"(max-width: 500px) 100vw, 500px\" \/><\/figure>\n<\/figure>\n\n\n\n<p>Con esta visi\u00f3n, Il Becco reafirma su compromiso de ofrecer una cocina que honra tanto al producto como a quienes lo cultivan, llevando a la mesa una propuesta italiana que se distingue por su fineza, autenticidad y respeto por la tierra.<\/p>\n\n\n\n<p>Detalles de inter\u00e9s<\/p>\n\n\n\n<p>Restaurante: Il Becco, Four Seasons Hotel Ciudad de M\u00e9xico<\/p>\n\n\n\n<p>Direcci\u00f3n: Paseo de la Reforma 500, Col. Ju\u00e1rez, CDMX<\/p>\n\n\n\n<p>Horario: todos los d\u00edas de 1:00 p.m. a 11:00 p.m.<\/p>\n","protected":false},"excerpt":{"rendered":"<p>Il Becco, el reconocido restaurante italiano de Four Seasons Hotel Ciudad de M\u00e9xico, inicia una nueva etapa bajo la direcci\u00f3n del chef Mario Arredondo, quien llega tras una exitosa trayectoria en Four Seasons Orlando. Su incorporaci\u00f3n marca un nuevo cap\u00edtulo en la historia de Il Becco, reforzando su lugar como referente de la cocina italiana [&hellip;]<\/p>\n","protected":false},"author":1,"featured_media":0,"comment_status":"open","ping_status":"closed","sticky":false,"template":"","format":"standard","meta":{"om_disable_all_campaigns":false,"jnews-multi-image_gallery":[],"jnews_single_post":[],"jnews_primary_category":[],"jnews_social_meta":[],"footnotes":""},"categories":[43],"tags":[],"class_list":["post-1069716","post","type-post","status-publish","format-standard","hentry","category-gourmet"],"_links":{"self":[{"href":"https:\/\/dimensionturistica.com\/es\/wp-json\/wp\/v2\/posts\/1069716","targetHints":{"allow":["GET"]}}],"collection":[{"href":"https:\/\/dimensionturistica.com\/es\/wp-json\/wp\/v2\/posts"}],"about":[{"href":"https:\/\/dimensionturistica.com\/es\/wp-json\/wp\/v2\/types\/post"}],"author":[{"embeddable":true,"href":"https:\/\/dimensionturistica.com\/es\/wp-json\/wp\/v2\/users\/1"}],"replies":[{"embeddable":true,"href":"https:\/\/dimensionturistica.com\/es\/wp-json\/wp\/v2\/comments?post=1069716"}],"version-history":[{"count":1,"href":"https:\/\/dimensionturistica.com\/es\/wp-json\/wp\/v2\/posts\/1069716\/revisions"}],"predecessor-version":[{"id":1069723,"href":"https:\/\/dimensionturistica.com\/es\/wp-json\/wp\/v2\/posts\/1069716\/revisions\/1069723"}],"wp:attachment":[{"href":"https:\/\/dimensionturistica.com\/es\/wp-json\/wp\/v2\/media?parent=1069716"}],"wp:term":[{"taxonomy":"category","embeddable":true,"href":"https:\/\/dimensionturistica.com\/es\/wp-json\/wp\/v2\/categories?post=1069716"},{"taxonomy":"post_tag","embeddable":true,"href":"https:\/\/dimensionturistica.com\/es\/wp-json\/wp\/v2\/tags?post=1069716"}],"curies":[{"name":"wp","href":"https:\/\/api.w.org\/{rel}","templated":true}]}}